{"id":1683,"date":"2018-03-24T12:50:46","date_gmt":"2018-03-24T11:50:46","guid":{"rendered":"http:\/\/www.franciszek-walcz.pl\/?p=1683"},"modified":"2018-03-24T12:50:46","modified_gmt":"2018-03-24T11:50:46","slug":"miedzy-palma-a-krzyzem","status":"publish","type":"post","link":"http:\/\/www.franciszek-walcz.pl\/?p=1683","title":{"rendered":"Mi\u0119dzy palm\u0105 a krzy\u017cem"},"content":{"rendered":"<p>Po\u015bwi\u0119cenie palm na pami\u0105tk\u0119 wjazdu Jezusa do Jerozolimy i Jego M\u0119k\u0119. Dwa bardzo kontrastuj\u0105ce ze sob\u0105 wydarzenia.<\/p>\n<p><strong>Uroczysty wjazd Jezusa do Jerozolimy. <\/strong>Ludzie zgotowali Mu niemal kr\u00f3lewskie powitanie. Palmy i p\u0142aszcze rzucane pod nogi Mesjasza wje\u017cd\u017caj\u0105cego na o\u015bl\u0119ciu robi\u0105 wra\u017cenie. <strong>Drugie natomiast wydarzenie jest inne w swej wymowie.<\/strong> Kilka dni p\u00f3\u017aniej Jezus jest traktowany zupe\u0142nie inaczej. Ma przeciwko sobie faryzeuszy i saduceuszy, kt\u00f3rzy podburzaj\u0105 ludzi.<\/p>\n<p><strong>Warto w tym miejscu zwr\u00f3ci\u0107 uwag\u0119 na nasze, moje i Twoje, podej\u015bcie do Jezusa, nasz\u0105 niesta\u0142o\u015b\u0107 uczu\u0107 wobec Niego.<\/strong> Czasem w przyp\u0142ywie emocji, kiedy czujemy si\u0119 dobrze, kiedy ca\u0142kiem nie\u017ale uk\u0142ada si\u0119 w naszym \u017cyciu, jeste\u015bmy jak ci, kt\u00f3rzy witali Go wje\u017cd\u017caj\u0105cego do Jerozolimy. Z kolei, kiedy w naszym \u017cyciu uk\u0142ada si\u0119 nie po naszej my\u015bli, prze\u017cywamy k\u0142opoty, nawet cierpienie, to niejednokrotnie sadzamy Go na \u0142awie oskar\u017conych, bo to On jest winien naszych nieszcz\u0119\u015b\u0107, to On jest odpowiedzialny za nasze cierpienie. Warto sobie u\u015bwiadomi\u0107, \u017ce jeste\u015bmy zdolni do uwielbienia Boga, ale tak\u017ce do tego, \u017ceby Go oskar\u017cy\u0107, doprowadzi\u0107 do Jego ukrzy\u017cowania.<\/p>\n<p><strong>Wchodzimy w prze\u017cywanie Wielkiego Tygodnia.<\/strong> Za kilka dni \u00a0b\u0119dziemy prze\u017cywa\u0107 najwi\u0119ksze tajemnice naszej wiary. Chocia\u017c sformu\u0142owanie \u201etajemnice naszej wiary\u201d brzmi bardzo sucho , to jednak gdy si\u0119 w to wszystko zag\u0142\u0119bi\u0107, to oka\u017ce si\u0119, i\u017c owo stwierdzenie sprowadza si\u0119 do tajemnicy mi\u0142o\u015bci Boga do cz\u0142owieka, do ka\u017cdego z nas. Tajemnic\u0105 \u00a0jest to, dlaczego B\u00f3g nas kocha. Dlaczego si\u0119 tak totalnie poni\u017ca, a\u017c do ogo\u0142ocenia ze wszystkiego, skoro my jeste\u015bmy grzesznikami? Jednak\u017ce tej zagadki, tej tajemnicy nie musimy rozwi\u0105zywa\u0107. Naszym zadaniem jest odkrycie i przyj\u0119cie darmo nam danej mi\u0142o\u015bci. Niech kolejny Wielki Tydzie\u0144, kt\u00f3ry dzisiaj rozpoczynamy pomo\u017ce nam j\u0105 odkry\u0107 i niech na nowo rozpali w nas mi\u0142o\u015b\u0107, kt\u00f3ra b\u0119dzie w stanie odpowiedzie\u0107 Bogu na Jego zbawcze zaanga\u017cowanie w Jezusie Chrystusie.<\/p>\n","protected":false},"excerpt":{"rendered":"<p>Po\u015bwi\u0119cenie palm na pami\u0105tk\u0119 wjazdu Jezusa do Jerozolimy i Jego M\u0119k\u0119. Dwa bardzo kontrastuj\u0105ce ze sob\u0105 wydarzenia. Uroczysty wjazd Jezusa do Jerozolimy. Ludzie zgotowali Mu niemal kr\u00f3lewskie powitanie. Palmy i p\u0142aszcze rzucane pod nogi Mesjasza wje\u017cd\u017caj\u0105cego na o\u015bl\u0119ciu robi\u0105 wra\u017cenie. Drugie natomiast wydarzenie jest inne w swej wymowie. Kilka dni p\u00f3\u017aniej Jezus jest traktowany zupe\u0142nie inaczej. Ma przeciwko sobie faryzeuszy i saduceuszy, kt\u00f3rzy podburzaj\u0105 ludzi. Warto w tym miejscu zwr\u00f3ci\u0107 uwag\u0119 na nasze, moje i Twoje, podej\u015bcie do Jezusa, nasz\u0105 niesta\u0142o\u015b\u0107 uczu\u0107 wobec Niego. Czasem w przyp\u0142ywie emocji, kiedy czujemy si\u0119 dobrze, kiedy ca\u0142kiem nie\u017ale uk\u0142ada si\u0119 w naszym \u017cyciu, jeste\u015bmy jak ci, kt\u00f3rzy witali Go wje\u017cd\u017caj\u0105cego do Jerozolimy. Z kolei, kiedy w naszym \u017cyciu uk\u0142ada si\u0119 nie po naszej my\u015bli, prze\u017cywamy k\u0142opoty, nawet cierpienie, to niejednokrotnie sadzamy Go na \u0142awie oskar\u017conych, bo to On jest winien naszych nieszcz\u0119\u015b\u0107, to On jest odpowiedzialny za nasze cierpienie. Warto sobie u\u015bwiadomi\u0107, \u017ce&hellip;<\/p>\n<p> <a class=\"more-link\" href=\"http:\/\/www.franciszek-walcz.pl\/?p=1683\">Czytaj dalej<\/a><\/p>\n","protected":false},"author":1,"featured_media":0,"comment_status":"open","ping_status":"open","sticky":false,"template":"","format":"standard","meta":{"footnotes":""},"categories":[5],"tags":[],"class_list":{"0":"post-1683","1":"post","2":"type-post","3":"status-publish","4":"format-standard","6":"category-artykuly"},"brizy_media":[],"_links":{"self":[{"href":"http:\/\/www.franciszek-walcz.pl\/index.php?rest_route=\/wp\/v2\/posts\/1683","targetHints":{"allow":["GET"]}}],"collection":[{"href":"http:\/\/www.franciszek-walcz.pl\/index.php?rest_route=\/wp\/v2\/posts"}],"about":[{"href":"http:\/\/www.franciszek-walcz.pl\/index.php?rest_route=\/wp\/v2\/types\/post"}],"author":[{"embeddable":true,"href":"http:\/\/www.franciszek-walcz.pl\/index.php?rest_route=\/wp\/v2\/users\/1"}],"replies":[{"embeddable":true,"href":"http:\/\/www.franciszek-walcz.pl\/index.php?rest_route=%2Fwp%2Fv2%2Fcomments&post=1683"}],"version-history":[{"count":1,"href":"http:\/\/www.franciszek-walcz.pl\/index.php?rest_route=\/wp\/v2\/posts\/1683\/revisions"}],"predecessor-version":[{"id":1684,"href":"http:\/\/www.franciszek-walcz.pl\/index.php?rest_route=\/wp\/v2\/posts\/1683\/revisions\/1684"}],"wp:attachment":[{"href":"http:\/\/www.franciszek-walcz.pl\/index.php?rest_route=%2Fwp%2Fv2%2Fmedia&parent=1683"}],"wp:term":[{"taxonomy":"category","embeddable":true,"href":"http:\/\/www.franciszek-walcz.pl\/index.php?rest_route=%2Fwp%2Fv2%2Fcategories&post=1683"},{"taxonomy":"post_tag","embeddable":true,"href":"http:\/\/www.franciszek-walcz.pl\/index.php?rest_route=%2Fwp%2Fv2%2Ftags&post=1683"}],"curies":[{"name":"wp","href":"https:\/\/api.w.org\/{rel}","templated":true}]}}