{"id":16835,"date":"2021-07-31T12:42:06","date_gmt":"2021-07-31T10:42:06","guid":{"rendered":"http:\/\/www.franciszek-walcz.pl\/?p=16835"},"modified":"2021-07-31T12:42:50","modified_gmt":"2021-07-31T10:42:50","slug":"jam-jest-chleb-zycia","status":"publish","type":"post","link":"http:\/\/www.franciszek-walcz.pl\/?p=16835","title":{"rendered":"JAM JEST CHLEB \u017bYCIA"},"content":{"rendered":"<p><strong>W czasie wojny domowej w Hiszpanii jeden z \u017co\u0142nierzy zosta\u0142 ci\u0119\u017cko ranny. Po przewiezieniu do szpitala mia\u0142 szans\u0119 powr\u00f3ci\u0107 do zdrowia pod warunkiem, \u017ce b\u0119dzie przyjmowa\u0142 pokarmy, Piel\u0119gniarki i siostry zakonne robi\u0142y wszystko, aby zach\u0119ci\u0107 go do tego. Jednak wysi\u0142ki te spe\u0142z\u0142y na niczym. Ranny \u017co\u0142nierz nadal odmawia\u0142 spo\u017cywania posi\u0142k\u00f3w. Wtedy jeden z jego koleg\u00f3w postanowi\u0142 sprowadzi\u0107 do szpitala jego ojca. Przyby\u0142 do domu rannego i przedstawi\u0142 rodzicom, jaki jest stan zdrowia ich syna. Ojciec przygotowa\u0142 si\u0119 do drogi, a matka zawin\u0119\u0142a kawa\u0142ek domowego chleba i poda\u0142a dla syna. Ranny \u017co\u0142nierz bardzo si\u0119 ucieszy\u0142, widz\u0105c ojca, ale nadal nie chcia\u0142 przyjmowa\u0107 po\u017cywienia. Ojciec powiedzia\u0142: \u201eSynu oto jest chleb, kt\u00f3ry upiek\u0142a twoja matka\u201d. Ch\u0142opiec si\u0119 o\u017cywi\u0142: \u201e O chleb upieczony przez moj\u0105 matk\u0119. Daj mi troch\u0119\u201d. Od tego momentu zacz\u0105\u0142 przyjmowa\u0107 pokarmy. W kr\u00f3tkim czasie odzyska\u0142 pe\u0142ni\u0119 zdrowia. Ten chleb by\u0142 czym\u015b wi\u0119cej ni\u017c tylko pokarmem dla cia\u0142a. W tym chlebie ukryta by\u0142a mi\u0142o\u015b\u0107 matczyna. Zapewne w tym momencie ranny \u017co\u0142nierz potrzebowa\u0142\u00a0najbardziej chleba mi\u0142o\u015bci. Ten chleb, nie ty\u0142ku ul\u017cy\u0142 duszy, ale tak\u017ce sta\u0142 si\u0119 \u017ar\u00f3d\u0142em uzdrowienia cia\u0142a.<\/strong><\/p>\n<p>\u201eCzy\u017c \u017cycie nasze nie jest podobne do bojowania?\u201d Retoryczne pytanie stawia Pismo \u015bw. Z codziennego do\u015bwiadczenia wiemy, \u017ce cz\u0119sto przychodzi nam zmaga\u0107 si\u0119 z przeciwno\u015bciami losu. Jest to trudna walka, w kt\u00f3rej nieraz zostajemy g\u0142\u0119boko zranieni. Rany duchowe bywaj\u0105 bardziej bolesne ni\u017c fizyczne. Jeste\u015bmy, po ludzku s\u0105dz\u0105c bezradni wobec ran, jakie zdaje nam nieuleczalna choroba, przemijanie i wreszcie \u015bmier\u0107.<\/p>\n<p>Kilkunastoletnia Simone de Beauwoir, p\u00f3\u017aniejsza \u017cona filozofa ateisty Sartre\u2019a, stan\u0119\u0142a pewnego wieczoru przed budzikiem i g\u0142o\u015bno \u2013 aby mie\u0107 pewno\u015b\u0107, \u017ce B\u00f3g j\u0105 s\u0142yszy \u2013 powiedzia\u0142a: \u201eZr\u00f3bmy z tym koniec. Je\u015bli Ty Bo\u017ce jeste\u015b, daj mi jaki\u015b znak w ci\u0105gu trzech minut. Gdy min\u0119\u0142y trzy minuty zobaczy\u0142am \u2013 jak pisze-, \u017ce nic si\u0119 nie wydarzy\u0142o\u201d. Tym samym problem by\u0142 zlikwidowany. B\u00f3g nie odpowiedzia\u0142 na trzyminutowe ultimatum nastolatki, wi\u0119c odrzuci\u0142a Jego istnienie. Ta sama kobieta kilkadziesi\u0105t lat p\u00f3\u017aniej ju\u017c jako znana pisarka stan\u0119\u0142a kiedy\u015b przed lustrem i zobaczy\u0142a starzej\u0105c\u0105 si\u0119 twarz i napisa\u0142a: \u201ePod oczami worki; twarz pomarszczona\u2026\u2026.. \u017cycie nie ma sensu\u201d. Stwierdzenie \u201e\u017cycie nie ma sensu\u201d jest najtragiczniejsz\u0105 ran\u0105 w \u017cyciu cz\u0142owieka.<\/p>\n<p>Aby uleczy\u0107 t\u0119 ran\u0119 i inne rany duchowe potrzebujemy pokarmu, kt\u00f3ry tak jak matczyny chleb, z historii o rannym \u017co\u0142nierzu, jest czym\u015b wi\u0119cej ni\u017c tylko pokarmem fizycznym. Matczyny chleb to tylko namiastka chleba, kt\u00f3rym stanie si\u0119 sam Chrystus. \u201eAlbowiem chlebem bo\u017cym jest Ten, kt\u00f3ry z nieba zst\u0119puje i \u017cycie daje \u015bwiatu\u201d. Chrystus staje si\u0119 pokarmem, kt\u00f3ry zaspakaja wszystkie g\u0142ody i leczy wszystkie rany. Ten chleb jest \u017ar\u00f3d\u0142em \u017cycia, kt\u00f3rego pi\u0119kno nie zale\u017cy od zmarszczek na twarzy ( z ksi\u0105\u017cki Ku wolno\u015bci).<\/p>\n","protected":false},"excerpt":{"rendered":"<p>W czasie wojny domowej w Hiszpanii jeden z \u017co\u0142nierzy zosta\u0142 ci\u0119\u017cko ranny. Po przewiezieniu do szpitala mia\u0142 szans\u0119 powr\u00f3ci\u0107 do zdrowia pod warunkiem, \u017ce b\u0119dzie przyjmowa\u0142 pokarmy, Piel\u0119gniarki i siostry zakonne robi\u0142y wszystko, aby zach\u0119ci\u0107 go do tego. Jednak wysi\u0142ki te spe\u0142z\u0142y na niczym. Ranny \u017co\u0142nierz nadal odmawia\u0142 spo\u017cywania posi\u0142k\u00f3w. Wtedy jeden z jego koleg\u00f3w postanowi\u0142 sprowadzi\u0107 do szpitala jego ojca. Przyby\u0142 do domu rannego i przedstawi\u0142 rodzicom, jaki jest stan zdrowia ich syna. Ojciec przygotowa\u0142 si\u0119 do drogi, a matka zawin\u0119\u0142a kawa\u0142ek domowego chleba i poda\u0142a dla syna. Ranny \u017co\u0142nierz bardzo si\u0119 ucieszy\u0142, widz\u0105c ojca, ale nadal nie chcia\u0142 przyjmowa\u0107 po\u017cywienia. Ojciec powiedzia\u0142: \u201eSynu oto jest chleb, kt\u00f3ry upiek\u0142a twoja matka\u201d. Ch\u0142opiec si\u0119 o\u017cywi\u0142: \u201e O chleb upieczony przez moj\u0105 matk\u0119. Daj mi troch\u0119\u201d. Od tego momentu zacz\u0105\u0142 przyjmowa\u0107 pokarmy. W kr\u00f3tkim czasie odzyska\u0142 pe\u0142ni\u0119 zdrowia. Ten chleb by\u0142 czym\u015b wi\u0119cej ni\u017c tylko pokarmem dla cia\u0142a. W tym chlebie&hellip;<\/p>\n<p> <a class=\"more-link\" href=\"http:\/\/www.franciszek-walcz.pl\/?p=16835\">Czytaj dalej<\/a><\/p>\n","protected":false},"author":1,"featured_media":0,"comment_status":"closed","ping_status":"closed","sticky":false,"template":"","format":"standard","meta":{"footnotes":""},"categories":[5],"tags":[],"class_list":{"0":"post-16835","1":"post","2":"type-post","3":"status-publish","4":"format-standard","6":"category-artykuly"},"brizy_media":[],"_links":{"self":[{"href":"http:\/\/www.franciszek-walcz.pl\/index.php?rest_route=\/wp\/v2\/posts\/16835","targetHints":{"allow":["GET"]}}],"collection":[{"href":"http:\/\/www.franciszek-walcz.pl\/index.php?rest_route=\/wp\/v2\/posts"}],"about":[{"href":"http:\/\/www.franciszek-walcz.pl\/index.php?rest_route=\/wp\/v2\/types\/post"}],"author":[{"embeddable":true,"href":"http:\/\/www.franciszek-walcz.pl\/index.php?rest_route=\/wp\/v2\/users\/1"}],"replies":[{"embeddable":true,"href":"http:\/\/www.franciszek-walcz.pl\/index.php?rest_route=%2Fwp%2Fv2%2Fcomments&post=16835"}],"version-history":[{"count":1,"href":"http:\/\/www.franciszek-walcz.pl\/index.php?rest_route=\/wp\/v2\/posts\/16835\/revisions"}],"predecessor-version":[{"id":16836,"href":"http:\/\/www.franciszek-walcz.pl\/index.php?rest_route=\/wp\/v2\/posts\/16835\/revisions\/16836"}],"wp:attachment":[{"href":"http:\/\/www.franciszek-walcz.pl\/index.php?rest_route=%2Fwp%2Fv2%2Fmedia&parent=16835"}],"wp:term":[{"taxonomy":"category","embeddable":true,"href":"http:\/\/www.franciszek-walcz.pl\/index.php?rest_route=%2Fwp%2Fv2%2Fcategories&post=16835"},{"taxonomy":"post_tag","embeddable":true,"href":"http:\/\/www.franciszek-walcz.pl\/index.php?rest_route=%2Fwp%2Fv2%2Ftags&post=16835"}],"curies":[{"name":"wp","href":"https:\/\/api.w.org\/{rel}","templated":true}]}}