{"id":16993,"date":"2021-08-14T13:48:34","date_gmt":"2021-08-14T11:48:34","guid":{"rendered":"http:\/\/www.franciszek-walcz.pl\/?p=16993"},"modified":"2021-08-14T13:49:12","modified_gmt":"2021-08-14T11:49:12","slug":"wniebowziecie-najswietszej-maryi-panny-matki-boskiej-zielnej","status":"publish","type":"post","link":"http:\/\/www.franciszek-walcz.pl\/?p=16993","title":{"rendered":"Wniebowzi\u0119cie Naj\u015bwi\u0119tszej Maryi Panny \u2013 Matki Boskiej Zielnej"},"content":{"rendered":"<p>Uroczysto\u015b\u0107 Wniebowzi\u0119cia Naj\u015bwi\u0119tszej Maryi Panny\u00a0ukazuje nam prawd\u0119 wiary, wed\u0142ug kt\u00f3rej Matka Naj\u015bwi\u0119tsza zosta\u0142a wzi\u0119ta do nieba z dusz\u0105 i cia\u0142em. Prze\u015bwiadczenie o tym, \u017ce cia\u0142o Matki Bo\u017cej nie mog\u0142o podlega\u0107 rozk\u0142adowi, tak jak ma to miejsce w przypadku wszystkich innych ludzi, podleg\u0142ych skutkom grzechu pierworodnego, wyra\u017cone zosta\u0142o w ci\u0105gu historii Ko\u015bcio\u0142a w wielu \u015bwiadectwach, wzmiankach i \u015bladach. Prawda ta przez d\u0142ugi czas wyznawana w sercach chrze\u015bcijan, zosta\u0142a og\u0142oszona w formie dogmatu w 1950 roku. Jakie przes\u0142anie dla nas dzisiaj ma ten dogmat wiary? Jakie przes\u0142anie kierowane jest dzisiaj do naszych serc, do naszych rodzin, do naszego \u017cycia?<\/p>\n<p>Pierwsze czytanie\u00a0 przenosi nas do scenerii pe\u0142nej dramatyzmu i niebezpiecze\u0144stwa.\u00a0W centrum uwagi znajduje si\u0119\u00a0Niewiasta\u00a0obleczona w s\u0142o\u0144ce z ksi\u0119\u017cycem pod Jej stopami.\u00a0Drug\u0105 postaci\u0105 jest\u00a0smok,\u00a0kt\u00f3ry czyha na maj\u0105ce narodzi\u0107 si\u0119 z Niewiasty Dziecko \u2013 Syna.\u00a0Ta biblijna scena pokazuje nam odwieczna walk\u0119 dobra ze z\u0142em. Walk\u0119, kt\u00f3ra odbywa si\u0119 w \u017cyciu ka\u017cdego cz\u0142owieka, w \u015bwiecie, w ka\u017cdym z nas. Przytoczona scena wskazuje na triumf dobra nad z\u0142em przez interwencj\u0119 narodzonego Syna \u2013 Bo\u017cego Pomaza\u0144ca.<\/p>\n<p>Ewangelia opisuje nam\u00a0spotkanie\u00a0dw\u00f3ch matek i dw\u00f3ch\u00a0jeszcze nienarodzonych m\u0119\u017c\u00f3w.\u00a0To spotkanie El\u017cbiety i Maryi oraz Jana Chrzciciela i Jezusa Chrystusa. Scena ta zapowiada wype\u0142nienie si\u0119 wszystkich zapowiedzi Starego Testamentu. Oto El\u017cbieta \u2013 matka ostatniego z prorok\u00f3w Jana Chrzciciela pozdrawia Maryj\u0119 matk\u0119 Jezusa \u2013 Syna Bo\u017cego \u2013 Zbawiciela \u015awiata. Maryja wypowiada hymn uwielbienia znany pod nazw\u0105\u00a0Magnificat.\u00a0Wielbi Boga za Jego b\u0142ogos\u0142awie\u0144stwo, mi\u0142osierdzie i niesko\u0144czon\u0105 dobro\u0107, kt\u00f3r\u0105 objawi\u0142 posy\u0142aj\u0105c na \u015bwiat narodzonego z Maryi swojego Syna \u2013 Najwy\u017csze Dobro, kt\u00f3rego si\u0142y z\u0142a nie mog\u0105 pokona\u0107.<\/p>\n<p>Prawda wiary o Maryi wzi\u0119tej do nieba z dusza i cia\u0142em,\u00a0przypomina nam o niesko\u0144czonej mi\u0142o\u015bci Boga do cz\u0142owieka.\u00a0Ta mi\u0142o\u015b\u0107 objawia si\u0119 w fakcie pos\u0142ania na \u015bwiat Bo\u017cego Syna \u2013 Odkupiciela cz\u0142owieka.\u00a0Chrystus \u2013 Bo\u017ce Syn \u2013 pokona\u0142 z\u0142o i grzech i tak otworzy\u0142 nam drog\u0119 do Ojca \u2013 do \u017cycia wiecznego.\u00a0Wniebowzi\u0119ta Maryja przypomina nam o celu naszego \u017cycia o tym, \u017ce ko\u0144cem naszego \u017cycia nie jest \u015bmier\u0107 i gr\u00f3b, ale \u017cycie wieczne.<\/p>\n<p>Walka dobra ze z\u0142em\u00a0toczy si\u0119 w nas i w naszym \u017cyciu.\u00a0Ona dotyczy naszych postaw, naszego sposobu warto\u015bciowania i kryteri\u00f3w naszych wybor\u00f3w oraz decyzji.\u00a0Ona polega na wybieraniu dobra a wyrzekaniu si\u0119 z\u0142a. W tej nieraz trudnej walce przychodzi nam na pomoc Chrystus \u2013 Bo\u017cy Syn. Przychodzi ze swoja moc\u0105 i si\u0142\u0105, mi\u0142osierdziem i pokojem. Przychodzi i leczy; podnosi i uzdrawia \u2013 umacnia w drodze.<\/p>\n<p>Dzisiaj kiedy przynosimy do Ko\u015bcio\u0142a owoc naszych p\u00f3l i \u0142\u0105k\u00a0\u2013 zio\u0142a i kwiaty, kt\u00f3re symbolizuj\u0105 dobro, jakim nas B\u00f3g obdarzy\u0142,\u00a0dzi\u0119kujmy za dar wiary, za pok\u00f3j w naszych rodzinach, za zdrowie i wszelkie dobro otrzymane z Bo\u017cych r\u0105k.<\/p>\n<p>Niech nasza modlitwa wzniesie si\u0119 do Boga\u00a0tak jak zapach zi\u00f3\u0142 i kwiat\u00f3w, niech pop\u0142ynie z naszych serc i naszych dom\u00f3w.\u00a0Niech te\u017c sprawi, aby\u015bmy stali si\u0119 czuli na tych, kt\u00f3rzy s\u0105 w jakiejkolwiek potrzebie, kt\u00f3rzy wyczekuj\u0105 pomocy i wsparcia.\u00a0Wspominaj\u0105c dobro, jakim nas B\u00f3g obdarza, my sami b\u0105d\u017amy dobrzy.<\/p>\n<p>Pro\u015bmy Maryj\u0119,\u00a0aby nauczy\u0142a nas tak \u017cy\u0107 i tak wybiera\u0107 dobro, aby\u015bmy\u00a0 mogli kiedy\u015b stan\u0105\u0107 przed Bogiem z nar\u0119czem dobrych czyn\u00f3w tak, jak dzisiaj stajemy z nar\u0119czem wonnych zi\u00f3\u0142 i kwiat\u00f3w \u2013 aby\u015bmy w naszym \u017cyciu zawsze potrafili stawa\u0107 po stronie dobra i pokoju.<\/p>\n","protected":false},"excerpt":{"rendered":"<p>Uroczysto\u015b\u0107 Wniebowzi\u0119cia Naj\u015bwi\u0119tszej Maryi Panny\u00a0ukazuje nam prawd\u0119 wiary, wed\u0142ug kt\u00f3rej Matka Naj\u015bwi\u0119tsza zosta\u0142a wzi\u0119ta do nieba z dusz\u0105 i cia\u0142em. Prze\u015bwiadczenie o tym, \u017ce cia\u0142o Matki Bo\u017cej nie mog\u0142o podlega\u0107 rozk\u0142adowi, tak jak ma to miejsce w przypadku wszystkich innych ludzi, podleg\u0142ych skutkom grzechu pierworodnego, wyra\u017cone zosta\u0142o w ci\u0105gu historii Ko\u015bcio\u0142a w wielu \u015bwiadectwach, wzmiankach i \u015bladach. Prawda ta przez d\u0142ugi czas wyznawana w sercach chrze\u015bcijan, zosta\u0142a og\u0142oszona w formie dogmatu w 1950 roku. Jakie przes\u0142anie dla nas dzisiaj ma ten dogmat wiary? Jakie przes\u0142anie kierowane jest dzisiaj do naszych serc, do naszych rodzin, do naszego \u017cycia? Pierwsze czytanie\u00a0 przenosi nas do scenerii pe\u0142nej dramatyzmu i niebezpiecze\u0144stwa.\u00a0W centrum uwagi znajduje si\u0119\u00a0Niewiasta\u00a0obleczona w s\u0142o\u0144ce z ksi\u0119\u017cycem pod Jej stopami.\u00a0Drug\u0105 postaci\u0105 jest\u00a0smok,\u00a0kt\u00f3ry czyha na maj\u0105ce narodzi\u0107 si\u0119 z Niewiasty Dziecko \u2013 Syna.\u00a0Ta biblijna scena pokazuje nam odwieczna walk\u0119 dobra ze z\u0142em. Walk\u0119, kt\u00f3ra odbywa si\u0119 w \u017cyciu ka\u017cdego cz\u0142owieka, w \u015bwiecie, w&hellip;<\/p>\n<p> <a class=\"more-link\" href=\"http:\/\/www.franciszek-walcz.pl\/?p=16993\">Czytaj dalej<\/a><\/p>\n","protected":false},"author":1,"featured_media":0,"comment_status":"closed","ping_status":"closed","sticky":false,"template":"","format":"standard","meta":{"footnotes":""},"categories":[5],"tags":[],"class_list":{"0":"post-16993","1":"post","2":"type-post","3":"status-publish","4":"format-standard","6":"category-artykuly"},"brizy_media":[],"_links":{"self":[{"href":"http:\/\/www.franciszek-walcz.pl\/index.php?rest_route=\/wp\/v2\/posts\/16993","targetHints":{"allow":["GET"]}}],"collection":[{"href":"http:\/\/www.franciszek-walcz.pl\/index.php?rest_route=\/wp\/v2\/posts"}],"about":[{"href":"http:\/\/www.franciszek-walcz.pl\/index.php?rest_route=\/wp\/v2\/types\/post"}],"author":[{"embeddable":true,"href":"http:\/\/www.franciszek-walcz.pl\/index.php?rest_route=\/wp\/v2\/users\/1"}],"replies":[{"embeddable":true,"href":"http:\/\/www.franciszek-walcz.pl\/index.php?rest_route=%2Fwp%2Fv2%2Fcomments&post=16993"}],"version-history":[{"count":1,"href":"http:\/\/www.franciszek-walcz.pl\/index.php?rest_route=\/wp\/v2\/posts\/16993\/revisions"}],"predecessor-version":[{"id":16994,"href":"http:\/\/www.franciszek-walcz.pl\/index.php?rest_route=\/wp\/v2\/posts\/16993\/revisions\/16994"}],"wp:attachment":[{"href":"http:\/\/www.franciszek-walcz.pl\/index.php?rest_route=%2Fwp%2Fv2%2Fmedia&parent=16993"}],"wp:term":[{"taxonomy":"category","embeddable":true,"href":"http:\/\/www.franciszek-walcz.pl\/index.php?rest_route=%2Fwp%2Fv2%2Fcategories&post=16993"},{"taxonomy":"post_tag","embeddable":true,"href":"http:\/\/www.franciszek-walcz.pl\/index.php?rest_route=%2Fwp%2Fv2%2Ftags&post=16993"}],"curies":[{"name":"wp","href":"https:\/\/api.w.org\/{rel}","templated":true}]}}