{"id":16999,"date":"2021-08-14T14:00:40","date_gmt":"2021-08-14T12:00:40","guid":{"rendered":"http:\/\/www.franciszek-walcz.pl\/?p=16999"},"modified":"2021-08-14T14:01:54","modified_gmt":"2021-08-14T12:01:54","slug":"przeslanie-arcybiskupa-jozefa-guzdka","status":"publish","type":"post","link":"http:\/\/www.franciszek-walcz.pl\/?p=16999","title":{"rendered":"Przes\u0142anie Arcybiskupa J\u00f3zefa Guzdka"},"content":{"rendered":"<p><strong>Przes\u0142anie Arcybiskupa J\u00f3zefa Guzdka, Administratora Apostolskiego Ordynariatu Polowego, z okazji \u015awi\u0119ta Wojska Polskiego<\/strong><\/p>\n<p>Szanowni Pa\u0144stwo,<\/p>\n<p>Oficerowie, Podoficerowie, \u017bo\u0142nierze i Pracownicy Wojska Polskiego.<\/p>\n<p>Kolejna rocznica zwyci\u0119skiej Bitwy Warszawskiej jest okazj\u0105 do wyra\u017cenia wdzi\u0119czno\u015bci za Wasz\u0105 s\u0142u\u017cb\u0119 i prac\u0119. Ponadto zach\u0119ca do pog\u0142\u0119bionej refleksji nad rol\u0105 i\u00a0znaczeniem Wojska Polskiego w historii naszego narodu.<\/p>\n<p>Pami\u0119tajmy o \u017bo\u0142nierzach poleg\u0142ych w walce o wolno\u015b\u0107 naszej Ojczyzny, oddajmy im ho\u0142d i otoczmy ich modlitw\u0105 wdzi\u0119czno\u015bci, prosz\u0105c Boga, by za po\u015bwi\u0119cenie \u017cycia doczesnego otrzymali \u017cycie wieczne.<\/p>\n<p>Refleksja nad przesz\u0142o\u015bci\u0105 niech umacnia nasz\u0105 postaw\u0119 odpowiedzialno\u015bci za tera\u017aniejszo\u015b\u0107 i przysz\u0142o\u015b\u0107 Ojczyzny. Ka\u017cdy \u017co\u0142nierz, pracownik wojska, ka\u017cda osoba odpowiedzialna za powierzony jej obszar bezpiecze\u0144stwa kraju niech odpowie sobie we w\u0142asnym sumieniu, czy nale\u017cycie wywi\u0105zuje si\u0119 z powierzonych zada\u0144 i obowi\u0105zk\u00f3w.<\/p>\n<p>Wyra\u017cam wdzi\u0119czno\u015b\u0107 wszystkim, kt\u00f3rzy codzienn\u0105 s\u0142u\u017cb\u0105, sumienn\u0105 prac\u0105 daj\u0105 \u015bwiadectwo umi\u0142owania Ojczyzny, troski o jej rozw\u00f3j i bezpiecze\u0144stwo.<\/p>\n<p>Zach\u0119cam, aby \u2013 pami\u0119taj\u0105c o s\u0142owach Chrystusa: \u201eWszystko, co uczynili\u015bcie jednemu z tych braci moich najmniejszych, Mnie\u015bcie uczynili\u201d (Mt 25,40) \u2013 Wasza codzienna s\u0142u\u017cba Ojczy\u017anie i zaanga\u017cowanie na rzecz utrzymania pokoju na \u015bwiecie, opiera\u0142y si\u0119 na fundamencie ewangelicznego prawa mi\u0142o\u015bci Boga i bli\u017aniego.<\/p>\n<p>W tych szczeg\u00f3lnych dniach obchod\u00f3w \u015awi\u0119ta Wojska Polskiego otaczam Was moj\u0105 pami\u0119ci\u0105 i modlitw\u0105.<\/p>\n<p>Z wyrazami szacunku i pasterskim b\u0142ogos\u0142awie\u0144stwem<\/p>\n<p>Abp J\u00f3zef Guzdek<br \/>\nAdministrator Apostolski Ordynariatu Polowego<\/p>\n<p>Warszawa, 9 sierpnia 2021 r.<\/p>\n","protected":false},"excerpt":{"rendered":"<p>Przes\u0142anie Arcybiskupa J\u00f3zefa Guzdka, Administratora Apostolskiego Ordynariatu Polowego, z okazji \u015awi\u0119ta Wojska Polskiego Szanowni Pa\u0144stwo, Oficerowie, Podoficerowie, \u017bo\u0142nierze i Pracownicy Wojska Polskiego. Kolejna rocznica zwyci\u0119skiej Bitwy Warszawskiej jest okazj\u0105 do wyra\u017cenia wdzi\u0119czno\u015bci za Wasz\u0105 s\u0142u\u017cb\u0119 i prac\u0119. Ponadto zach\u0119ca do pog\u0142\u0119bionej refleksji nad rol\u0105 i\u00a0znaczeniem Wojska Polskiego w historii naszego narodu. Pami\u0119tajmy o \u017bo\u0142nierzach poleg\u0142ych w walce o wolno\u015b\u0107 naszej Ojczyzny, oddajmy im ho\u0142d i otoczmy ich modlitw\u0105 wdzi\u0119czno\u015bci, prosz\u0105c Boga, by za po\u015bwi\u0119cenie \u017cycia doczesnego otrzymali \u017cycie wieczne. Refleksja nad przesz\u0142o\u015bci\u0105 niech umacnia nasz\u0105 postaw\u0119 odpowiedzialno\u015bci za tera\u017aniejszo\u015b\u0107 i przysz\u0142o\u015b\u0107 Ojczyzny. Ka\u017cdy \u017co\u0142nierz, pracownik wojska, ka\u017cda osoba odpowiedzialna za powierzony jej obszar bezpiecze\u0144stwa kraju niech odpowie sobie we w\u0142asnym sumieniu, czy nale\u017cycie wywi\u0105zuje si\u0119 z powierzonych zada\u0144 i obowi\u0105zk\u00f3w. Wyra\u017cam wdzi\u0119czno\u015b\u0107 wszystkim, kt\u00f3rzy codzienn\u0105 s\u0142u\u017cb\u0105, sumienn\u0105 prac\u0105 daj\u0105 \u015bwiadectwo umi\u0142owania Ojczyzny, troski o jej rozw\u00f3j i bezpiecze\u0144stwo. Zach\u0119cam, aby \u2013 pami\u0119taj\u0105c o s\u0142owach Chrystusa: \u201eWszystko, co uczynili\u015bcie jednemu z&hellip;<\/p>\n<p> <a class=\"more-link\" href=\"http:\/\/www.franciszek-walcz.pl\/?p=16999\">Czytaj dalej<\/a><\/p>\n","protected":false},"author":1,"featured_media":0,"comment_status":"closed","ping_status":"closed","sticky":false,"template":"","format":"standard","meta":{"footnotes":""},"categories":[4],"tags":[],"class_list":{"0":"post-16999","1":"post","2":"type-post","3":"status-publish","4":"format-standard","6":"category-ogloszenia"},"brizy_media":[],"_links":{"self":[{"href":"http:\/\/www.franciszek-walcz.pl\/index.php?rest_route=\/wp\/v2\/posts\/16999","targetHints":{"allow":["GET"]}}],"collection":[{"href":"http:\/\/www.franciszek-walcz.pl\/index.php?rest_route=\/wp\/v2\/posts"}],"about":[{"href":"http:\/\/www.franciszek-walcz.pl\/index.php?rest_route=\/wp\/v2\/types\/post"}],"author":[{"embeddable":true,"href":"http:\/\/www.franciszek-walcz.pl\/index.php?rest_route=\/wp\/v2\/users\/1"}],"replies":[{"embeddable":true,"href":"http:\/\/www.franciszek-walcz.pl\/index.php?rest_route=%2Fwp%2Fv2%2Fcomments&post=16999"}],"version-history":[{"count":1,"href":"http:\/\/www.franciszek-walcz.pl\/index.php?rest_route=\/wp\/v2\/posts\/16999\/revisions"}],"predecessor-version":[{"id":17000,"href":"http:\/\/www.franciszek-walcz.pl\/index.php?rest_route=\/wp\/v2\/posts\/16999\/revisions\/17000"}],"wp:attachment":[{"href":"http:\/\/www.franciszek-walcz.pl\/index.php?rest_route=%2Fwp%2Fv2%2Fmedia&parent=16999"}],"wp:term":[{"taxonomy":"category","embeddable":true,"href":"http:\/\/www.franciszek-walcz.pl\/index.php?rest_route=%2Fwp%2Fv2%2Fcategories&post=16999"},{"taxonomy":"post_tag","embeddable":true,"href":"http:\/\/www.franciszek-walcz.pl\/index.php?rest_route=%2Fwp%2Fv2%2Ftags&post=16999"}],"curies":[{"name":"wp","href":"https:\/\/api.w.org\/{rel}","templated":true}]}}