{"id":17095,"date":"2021-08-28T21:21:28","date_gmt":"2021-08-28T19:21:28","guid":{"rendered":"http:\/\/www.franciszek-walcz.pl\/?p=17095"},"modified":"2021-08-28T21:21:28","modified_gmt":"2021-08-28T19:21:28","slug":"uchyliliscie-przykazanie-boze-a-trzymacie-sie-ludzkiej-tradycji","status":"publish","type":"post","link":"http:\/\/www.franciszek-walcz.pl\/?p=17095","title":{"rendered":"\u00abUchylili\u015bcie przykazanie Bo\u017ce, a trzymacie si\u0119 ludzkiej tradycji\u00bb"},"content":{"rendered":"<p>Dzisiaj, S\u0142owo Bo\u017ce pomaga nam odr\u00f3\u017cni\u0107 Przykazania Bo\u017ce, kt\u00f3re stoj\u0105 ponad ludzkimi zwyczajami. Rzeczywi\u015bcie wraz z up\u0142ywem czasu \u0142atwo jest wypaczy\u0107 ewangeliczne przes\u0142anie i, zdaj\u0105c lub nie zdaj\u0105c sobie sprawy, zast\u0119powa\u0107 Przykazania lub zdusi\u0107 je przesadn\u0105 drobiazgowo\u015bci\u0105: \u00abI [gdy wr\u00f3c\u0105] z rynku, nie jedz\u0105, dop\u00f3ki si\u0119 nie obmyj\u0105. Jest jeszcze wiele innych [zwyczaj\u00f3w], kt\u00f3re przej\u0119li i kt\u00f3rych przestrzegaj\u0105, jak obmywanie kubk\u00f3w, dzbank\u00f3w, naczy\u0144 miedzianych&#8230;.\u00bb (Mk 7,4). To dlatego pro\u015bci ludzie, kieruj\u0105c si\u0119 zdrowym rozs\u0105dkiem, nie zwracali uwagi na doktor\u00f3w Prawa ani na faryzeuszy, kt\u00f3rzy przedk\u0142adali ludzkie spekulacje nad S\u0142owo Bo\u017ce. Jezus u\u017cywa tutaj profetycznej wizji Izajasza wobec hipokryt\u00f3w religijnych: \u00abS\u0142usznie prorok Izajasz powiedzia\u0142 o was, ob\u0142udnikach, jak jest napisane: Ten lud czci Mnie wargami, lecz sercem swym daleko jest ode Mnie.\u00bb (Mk 7,6).<\/p>\n<p>Kiedy kilka lat temu Jan Pawe\u0142 II prosi\u0142 o przebaczenie w imieniu Ko\u015bcio\u0142a za wszystkie krzywdy, jakie wyrz\u0105dzili jego synowie w historii, uzasadni\u0142 \u00aboddalili\u015bmy si\u0119 od Ewangelii\u00bb.<\/p>\n<p>\u00abNic nie wchodzi z zewn\u0105trz w cz\u0142owieka, co mog\u0142oby uczyni\u0107 go nieczystym; lecz co wychodzi z cz\u0142owieka, to czyni cz\u0142owieka nieczystym\u00bb (Mk 7,15), powiedzia\u0142 nam Jezus. Tylko to, co wychodzi z serca cz\u0142owieka, z jego wewn\u0119trznej \u015bwiadomo\u015bci osoby ludzkiej, mo\u017ce nas uczyni\u0107 z\u0142ymi. To z\u0142o zadaje b\u00f3l ca\u0142ej Ludzko\u015bci i jednostce, kt\u00f3ra je wyrz\u0105dza. Religijno\u015b\u0107 nie oznacza mycia r\u0105k (przypomnijmy Pi\u0142ata, kt\u00f3ry skaza\u0142 na \u015bmier\u0107 Jezusa!), lecz utrzymanie czysto\u015bci serca.<\/p>\n<p>A w spos\u00f3b pozytywny potrafi\u0142a wyrazi\u0107 to \u015awi\u0119ta Teresa od Dzieci\u0105tka Jezus w swoich R\u0119kopisach: \u00abKiedy kontemplowa\u0142am mistyczne cia\u0142o Chrystusa (&#8230;) zrozumia\u0142am, \u017ce Ko\u015bci\u00f3\u0142 ma serce (&#8230;) p\u0142on\u0105ce mi\u0142o\u015bci\u0105\u00bb. Z serca kochaj\u0105cego wyp\u0142ywaj\u0105 dobre dzie\u0142a, kt\u00f3re pomagaj\u0105 dok\u0142adnie temu, kto potrzebuje pomocy: \u00abBo by\u0142em g\u0142odny, a dali\u015bcie mi je\u015b\u0107&#8230;\u00bb (Mt 25,35).<\/p>\n","protected":false},"excerpt":{"rendered":"<p>Dzisiaj, S\u0142owo Bo\u017ce pomaga nam odr\u00f3\u017cni\u0107 Przykazania Bo\u017ce, kt\u00f3re stoj\u0105 ponad ludzkimi zwyczajami. Rzeczywi\u015bcie wraz z up\u0142ywem czasu \u0142atwo jest wypaczy\u0107 ewangeliczne przes\u0142anie i, zdaj\u0105c lub nie zdaj\u0105c sobie sprawy, zast\u0119powa\u0107 Przykazania lub zdusi\u0107 je przesadn\u0105 drobiazgowo\u015bci\u0105: \u00abI [gdy wr\u00f3c\u0105] z rynku, nie jedz\u0105, dop\u00f3ki si\u0119 nie obmyj\u0105. Jest jeszcze wiele innych [zwyczaj\u00f3w], kt\u00f3re przej\u0119li i kt\u00f3rych przestrzegaj\u0105, jak obmywanie kubk\u00f3w, dzbank\u00f3w, naczy\u0144 miedzianych&#8230;.\u00bb (Mk 7,4). To dlatego pro\u015bci ludzie, kieruj\u0105c si\u0119 zdrowym rozs\u0105dkiem, nie zwracali uwagi na doktor\u00f3w Prawa ani na faryzeuszy, kt\u00f3rzy przedk\u0142adali ludzkie spekulacje nad S\u0142owo Bo\u017ce. Jezus u\u017cywa tutaj profetycznej wizji Izajasza wobec hipokryt\u00f3w religijnych: \u00abS\u0142usznie prorok Izajasz powiedzia\u0142 o was, ob\u0142udnikach, jak jest napisane: Ten lud czci Mnie wargami, lecz sercem swym daleko jest ode Mnie.\u00bb (Mk 7,6). Kiedy kilka lat temu Jan Pawe\u0142 II prosi\u0142 o przebaczenie w imieniu Ko\u015bcio\u0142a za wszystkie krzywdy, jakie wyrz\u0105dzili jego synowie w historii, uzasadni\u0142 \u00aboddalili\u015bmy si\u0119 od Ewangelii\u00bb.&hellip;<\/p>\n<p> <a class=\"more-link\" href=\"http:\/\/www.franciszek-walcz.pl\/?p=17095\">Czytaj dalej<\/a><\/p>\n","protected":false},"author":1,"featured_media":0,"comment_status":"closed","ping_status":"closed","sticky":false,"template":"","format":"standard","meta":{"footnotes":""},"categories":[5],"tags":[],"class_list":{"0":"post-17095","1":"post","2":"type-post","3":"status-publish","4":"format-standard","6":"category-artykuly"},"brizy_media":[],"_links":{"self":[{"href":"http:\/\/www.franciszek-walcz.pl\/index.php?rest_route=\/wp\/v2\/posts\/17095","targetHints":{"allow":["GET"]}}],"collection":[{"href":"http:\/\/www.franciszek-walcz.pl\/index.php?rest_route=\/wp\/v2\/posts"}],"about":[{"href":"http:\/\/www.franciszek-walcz.pl\/index.php?rest_route=\/wp\/v2\/types\/post"}],"author":[{"embeddable":true,"href":"http:\/\/www.franciszek-walcz.pl\/index.php?rest_route=\/wp\/v2\/users\/1"}],"replies":[{"embeddable":true,"href":"http:\/\/www.franciszek-walcz.pl\/index.php?rest_route=%2Fwp%2Fv2%2Fcomments&post=17095"}],"version-history":[{"count":1,"href":"http:\/\/www.franciszek-walcz.pl\/index.php?rest_route=\/wp\/v2\/posts\/17095\/revisions"}],"predecessor-version":[{"id":17096,"href":"http:\/\/www.franciszek-walcz.pl\/index.php?rest_route=\/wp\/v2\/posts\/17095\/revisions\/17096"}],"wp:attachment":[{"href":"http:\/\/www.franciszek-walcz.pl\/index.php?rest_route=%2Fwp%2Fv2%2Fmedia&parent=17095"}],"wp:term":[{"taxonomy":"category","embeddable":true,"href":"http:\/\/www.franciszek-walcz.pl\/index.php?rest_route=%2Fwp%2Fv2%2Fcategories&post=17095"},{"taxonomy":"post_tag","embeddable":true,"href":"http:\/\/www.franciszek-walcz.pl\/index.php?rest_route=%2Fwp%2Fv2%2Ftags&post=17095"}],"curies":[{"name":"wp","href":"https:\/\/api.w.org\/{rel}","templated":true}]}}