{"id":17317,"date":"2021-09-18T11:44:17","date_gmt":"2021-09-18T09:44:17","guid":{"rendered":"http:\/\/www.franciszek-walcz.pl\/?p=17317"},"modified":"2021-09-18T11:44:34","modified_gmt":"2021-09-18T09:44:34","slug":"kto-chce-byc-pierwszym","status":"publish","type":"post","link":"http:\/\/www.franciszek-walcz.pl\/?p=17317","title":{"rendered":"Kto chce by\u0107 pierwszym &#8230;"},"content":{"rendered":"<p>Po\u017c\u0105dacie, a nie macie &#8230; \u017cywicie mordercz\u0105 zazdro\u015b\u0107 &#8230; k\u0142\u00f3cicie si\u0119 kto z was jest pierwszy, zabiegacie o honory i przywileje &#8230; wymy\u015blacie sobie coraz to bardziej komiczne tytu\u0142y &#8230; prowadzicie walki i k\u0142\u00f3tnie &#8230;<\/p>\n<p>Oj, sk\u0105d my to znamy, te dyskusje Aposto\u0142\u00f3w Chrystusa? Jakby od tysi\u0119cy lat nic si\u0119 w tym wzgl\u0119dzie nie zmieni\u0142o &#8230; A Chrystus ustawicznie powraca ze swoj\u0105 nauk\u0105 o poni\u017ceniu, o wyszydzeniu, o m\u0119ce i o \u015bmierci &#8230; I na ca\u0142\u0105 zawzi\u0119t\u0105 i pe\u0142n\u0105 zazdro\u015bci dyskusj\u0119 swoich \u201ewybranych Dwunastu\u201d &#8230; odpowiada bardzo prosto, stawiaj\u0105c przed nimi dziecko. A im jakby kto\u015b w twarz da\u0142 &#8230; zawstydzeni nie rozumiej\u0105 o co chodzi.<\/p>\n<p>A nasi dyrektorzy, pra\u0142aci, prezesowie, panowie ministrowie, biskupi, profesorowie, doktorzy, senatorowie &#8230;.? A gdyby tak Chrystus przed nimi dziecko postawi\u0142 i jeszcze im powiedzia\u0142: &#8222;kto chce by\u0107 pierwszym, niech b\u0119dzie ostatnim ze wszystkich i s\u0142ug\u0105 wszystkich&#8221; &#8230;?<\/p>\n<p>Czy\u017c nie poczuliby si\u0119 obra\u017ceni i dotkni\u0119ci??? Ju\u017c widz\u0119 ich miny, ich \u015bwi\u0119te oburzenie, ich zgorszenie i zdziwienie &#8230;, bowiem posprzeczali si\u0119 kto z nich jest najwi\u0119kszy &#8230;<\/p>\n<p>&#8222;Prowadzicie walki i k\u0142\u00f3tnie, a nic nie posiadacie, gdy\u017c si\u0119 nie modlicie. Modlicie si\u0119, a nie otrzymujecie, bo si\u0119 \u017ale modlicie, staraj\u0105c si\u0119 jedynie o zaspokojenie swych \u017c\u0105dz.&#8221; C\u00f3\u017c wi\u0119cej mo\u017cna doda\u0107 to tych s\u0142\u00f3w \u015bw. Jakuba? C\u00f3\u017c wi\u0119cej, skoro nawet ci, kt\u00f3rzy si\u0119 modl\u0105, \u017ale si\u0119 modl\u0105 &#8230;? A wszystko dlatego, \u017ce zapomnieli o tym, co znaczy p\u00f3j\u015b\u0107 za Chrystusem. A wszystko dlatego, \u017ce wzi\u0119\u0142a w nich g\u00f3r\u0119 -jak w Aposto\u0142ach- ludzka pr\u00f3\u017cno\u015b\u0107 &#8230; dobrzy i pobo\u017cni katolicy, pewni siebie i zadufani w swej doskona\u0142o\u015bci S\u0142udzy Chrystusa &#8230; wsp\u00f3\u0142cze\u015bni Aposto\u0142owie i ich nast\u0119pcy. Bo nie zrozumieli, ani co to znaczy\u00a0straci\u0107 \u017cycie dla Chrystusa, ani po co im Chrystus dziecko przed oczy stawia &#8230;<\/p>\n<p>A ile\u017c we mnie morderczej zazdro\u015bci, ile\u017c zabiegania o ludzkie wzgl\u0119dy, ile\u017c poszukiwania swego, udowadniania swoich racji, ile\u017c k\u0142\u00f3tliwo\u015bci, zawi\u015bci, z\u0142o\u015bci, pychy, ob\u0142udy, chciwo\u015bci, arogancji &#8230;. Ile\u017c we mnie pr\u00f3\u017cno\u015bci, ch\u0119ci wywy\u017cszenia si\u0119, dominowania, bycia pierwszym, ile\u017c nieust\u0119pliwo\u015bci, fa\u0142szywej pobo\u017cno\u015bci i \u015bwi\u0119tego oburzenia, bo kto\u015b o\u015bmieli\u0142 si\u0119 mnie skrytykowa\u0107 &#8230;.?<\/p>\n<p>A kto chce by\u0107 pierwszym &#8230;. niech b\u0119dzie ostatnim &#8230;<\/p>\n","protected":false},"excerpt":{"rendered":"<p>Po\u017c\u0105dacie, a nie macie &#8230; \u017cywicie mordercz\u0105 zazdro\u015b\u0107 &#8230; k\u0142\u00f3cicie si\u0119 kto z was jest pierwszy, zabiegacie o honory i przywileje &#8230; wymy\u015blacie sobie coraz to bardziej komiczne tytu\u0142y &#8230; prowadzicie walki i k\u0142\u00f3tnie &#8230; Oj, sk\u0105d my to znamy, te dyskusje Aposto\u0142\u00f3w Chrystusa? Jakby od tysi\u0119cy lat nic si\u0119 w tym wzgl\u0119dzie nie zmieni\u0142o &#8230; A Chrystus ustawicznie powraca ze swoj\u0105 nauk\u0105 o poni\u017ceniu, o wyszydzeniu, o m\u0119ce i o \u015bmierci &#8230; I na ca\u0142\u0105 zawzi\u0119t\u0105 i pe\u0142n\u0105 zazdro\u015bci dyskusj\u0119 swoich \u201ewybranych Dwunastu\u201d &#8230; odpowiada bardzo prosto, stawiaj\u0105c przed nimi dziecko. A im jakby kto\u015b w twarz da\u0142 &#8230; zawstydzeni nie rozumiej\u0105 o co chodzi. A nasi dyrektorzy, pra\u0142aci, prezesowie, panowie ministrowie, biskupi, profesorowie, doktorzy, senatorowie &#8230;.? A gdyby tak Chrystus przed nimi dziecko postawi\u0142 i jeszcze im powiedzia\u0142: &#8222;kto chce by\u0107 pierwszym, niech b\u0119dzie ostatnim ze wszystkich i s\u0142ug\u0105 wszystkich&#8221; &#8230;? Czy\u017c nie poczuliby si\u0119 obra\u017ceni i dotkni\u0119ci???&hellip;<\/p>\n<p> <a class=\"more-link\" href=\"http:\/\/www.franciszek-walcz.pl\/?p=17317\">Czytaj dalej<\/a><\/p>\n","protected":false},"author":1,"featured_media":0,"comment_status":"closed","ping_status":"closed","sticky":false,"template":"","format":"standard","meta":{"footnotes":""},"categories":[5],"tags":[],"class_list":{"0":"post-17317","1":"post","2":"type-post","3":"status-publish","4":"format-standard","6":"category-artykuly"},"brizy_media":[],"_links":{"self":[{"href":"http:\/\/www.franciszek-walcz.pl\/index.php?rest_route=\/wp\/v2\/posts\/17317","targetHints":{"allow":["GET"]}}],"collection":[{"href":"http:\/\/www.franciszek-walcz.pl\/index.php?rest_route=\/wp\/v2\/posts"}],"about":[{"href":"http:\/\/www.franciszek-walcz.pl\/index.php?rest_route=\/wp\/v2\/types\/post"}],"author":[{"embeddable":true,"href":"http:\/\/www.franciszek-walcz.pl\/index.php?rest_route=\/wp\/v2\/users\/1"}],"replies":[{"embeddable":true,"href":"http:\/\/www.franciszek-walcz.pl\/index.php?rest_route=%2Fwp%2Fv2%2Fcomments&post=17317"}],"version-history":[{"count":1,"href":"http:\/\/www.franciszek-walcz.pl\/index.php?rest_route=\/wp\/v2\/posts\/17317\/revisions"}],"predecessor-version":[{"id":17318,"href":"http:\/\/www.franciszek-walcz.pl\/index.php?rest_route=\/wp\/v2\/posts\/17317\/revisions\/17318"}],"wp:attachment":[{"href":"http:\/\/www.franciszek-walcz.pl\/index.php?rest_route=%2Fwp%2Fv2%2Fmedia&parent=17317"}],"wp:term":[{"taxonomy":"category","embeddable":true,"href":"http:\/\/www.franciszek-walcz.pl\/index.php?rest_route=%2Fwp%2Fv2%2Fcategories&post=17317"},{"taxonomy":"post_tag","embeddable":true,"href":"http:\/\/www.franciszek-walcz.pl\/index.php?rest_route=%2Fwp%2Fv2%2Ftags&post=17317"}],"curies":[{"name":"wp","href":"https:\/\/api.w.org\/{rel}","templated":true}]}}