{"id":17757,"date":"2021-10-23T11:15:07","date_gmt":"2021-10-23T09:15:07","guid":{"rendered":"http:\/\/www.franciszek-walcz.pl\/?p=17757"},"modified":"2021-10-23T11:17:02","modified_gmt":"2021-10-23T09:17:02","slug":"oredzie-na-swiatowy-dzien-misyjny-2021","status":"publish","type":"post","link":"http:\/\/www.franciszek-walcz.pl\/?p=17757","title":{"rendered":"OR\u0118DZIE NA \u015aWIATOWY DZIE\u0143 MISYJNY 2021"},"content":{"rendered":"<p>\u201e<em><strong>Nie mo\u017cemy nie m\u00f3wi\u0107 tego, co\u015bmy widzieli i s\u0142yszeli\u201d <\/strong><\/em><strong>(Dz 4,20)<\/strong><\/p>\n<p><em>Drodzy bracia i siostry,<\/em><\/p>\n<p>Gdy do\u015bwiadczamy mocy mi\u0142o\u015bci Boga, gdy rozpoznajemy Jego ojcowsk\u0105 obecno\u015b\u0107 w naszym \u017cyciu osobistym i wsp\u00f3lnotowym, nie mo\u017cemy nie g\u0142osi\u0107 i nie dzieli\u0107 si\u0119 tym, <em>co\u015bmy widzieli i s\u0142yszeli<\/em>. Relacja Jezusa z Jego uczniami, Jego cz\u0142owiecze\u0144stwo, kt\u00f3re objawia si\u0119 nam w tajemnicy wcielenia, w Jego Ewangelii i w Jego tajemnicy paschalnej, ukazuj\u0105 nam, jak mocno B\u00f3g mi\u0142uje nasze cz\u0142owiecze\u0144stwo i czyni swoimi nasze rado\u015bci i cierpienia, nasze pragnienia i niepokoje (por. <a href=\"http:\/\/www.vatican.va\/archive\/hist_councils\/ii_vatican_council\/documents\/vat-ii_const_19651207_gaudium-et-spes_lt.html\"><em>Gaudium et spes<\/em><\/a>, 22). Wszystko, co dotyczy Chrystusa, przypomina nam, \u017ce \u015bwiat, w kt\u00f3rym \u017cyjemy, i potrzeba jego odkupienia nie s\u0105 obce temu, kt\u00f3ry wzywa nas do aktywnego zaanga\u017cowania w t\u0119 misj\u0119: \u201eId\u017acie na rozstajne drogi i zapro\u015bcie na uczt\u0119 wszystkich, kt\u00f3rych spotkacie\u201d (Mt 22,9). Nikt nie jest wykluczony, nikt nie powinien czu\u0107 si\u0119 od\u0142\u0105czony czy pozbawiony tej wsp\u00f3\u0142czuj\u0105cej mi\u0142o\u015bci.<\/p>\n<p><em>Do\u015bwiadczenie Aposto\u0142\u00f3w<\/em><\/p>\n<p>Historia ewangelizacji rozpoczyna si\u0119 od pe\u0142nego pasji poszukiwania Pana, kt\u00f3ry powo\u0142uje i chce nawi\u0105za\u0107 dialog przyja\u017ani z ka\u017cd\u0105 osob\u0105, gdziekolwiek by si\u0119 ona znajdowa\u0142a (por. J 15,12-17). Aposto\u0142owie s\u0105 pierwszymi, kt\u00f3rzy nam to przekazuj\u0105, pami\u0119taj\u0105c nawet dzie\u0144 i godzin\u0119, kiedy Go spotkali: \u201eBy\u0142o to oko\u0142o czwartej po po\u0142udniu\u201d (J 1,39). Przyja\u017a\u0144 z Panem, to, \u017ce widzieli Go uzdrawiaj\u0105cego chorych, jedz\u0105cego z grzesznikami, karmi\u0105cego g\u0142odnych, podchodz\u0105cego do wykluczonych, dotykaj\u0105cego nieczystych, uto\u017csamiaj\u0105cego si\u0119 z potrzebuj\u0105cymi, zapraszaj\u0105cego do b\u0142ogos\u0142awie\u0144stw, nauczaj\u0105cego w spos\u00f3b nowy i autentyczny, pozostawia niezatarty \u015blad, wzbudzaj\u0105c zadziwienie oraz wylewn\u0105 i bezinteresown\u0105 rado\u015b\u0107, kt\u00f3rej nie mo\u017cna powstrzyma\u0107. Jak m\u00f3wi\u0142 prorok Jeremiasz, do\u015bwiadczenie to jest p\u0142on\u0105cym ogniem Jego czynnej obecno\u015bci w naszych sercach, kt\u00f3ra motywuje nas do misji, nawet je\u015bli czasami wi\u0105\u017ce si\u0119 z po\u015bwi\u0119ceniami i niezrozumieniem przez innych (por. 20,7-9). Mi\u0142o\u015b\u0107 jest zawsze dynamiczna i aktywizuje nas, aby dzieli\u0107 si\u0119 cudownym i pe\u0142nym nadziei przes\u0142aniem: \u201eZnale\u017ali\u015bmy Mesjasza\u201d (J 1,41).<\/p>\n<p>Dzi\u0119ki Jezusowi zobaczyli\u015bmy, us\u0142yszeli\u015bmy i do\u015bwiadczyli\u015bmy, \u017ce mo\u017ce by\u0107 inaczej. On da\u0142 pocz\u0105tek nowym czasom, przypominaj\u0105c nam fundament naszego cz\u0142owiecze\u0144stwa, o kt\u00f3rym tak cz\u0119sto zapominamy: \u201eZostali\u015bmy stworzeni do pe\u0142ni, kt\u00f3r\u0105 mo\u017cna osi\u0105gn\u0105\u0107 tylko w mi\u0142o\u015bci\u201d (<em>Fratelli tutti<\/em>, 68). Te nowe czasy wymagaj\u0105 wiary b\u0119d\u0105cej w stanie budzi\u0107 inicjatywy i budowa\u0107 wsp\u00f3lnoty z kobiet i m\u0119\u017cczyzn, kt\u00f3rzy ucz\u0105 si\u0119 bra\u0107 odpowiedzialno\u015b\u0107 za w\u0142asn\u0105 i cudz\u0105 krucho\u015b\u0107, promuj\u0105c braterstwo i spo\u0142eczn\u0105 przyja\u017a\u0144 (por. <em>Fratelli tutti<\/em>, 67). Wsp\u00f3lnota ko\u015bcielna ukazuje swoje pi\u0119kno za ka\u017cdym razem, gdy z wdzi\u0119czno\u015bci\u0105 przypomina, \u017ce to Pan pierwszy nas umi\u0142owa\u0142 (por. 1 J 4,19). \u201eMi\u0142o\u015b\u0107 Pana zachwyca nas, a zachwytu, z racji jego natury, nie mo\u017cna ani powstrzyma\u0107, ani nikomu narzuci\u0107. Tylko w ten spos\u00f3b mo\u017ce rozkwita\u0107 cud bezinteresowno\u015bci \u2013 bezinteresowny dar z siebie. R\u00f3wnie\u017c zapa\u0142u misyjnego nie da si\u0119 rozpali\u0107 w wyniku rozumowania czy kalkulacji. Wej\u015bcie \u00abw stan misji\u00bb bierze si\u0119 z poczucia wdzi\u0119czno\u015bci\u201d (<em>Or\u0119dzie do Papieskich Dzie\u0142 Misyjnych<\/em>, 21 maja 2020).<\/p>\n<p>Z pewno\u015bci\u0105 czasy nie by\u0142y \u0142atwe, pierwsi chrze\u015bcijanie rozpocz\u0119li swoje \u017cycie wiary w \u015brodowisku nieprzyjaznym i trudnym. Do\u015bwiadczeniamarginalizacji i aresztowa\u0144 przeplata\u0142y si\u0119 z wewn\u0119trznymi i zewn\u0119trznymi walkami, kt\u00f3re zdawa\u0142y si\u0119 sta\u0107 w sprzeczno\u015bci, a nawet negowa\u0107 to, co widzieli i s\u0142yszeli. Ale to, zamiast stanowi\u0107 trudno\u015b\u0107 lub przeszkod\u0119, przez kt\u00f3r\u0105 mogli si\u0119 za\u0142ama\u0107 czy zamkn\u0105\u0107 w sobie, motywowa\u0142o ich do przemienienia wszelkich niedogodno\u015bci, przeciwno\u015bci czy trudno\u015bci w okazj\u0119 do misji. Ograniczenia i przeszkody sta\u0142y si\u0119 r\u00f3wnie\u017c uprzywilejowanymi miejscami namaszczenia wszystkiego i wszystkich Duchem Pana. Nic i nikt nie m\u00f3g\u0142 by\u0107 wykluczony z tego nios\u0105cego wyzwolenie przes\u0142ania.<\/p>\n<p>\u017bywe \u015bwiadectwo tego wszystkiego znajdujemy w <em>Dziejach Apostolskich<\/em>, w ksi\u0119dze, kt\u00f3r\u0105 uczniowie-misjonarze maj\u0105 zawsze pod r\u0119k\u0105. Jest to ksi\u0119ga opowiadaj\u0105ca o tym, jak rozprzestrzenia si\u0119 aromat Dobrej Nowiny, wzbudzaj\u0105c rado\u015b\u0107, kt\u00f3r\u0105 mo\u017ce da\u0107 jedynie Duch \u015awi\u0119ty. Ksi\u0119ga Dziej\u00f3w Apostolskich uczy nas prze\u017cywa\u0107 trudne do\u015bwiadczenia w blisko\u015bci z Chrystusem, by dojrzewa\u0107 w \u201eprzekonaniu, \u017ce B\u00f3g mo\u017ce dzia\u0142a\u0107 w jakichkolwiek okoliczno\u015bciach, nawet po\u015br\u00f3d pozornych niepowodze\u0144\u201d i w pewno\u015bci, \u017ce \u201ekto si\u0119 ofiaruje i oddaje Bogu z mi\u0142o\u015bci, z pewno\u015bci\u0105 przyniesie obfity owoc (por. J 15,5)\u201d (<a href=\"http:\/\/www.vatican.va\/content\/francesco\/pl\/apost_exhortations\/documents\/papa-francesco_esortazione-ap_20131124_evangelii-gaudium.html#Tajemnicze_dzia%C5%82anie_Zmartwychwsta%C5%82ego_i_Jego_Ducha\"><em>Evangelii gaudium<\/em><\/a>, 279).<\/p>\n<p>To samo dotyczy tak\u017ce nas \u2013 aktualne czasy nie s\u0105 \u0142atwe. Sytuacja pandemii pokaza\u0142a i zwi\u0119kszy\u0142a cierpienie, samotno\u015b\u0107, ub\u00f3stwo i niesprawiedliwo\u015b\u0107, z powodu kt\u00f3rych tak wielu ju\u017c wcze\u015bniej cierpia\u0142o, i zdemaskowa\u0142a nasze fa\u0142szywe poczucie bezpiecze\u0144stwa oraz polaryzacj\u0119 i wszelkie podzia\u0142y, kt\u00f3re niepostrze\u017cenie pog\u0142\u0119biaj\u0105 si\u0119 mi\u0119dzy nami. Osoby najbardziej wra\u017cliwe i podatne na zranienie jeszcze bardziej odczu\u0142y w\u0142asn\u0105 bezradno\u015b\u0107 i krucho\u015b\u0107. Do\u015bwiadczyli\u015bmy przygn\u0119bienia, rozczarowania, zm\u0119czenia; nie ustrzegli\u015bmy si\u0119 nawet konformistycznych i pe\u0142nych goryczy postaw, kt\u00f3re odbieraj\u0105 nadziej\u0119. My jednak \u201enie g\u0142osimy siebie samych, lecz Chrystusa Jezusa jako Pana, a nas \u2013 jako s\u0142ugi wasze przez Jezusa\u201d (2 Kor 4,5). Dlatego w naszych wsp\u00f3lnotach i w naszych rodzinach rozbrzmiewa s\u0142owo \u017cycia, kt\u00f3re odbija si\u0119 echem w naszych sercach i m\u00f3wi nam: \u201eNie ma Go tutaj, zmartwychwsta\u0142\u201d (\u0141k 24,6). To przes\u0142anie nadziei, kt\u00f3re zaprzecza determinizmowi, a tym, kt\u00f3rzy pozwalaj\u0105 si\u0119 mu dotkn\u0105\u0107, daje wolno\u015b\u0107 i odwag\u0119 konieczne, aby powsta\u0107 i poszukiwa\u0107 wszelkich mo\u017cliwych sposob\u00f3w okazywania wsp\u00f3\u0142czuj\u0105cej mi\u0142o\u015bci, \u201esakramentu\u201d blisko\u015bci Boga, kt\u00f3ry nie porzuca nikogo na poboczu drogi.<\/p>\n<p>W tym czasie pandemii, w obliczu pokusy ukrywania i usprawiedliwiania oboj\u0119tno\u015bci i bezczynno\u015bci w imi\u0119 koniecznego dla bezpiecze\u0144stwa dystansu spo\u0142ecznego, pilnie potrzebna jest <em>misja wsp\u00f3\u0142czucia<\/em>, kt\u00f3ra mo\u017ce sprawi\u0107, \u017ce dystans spo\u0142eczny stanie si\u0119 przestrzeni\u0105 spotkania, troski i wsparcia. \u201eTo, co\u015bmy widzieli i s\u0142yszeli\u201d (Dz 4,20), okazane nam mi\u0142osierdzie, mo\u017ce sta\u0107 si\u0119 punktem odniesienia i wiarygodno\u015bci, kt\u00f3ry pozwala nam odzyska\u0107 wsp\u00f3ln\u0105 pasj\u0119 budowania \u201ewsp\u00f3lnoty przynale\u017cno\u015bci i solidarno\u015bci, kt\u00f3rej nale\u017cy po\u015bwi\u0119ci\u0107 czas, trud i dobra\u201d (<a href=\"http:\/\/www.vatican.va\/content\/francesco\/pl\/encyclicals\/documents\/papa-francesco_20201003_enciclica-fratelli-tutti.html#36\"><em>Fratelli tutti<\/em><\/a>, 36). To Jego S\u0142owo codziennie nas zbawia i ocala przed wym\u00f3wkami, kt\u00f3re mog\u0105 nas pogr\u0105\u017cy\u0107 w tch\u00f3rzliwym sceptycyzmie: \u201eWszystko jedno i tak nic si\u0119 nie zmieni\u201d. I w obliczu pytania: \u201edlaczego mam zrezygnowa\u0107 z mojego bezpiecze\u0144stwa, wygody i przyjemno\u015bci, je\u015bli nie widz\u0119 \u017cadnych istotnych rezultat\u00f3w?\u201d, odpowied\u017a pozostaje zawsze ta sama: \u201eJezus Chrystus zatriumfowa\u0142 nad grzechem i \u015bmierci\u0105 i jest pe\u0142en mocy. Jezus Chrystus naprawd\u0119 \u017cyje\u201d (por. <a href=\"http:\/\/www.vatican.va\/content\/francesco\/pl\/apost_exhortations\/documents\/papa-francesco_esortazione-ap_20131124_evangelii-gaudium.html#Tajemnicze_dzia%C5%82anie_Zmartwychwsta%C5%82ego_i_Jego_Ducha\"><em>Evangelii gaudium<\/em><\/a>, 275) i pragnie, aby\u015bmy byli pe\u0142ni \u017cycia, braterscy i zdolni do przyjmowania i dzielenia si\u0119 tym przes\u0142aniem nadziei. W aktualnych okoliczno\u015bciach pilnie potrzebni s\u0105 misjonarze nadziei, kt\u00f3rzy, namaszczeni przez Pana, b\u0119d\u0105 proroczo przypomina\u0107, \u017ce nikt nie zbawia si\u0119 sam.<\/p>\n<p>Podobnie jak Aposto\u0142owie i pierwsi chrze\u015bcijanie, tak\u017ce i my m\u00f3wimy z pe\u0142nym przekonaniem: \u201eNie mo\u017cemy nie m\u00f3wi\u0107 tego, co\u015bmy widzieli i s\u0142yszeli\u201d (Dz 4,20). Wszystko, co otrzymali\u015bmy, wszystko, czym obdarowa\u0142 nas Pan, da\u0142 nam, by\u015bmy to dobrze wykorzystali i przekazali bezinteresownie innym. Tak jak Aposto\u0142owie, kt\u00f3rzy zobaczyli, us\u0142yszeli i dotkn\u0119li zbawczej mocy Jezusa (por. 1J 1,1-4), tak i my dzisiaj mo\u017cemy dotkn\u0105\u0107 cierpi\u0105cego i chwalebnego cia\u0142a Chrystusa w historii ka\u017cdego dnia i odnale\u017a\u0107 w sobie odwag\u0119, by dzieli\u0107 si\u0119 ze wszystkimi przes\u0142aniem nadziei, kt\u00f3re rodzi si\u0119 ze \u015bwiadomo\u015bci, \u017ce towarzyszy nam Pan. Jako chrze\u015bcijanie nie mo\u017cemy zatrzyma\u0107 Pana dla siebie: misja ewangelizacyjna Ko\u015bcio\u0142a wyra\u017ca swoj\u0105 integraln\u0105 i spo\u0142eczn\u0105 warto\u015b\u0107 poprzez przemienianie \u015bwiata i trosk\u0119 o stworzenie.<\/p>\n<p><em>Zaproszenie dla ka\u017cdego z nas<\/em><\/p>\n<p>Temat tegorocznego \u015awiatowego Dnia Misyjnego \u201eNie mo\u017cemy nie m\u00f3wi\u0107 tego, co\u015bmy widzieli i s\u0142yszeli\u201d (Dz 4,20) jest zaproszeniem dla ka\u017cdego z nas, aby\u015bmy \u201eprzyj\u0119li to brzemi\u0119\u201d i ujawnili innym to, co nosimy w swoich sercach. Ta misja jest i zawsze by\u0142a istot\u0105 Ko\u015bcio\u0142a: \u201eKo\u015bci\u00f3\u0142 istnieje, aby ewangelizowa\u0107\u201d (<a href=\"http:\/\/www.vatican.va\/content\/paul-vi\/la\/apost_exhortations\/documents\/hf_p-vi_exh_19751208_evangelii-nuntiandi.html\"><em>Evangelii nuntiandi<\/em><\/a>, 14). Nasze \u017cycie wiary s\u0142abnie, przestaje by\u0107 prorockim znakiem i traci zdolno\u015b\u0107 do zachwytu i wdzi\u0119czno\u015bci, gdy zamykamy si\u0119 w sobie lub w ma\u0142ych grupkach. Ze wzgl\u0119du na swoj\u0105 dynamik\u0119 \u017cycie wiary wymaga coraz wi\u0119kszej otwarto\u015bci, dzi\u0119ki kt\u00f3rej mo\u017cna dotrze\u0107 do wszystkich i przygarn\u0105\u0107 ka\u017cdego. Pierwsi chrze\u015bcijanie, nie ulegaj\u0105c pokusie zamkni\u0119cia si\u0119 w elitarnej grupie, zostali zainspirowani przez Pana oraz przez nowe \u017cycie, kt\u00f3re im ofiarowa\u0142, aby p\u00f3j\u015b\u0107 do pogan i da\u0107 \u015bwiadectwo o tym, co widzieli i s\u0142yszeli: bliskie jest kr\u00f3lestwo Bo\u017ce. Czynili to z hojno\u015bci\u0105, wdzi\u0119czno\u015bci\u0105 i wielkoduszno\u015bci\u0105 w\u0142a\u015bciwymi dla tych, kt\u00f3rzy siej\u0105, wiedz\u0105c, \u017ce to inni b\u0119d\u0105 cieszy\u0107 si\u0119 owocami ich zaanga\u017cowania i po\u015bwi\u0119cenia. Dlatego lubi\u0119 my\u015ble\u0107, \u017ce \u201eNawet najs\u0142absi, z r\u00f3\u017cnymi ograniczeniami i zranieni mog\u0105 by\u0107 na sw\u00f3j spos\u00f3b misjonarzami, poniewa\u017c zawsze trzeba pozwala\u0107, aby dobro by\u0142o przekazywane, nawet je\u015bli wsp\u00f3\u0142istnieje z wieloma s\u0142abo\u015bciami\u201d (<a href=\"http:\/\/www.vatican.va\/content\/francesco\/pl\/apost_exhortations\/documents\/papa-francesco_esortazione-ap_20190325_christus-vivit.html#239\"><em>Christus vivit<\/em><\/a>, 239).<\/p>\n<p>W \u015awiatowy Dzie\u0144 Misyjny, obchodzony co roku w przedostatni\u0105 niedziel\u0119 pa\u017adziernika, z wdzi\u0119czno\u015bci\u0105 wspominamy wszystkie osoby, kt\u00f3re swoim \u015bwiadectwem \u017cycia pomagaj\u0105 nam odnowi\u0107 nasze chrzcielne zobowi\u0105zanie do bycia hojnymi i radosnymi aposto\u0142ami Ewangelii. Pami\u0119tamy zw\u0142aszcza o tych, kt\u00f3rzy zdecydowali si\u0119 wyruszy\u0107 w drog\u0119, opu\u015bci\u0107 ojczyzn\u0119 i rodzin\u0119, \u017ceby szybko i bez l\u0119ku zanie\u015b\u0107 Ewangeli\u0119 do najdalszych narod\u00f3w i miast, w kt\u00f3rych tak wielu ludzi spragnionych jest b\u0142ogos\u0142awie\u0144stwa.<\/p>\n<p>Kontemplacja ich misyjnego \u015bwiadectwa dodaje nam odwagi i motywuje do nieustannej modlitwy do \u201ePana \u017cniwa, \u017ceby wyprawi\u0142 robotnik\u00f3w na swoje \u017cniwo\u201d (\u0141k 10,2), poniewa\u017c mamy \u015bwiadomo\u015b\u0107, \u017ce powo\u0142anie do misji nie nale\u017cy do przesz\u0142o\u015bci ani nie jest romantycznym wspomnieniem z dawnych czas\u00f3w. Dzisiaj Jezus potrzebuje serc ludzi zdolnych do prze\u017cywania powo\u0142ania jako prawdziwej mi\u0142o\u015bci, kt\u00f3ra sprawi, \u017ce wyjd\u0105 na peryferie \u015bwiata i stan\u0105 si\u0119 pos\u0142a\u0144cami i narz\u0119dziami wsp\u00f3\u0142czuj\u0105cej mi\u0142o\u015bci. I jest to powo\u0142anie, kt\u00f3re On kieruje do wszystkich, cho\u0107 nie w ten sam spos\u00f3b. Pami\u0119tamy, \u017ce s\u0105 peryferie, kt\u00f3re s\u0105 blisko nas, w centrum miasta lub w naszych w\u0142asnych rodzinach. Istnieje r\u00f3wnie\u017c kwestia powszechnej otwarto\u015bci na mi\u0142o\u015b\u0107, kt\u00f3ra nie jest geograficzna, lecz egzystencjalna. Zawsze, ale szczeg\u00f3lnie w obecnych czasach pandemii, wa\u017cne jest, aby\u015bmy rozwijali nasze umiej\u0119tno\u015bci docierania ka\u017cdego dnia do tych, kt\u00f3rzy na poz\u00f3r nie s\u0105 cz\u0119\u015bci\u0105 \u201emojego \u015bwiata zainteresowa\u0144\u201d, chocia\u017c s\u0105 blisko nas (por. <a href=\"http:\/\/www.vatican.va\/content\/francesco\/pl\/encyclicals\/documents\/papa-francesco_20201003_enciclica-fratelli-tutti.html#97\"><em>Fratelli tutti<\/em><\/a>, 97). \u017by\u0107 misj\u0105 to mie\u0107 odwag\u0119 piel\u0119gnowa\u0107 te same uczucia, kt\u00f3re mia\u0142 Jezus Chrystus i wierzy\u0107 wraz z Nim, \u017ce ten, kto jest obok mnie, jest tak\u017ce moim bratem i siostr\u0105. Niech Jego pe\u0142na wsp\u00f3\u0142czucia mi\u0142o\u015b\u0107 obudzi tak\u017ce nasze serca i sprawi, \u017ce wszyscy staniemy si\u0119 uczniami-misjonarzami.<\/p>\n<p>Niech Maryja, pierwsza uczennica-misjonarka, sprawi, by we wszystkich ochrzczonych wzrasta\u0142o pragnienie bycia sol\u0105 i \u015bwiat\u0142em naszej ziemi (por. Mt 5,13-14).<\/p>\n<p><em>Rzym, Bazylika \u015bw. Jana na Lateranie, 6 stycznia 2021 r., Uroczysto\u015b\u0107 Objawienia Pa\u0144skiego<\/em><\/p>\n<p>Franciszek<\/p>\n<p>T\u0142umaczenie: Papieskie Dzie\u0142a Misyjne<\/p>\n","protected":false},"excerpt":{"rendered":"<p>\u201eNie mo\u017cemy nie m\u00f3wi\u0107 tego, co\u015bmy widzieli i s\u0142yszeli\u201d (Dz 4,20) Drodzy bracia i siostry, Gdy do\u015bwiadczamy mocy mi\u0142o\u015bci Boga, gdy rozpoznajemy Jego ojcowsk\u0105 obecno\u015b\u0107 w naszym \u017cyciu osobistym i wsp\u00f3lnotowym, nie mo\u017cemy nie g\u0142osi\u0107 i nie dzieli\u0107 si\u0119 tym, co\u015bmy widzieli i s\u0142yszeli. Relacja Jezusa z Jego uczniami, Jego cz\u0142owiecze\u0144stwo, kt\u00f3re objawia si\u0119 nam w tajemnicy wcielenia, w Jego Ewangelii i w Jego tajemnicy paschalnej, ukazuj\u0105 nam, jak mocno B\u00f3g mi\u0142uje nasze cz\u0142owiecze\u0144stwo i czyni swoimi nasze rado\u015bci i cierpienia, nasze pragnienia i niepokoje (por. Gaudium et spes, 22). Wszystko, co dotyczy Chrystusa, przypomina nam, \u017ce \u015bwiat, w kt\u00f3rym \u017cyjemy, i potrzeba jego odkupienia nie s\u0105 obce temu, kt\u00f3ry wzywa nas do aktywnego zaanga\u017cowania w t\u0119 misj\u0119: \u201eId\u017acie na rozstajne drogi i zapro\u015bcie na uczt\u0119 wszystkich, kt\u00f3rych spotkacie\u201d (Mt 22,9). Nikt nie jest wykluczony, nikt nie powinien czu\u0107 si\u0119 od\u0142\u0105czony czy pozbawiony tej wsp\u00f3\u0142czuj\u0105cej mi\u0142o\u015bci. Do\u015bwiadczenie Aposto\u0142\u00f3w Historia ewangelizacji&hellip;<\/p>\n<p> <a class=\"more-link\" href=\"http:\/\/www.franciszek-walcz.pl\/?p=17757\">Czytaj dalej<\/a><\/p>\n","protected":false},"author":1,"featured_media":0,"comment_status":"closed","ping_status":"closed","sticky":false,"template":"","format":"standard","meta":{"footnotes":""},"categories":[5],"tags":[],"class_list":{"0":"post-17757","1":"post","2":"type-post","3":"status-publish","4":"format-standard","6":"category-artykuly"},"brizy_media":[],"_links":{"self":[{"href":"http:\/\/www.franciszek-walcz.pl\/index.php?rest_route=\/wp\/v2\/posts\/17757","targetHints":{"allow":["GET"]}}],"collection":[{"href":"http:\/\/www.franciszek-walcz.pl\/index.php?rest_route=\/wp\/v2\/posts"}],"about":[{"href":"http:\/\/www.franciszek-walcz.pl\/index.php?rest_route=\/wp\/v2\/types\/post"}],"author":[{"embeddable":true,"href":"http:\/\/www.franciszek-walcz.pl\/index.php?rest_route=\/wp\/v2\/users\/1"}],"replies":[{"embeddable":true,"href":"http:\/\/www.franciszek-walcz.pl\/index.php?rest_route=%2Fwp%2Fv2%2Fcomments&post=17757"}],"version-history":[{"count":1,"href":"http:\/\/www.franciszek-walcz.pl\/index.php?rest_route=\/wp\/v2\/posts\/17757\/revisions"}],"predecessor-version":[{"id":17758,"href":"http:\/\/www.franciszek-walcz.pl\/index.php?rest_route=\/wp\/v2\/posts\/17757\/revisions\/17758"}],"wp:attachment":[{"href":"http:\/\/www.franciszek-walcz.pl\/index.php?rest_route=%2Fwp%2Fv2%2Fmedia&parent=17757"}],"wp:term":[{"taxonomy":"category","embeddable":true,"href":"http:\/\/www.franciszek-walcz.pl\/index.php?rest_route=%2Fwp%2Fv2%2Fcategories&post=17757"},{"taxonomy":"post_tag","embeddable":true,"href":"http:\/\/www.franciszek-walcz.pl\/index.php?rest_route=%2Fwp%2Fv2%2Ftags&post=17757"}],"curies":[{"name":"wp","href":"https:\/\/api.w.org\/{rel}","templated":true}]}}