{"id":17759,"date":"2021-10-23T11:18:54","date_gmt":"2021-10-23T09:18:54","guid":{"rendered":"http:\/\/www.franciszek-walcz.pl\/?p=17759"},"modified":"2021-10-23T11:40:34","modified_gmt":"2021-10-23T09:40:34","slug":"niedziela-misyjna-2021-misyjny-budzik-serc","status":"publish","type":"post","link":"http:\/\/www.franciszek-walcz.pl\/?p=17759","title":{"rendered":"Niedziela Misyjna 2021 \u2013 misyjny \u201ebudzik\u201d serc"},"content":{"rendered":"<p><strong>\u015awiatowy Dzie\u0144 Misyjny, zwany popularnie Niedziel\u0105 Misyjn\u0105, b\u0119dzie obchodzony w tym roku 24 pa\u017adziernika pod has\u0142em \u201eSpotkali\u015bmy Jezusa, wi\u0119c g\u0142osimy\u201d. Jest \u015bwi\u0119tem Papieskich Dzie\u0142 Misyjnych i ca\u0142ego Ko\u015bcio\u0142a. Z tej okazji papie\u017c Franciszek napisa\u0142 or\u0119dzie zatytu\u0142owane: \u201eNie mo\u017cemy nie m\u00f3wi\u0107 tego, co\u015bmy wiedzieli i s\u0142yszeli\u201d (Dz 4,20). Dzie\u0144 ten w Polsce rozpoczyna Tydzie\u0144 Misyjny. <\/strong><\/p>\n<p><strong>Historia<\/strong><\/p>\n<p>Dzie\u0142a Misyjne powsta\u0142y na pocz\u0105tku XIX wieku. W latach dwudziestych XX w. zosta\u0142y uznane za \u201epapieskie\u201d i zajmuj\u0105 dzi\u015b centralne miejsce we wsp\u00f3\u0142pracy misyjnej. Ich celem jest budzenie \u015bwiadomo\u015bci misyjnej.<\/p>\n<p>\u015awiatowy Dzie\u0144 Misyjny zosta\u0142 ustanowiony 14 kwietnia 1926 r. przez papie\u017ca Piusa XI i ka\u017cdego roku we wszystkich diecezjach i parafiach na \u015bwiecie jest obchodzony<br \/>\nw przedostatni\u0105 niedziel\u0119 pa\u017adziernika. Dzie\u0144 ten jest r\u00f3wnie\u017c \u015bwi\u0119tem patronalnym Papieskich Dzie\u0142 Misyjnych, a szczeg\u00f3lnie Papieskiego Dzie\u0142a Rozkrzewiania Wiary. W Polsce \u015awiatowy Dzie\u0144 Misyjny, zwany r\u00f3wnie\u017c Niedziel\u0105 Misyjn\u0105, przed\u0142u\u017ca si\u0119 na ca\u0142y tydzie\u0144.<br \/>\nW tym roku b\u0119dzie obchodzony po raz 95.<\/p>\n<p><strong>Or\u0119dzie misyjne<\/strong><\/p>\n<p>Z okazji \u015awiatowego Dnia Misyjnego wydawane s\u0105 or\u0119dzia misyjne. Ukazuj\u0105 si\u0119 one regularnie od pontyfikatu Paw\u0142a VI.<\/p>\n<p>W tegorocznym or\u0119dziu papie\u017c Franciszek napisa\u0142: \u201ePodobnie jak Aposto\u0142owie i pierwsi chrze\u015bcijanie, r\u00f3wnie\u017c my m\u00f3wimy z ca\u0142\u0105 moc\u0105: <strong>\u00abNie mo\u017cemy nie m\u00f3wi\u0107 tego, co\u015bmy widzieli i s\u0142yszeli\u00bb (Dz 4,20)<\/strong>. Wszystko, co otrzymali\u015bmy, wszystko, czym obdarowa\u0142 nas Pan, da\u0142 nam, by\u015bmy to dobrze wykorzystali i przekazali bezinteresownie innym. Tak jak Aposto\u0142owie, kt\u00f3rzy zobaczyli, us\u0142yszeli i dotkn\u0119li zbawczej mocy Jezusa (por. 1 J 1,1-4), tak i my dzisiaj mo\u017cemy dotkn\u0105\u0107 cierpi\u0105cego i chwalebnego cia\u0142a Chrystusa w historii ka\u017cdego dnia i odnale\u017a\u0107 w sobie odwag\u0119, by dzieli\u0107 si\u0119 ze wszystkimi przes\u0142aniem nadziei, kt\u00f3re rodzi si\u0119 ze \u015bwiadomo\u015bci, \u017ce towarzyszy nam Pan\u201d.<\/p>\n<p>Papie\u017c podkre\u015bla te\u017c warto\u015b\u0107 powo\u0142ania misyjnego: \u201eDzisiaj Jezus potrzebuje serc ludzi zdolnych do prze\u017cywania powo\u0142ania jako prawdziwej mi\u0142o\u015bci, kt\u00f3ra sprawi, \u017ce wyjd\u0105 na peryferie \u015bwiata i stan\u0105 si\u0119 pos\u0142a\u0144cami i narz\u0119dziami wsp\u00f3\u0142czuj\u0105cej mi\u0142o\u015bci. I jest to powo\u0142anie, kt\u00f3re On kieruje do wszystkich, cho\u0107 nie w ten sam spos\u00f3b\u201d.<\/p>\n<p>\u201eNiedziela Misyjna jest swoistego rodzaju budzikiem dla naszych serc. Daje nadziej\u0119 na to, \u017ce kolejni misjonarze w imieniu Ko\u015bcio\u0142a pokonaj\u0105 najdalsze przestrzenie globu, aby za\u015bwiadczy\u0107 o Ewangelii \u017bycia\u201d \u2013 wyja\u015bni\u0142 ks. dr Maciej B\u0119dzi\u0144ski, dyrektor krajowy Papieskich Dzie\u0142 Misyjnych. Zaznaczy\u0142 te\u017c, \u017ce Niedziela Misyjna inauguruje w Polsce tydzie\u0144 aktywno\u015bci misyjnej: \u201eKa\u017cdy z ochrzczonych mo\u017ce w tym czasie w\u0142\u0105czy\u0107 si\u0119 w to dzie\u0142o pomocy naszym siostrom i braciom na terenach misyjnych, np. poprzez uczestnictwo w nabo\u017ce\u0144stwach misyjnych. Papieskie Dzie\u0142a Misyjne proponuj\u0105 na ka\u017cdy dzie\u0144 Tygodnia Misyjnego materia\u0142y liturgiczne i duszpasterskie, kt\u00f3re s\u0105 pomoc\u0105 w animacji misyjnej w naszych wsp\u00f3lnotach<br \/>\ni parafiach. Zawieraj\u0105 my\u015bli do homilii dla doros\u0142ych i m\u0142odzie\u017cy oraz propozycje modlitw<br \/>\ni liturgii Mszy \u015bw. Przybli\u017caj\u0105 jego ide\u0119 i pomagaj\u0105 w prze\u017cyciu tego szczeg\u00f3lnego dla misji czasu\u201d.<\/p>\n<p><strong>Bilans Niedzieli Misyjnej 2020 r.<\/strong><\/p>\n<p>W zesz\u0142ym roku Papieskie Dzie\u0142a Misyjne w Polsce zebra\u0142y <strong>podczas Niedzieli Misyjnej<\/strong> i przekaza\u0142y Stolicy Apostolskiej <strong>kwot\u0119 <\/strong><strong>693 019,54 USD<\/strong> \u2013 na budow\u0119 ko\u015bcio\u0142\u00f3w, kaplic, dom\u00f3w parafialnych, a tak\u017ce formacj\u0119 katechist\u00f3w, kap\u0142an\u00f3w i rozw\u00f3j ewangelizacji medialnej.<\/p>\n<p><strong>Ciekawostki<\/strong><\/p>\n<p>&#8211; 5 miliard\u00f3w ludzi na \u015bwiecie nie jest jeszcze ochrzczonych lub nie zna Chrystusa.<\/p>\n<p>-Aktualnie na misjach pos\u0142uguje 1800 polskich misjonarzy i misjonarek w 99 krajach na 5 kontynentach.<\/p>\n<p>&#8211; Do czasu pandemii wierni Ko\u015bcio\u0142a w Polsce przekazywali kwot\u0119 ponad 1 mln dolar\u00f3w ameryka\u0144skich, zebran\u0105 podczas Niedzieli Misyjnej; obecnie jest to nieco mniej.<\/p>\n<p>&#8211; Diecezjami, kt\u00f3re przekazuj\u0105 najwi\u0119ksze kwoty zebrane podczas Niedzieli Misyjnej, s\u0105: tarnowska, \u0142\u00f3dzka, warszawsko-praska, katowicka, kielecka.<\/p>\n<p>&#8211; Polska zajmuje 8 miejsce w Europie pod wzgl\u0119dem finansowego wspierania plac\u00f3wek misyjnych.<\/p>\n<p>&#8211; We wrze\u015bniu 2021 r. odwiedzi\u0142 siedzib\u0119 Papieskich Dzie\u0142 Misyjnych w Warszawie i wzi\u0105\u0142 udzia\u0142 w jesiennym zebraniu PDM i innych \u015brodowisk misyjnych w Cz\u0119stochowie sekretarz generalny Papieskiego Dzie\u0142a Rozkrzewiania Wiary o. Tadeusz Nowak OMI. Go\u015b\u0107 z Rzymu podczas wyst\u0105pienia w Cz\u0119stochowie podkre\u015bli\u0142, \u017ce Papieskie Dzie\u0142a Misyjne to mi\u0119dzynarodowa sie\u0107 modlitwy i wsparcia charytatywnego misji Ko\u015bcio\u0142a. Wskaza\u0142 te\u017c na fenomen modlitwy r\u00f3\u017ca\u0144cowej w dzia\u0142alno\u015bci misyjnej Ko\u015bcio\u0142a, zaznaczaj\u0105c, \u017ce wierni<br \/>\nw Polsce s\u0105 szczeg\u00f3lnie w ni\u0105 zaanga\u017cowani: \u201eTa forma modlitwy wsp\u00f3lnotowej, tak jak za czas\u00f3w jej pomys\u0142odawczyni s\u0142. Bo\u017cej Pauliny Jaricot, przynosi nieocenione owoce w rozwoju i umocnieniu Ko\u015bcio\u0142a w krajach misyjnych\u201d.<\/p>\n<p>&#8211; 22 maja 2022 r. w Lyonie odb\u0119dzie si\u0119 beatyfikacja s\u0142. Bo\u017cej Pauliny Jaricot, za\u0142o\u017cycielki PDRW i \u017bywego R\u00f3\u017ca\u0144ca. Uroczysto\u015bci b\u0119dzie przewodniczy\u0142 kard. Luis Antonio Tagle, prefekt Kongregacji Ewangelizacji Narod\u00f3w.<\/p>\n<p>&#8211; W roku 2022 wypadaj\u0105 wielkie jubileusze misyjne zwi\u0105zane z Papieskimi Dzie\u0142ami: 400-lecie powo\u0142ania do \u017cycia Kongregacji ds. Ewangelizacji Narod\u00f3w, 200-lecie powstania Dzie\u0142a Rozkrzewiania Wiary, setna rocznica uznania za papieskie Dzie\u0142a Rozkrzewiania Wiary, Dzie\u0142a \u015bw. Piotra Aposto\u0142a i Dzie\u0142a Misyjnego Dzieci oraz\u00a0150 rocznica urodzin b\u0142. Paw\u0142a Manny, za\u0142o\u017cyciela Papieskiej Unii Misyjnej.<\/p>\n<p><strong>Bilans finansowy ca\u0142orocznej dzia\u0142alno\u015bci PDRW <\/strong>(taca z Niedzieli Misyjnej, \u017bywy R\u00f3\u017caniec dla Misji, \u017bywy R\u00f3\u017caniec, Dar Serca dla Misji i inne; kwoty przekazane w danym roku, a zebrane rok wcze\u015bniej):<\/p>\n<p>2013 \u2013 1 041 042,95 USD<\/p>\n<p>2014 \u2013 1 233 203,88 USD<\/p>\n<p>2015 \u2013 1 175 990,73 USD<\/p>\n<p>2016 \u2013 1 077 568,75 USD<\/p>\n<p>2017 \u2013 1 141 658,03 USD<\/p>\n<p>2018 \u2013 1 214 275,92 USD<\/p>\n<p>2019 \u2013 1\u00a0196\u00a0115,98 USD<\/p>\n<p>2020 \u2013 1 134 489,43 USD<\/p>\n<p>2021 <strong>\u2013 <\/strong>940 824,05 USD<\/p>\n<p>Liczba projekt\u00f3w zrealizowanych na misjach z funduszu polskiego PDRW:<\/p>\n<p>2013 \u2013 30<\/p>\n<p>2014 \u2013 51<\/p>\n<p>2015 \u2013 45<\/p>\n<p>2016 \u2013 42<\/p>\n<p>2017 \u2013 38<\/p>\n<p>2018 \u2013 47<\/p>\n<p>2019 \u2013 58<\/p>\n<p>2020 \u2013 58<\/p>\n<p><strong>Papieskie Dzie\u0142a Misyjne (PDRW) z Polski w roku 2021 sfinansowa\u0142y:<\/strong><\/p>\n<p>&#8211; 44 projekty w 6 krajach (w Afryce \u2013 Burundi, Demokratyczna Republika Konga, Liberia, Sierra Leone oraz w Azji \u2013 Tad\u017cykistan i Tajwan).<\/p>\n<p>S\u0105 to m.in.:<\/p>\n<p>&#8211; budowa i remont \u015bwi\u0105ty\u0144, kaplic, dom\u00f3w parafialnych i pomieszcze\u0144 s\u0142u\u017c\u0105cych duszpasterstwu,<\/p>\n<p>&#8211; kszta\u0142cenie koordynator\u00f3w katechez,<\/p>\n<p>&#8211; dofinansowanie szkole\u0144 dla m\u0142odzie\u017cy.<\/p>\n<p>Pomoc z Papieskich Dzie\u0142 Misyjnych dociera do oko\u0142o 600 mln katolik\u00f3w na terenach misyjnych w kwocie 90 mln euro. Co roku do Kongregacji ds. Ewangelizacji Narod\u00f3w sp\u0142ywa z ca\u0142ego \u015bwiata ponad 3 tys. projekt\u00f3w (\u0179r\u00f3d\u0142o: <em>Annuario Pontificio<\/em>, 2019).<\/p>\n<p>Struktury Papieskich Dzie\u0142 Misyjnych sk\u0142adaj\u0105 si\u0119 z Rady Wy\u017cszej PDM, do kt\u00f3rej nale\u017c\u0105:<\/p>\n<p>kard. Luis Antonio Tagle<br \/>\nprefekt Kongregacji Ewangelizacji Narod\u00f3w<\/p>\n<p>abp Giovanni Pietro Dal Toso<br \/>\nsekretarz pomocniczy Kongregacji Ewangelizacji Narod\u00f3w, przewodnicz\u0105cy Rady Wy\u017cszej PDM<\/p>\n<ol>\n<li>Dinh Anh Nhue Nguyen OFMConv<br \/>\nsekretarz generalny Papieskiej Unii Misyjnej<\/li>\n<li>Tadeusz Nowak OMI<br \/>\nsekretarz generalny Papieskiego Dzie\u0142a Rozkrzewiania Wiary<\/li>\n<li>Guy Bognon PSS<br \/>\nsekretarz generalny Papieskiego Dzie\u0142a \u015bw. Piotra Aposto\u0142a<\/li>\n<li>Roberta Tremarelli AMSS<br \/>\nsekretarz generalny Papieskiego Dzie\u0142a Misyjnego Dzieci<\/li>\n<\/ol>\n<p>Natomiast w poszczeg\u00f3lnych krajach istniej\u0105 struktury krajowe PDM. W Polsce stanowi\u0105 je Dyrekcja Krajowa PDM, Sekretariaty Krajowe Dzie\u0142 i dyrektorzy diecezjalni PDM.<\/p>\n<p>mk\/pdm<\/p>\n<p><img loading=\"lazy\" decoding=\"async\" class=\"alignnone wp-image-17773\" src=\"http:\/\/www.franciszek-walcz.pl\/wp-content\/uploads\/2019\/12\/Plakat-TM-2021_druk_press-1-213x300.jpg\" alt=\"\" width=\"818\" height=\"1152\" \/><\/p>\n","protected":false},"excerpt":{"rendered":"<p>\u015awiatowy Dzie\u0144 Misyjny, zwany popularnie Niedziel\u0105 Misyjn\u0105, b\u0119dzie obchodzony w tym roku 24 pa\u017adziernika pod has\u0142em \u201eSpotkali\u015bmy Jezusa, wi\u0119c g\u0142osimy\u201d. Jest \u015bwi\u0119tem Papieskich Dzie\u0142 Misyjnych i ca\u0142ego Ko\u015bcio\u0142a. Z tej okazji papie\u017c Franciszek napisa\u0142 or\u0119dzie zatytu\u0142owane: \u201eNie mo\u017cemy nie m\u00f3wi\u0107 tego, co\u015bmy wiedzieli i s\u0142yszeli\u201d (Dz 4,20). Dzie\u0144 ten w Polsce rozpoczyna Tydzie\u0144 Misyjny. Historia Dzie\u0142a Misyjne powsta\u0142y na pocz\u0105tku XIX wieku. W latach dwudziestych XX w. zosta\u0142y uznane za \u201epapieskie\u201d i zajmuj\u0105 dzi\u015b centralne miejsce we wsp\u00f3\u0142pracy misyjnej. Ich celem jest budzenie \u015bwiadomo\u015bci misyjnej. \u015awiatowy Dzie\u0144 Misyjny zosta\u0142 ustanowiony 14 kwietnia 1926 r. przez papie\u017ca Piusa XI i ka\u017cdego roku we wszystkich diecezjach i parafiach na \u015bwiecie jest obchodzony w przedostatni\u0105 niedziel\u0119 pa\u017adziernika. Dzie\u0144 ten jest r\u00f3wnie\u017c \u015bwi\u0119tem patronalnym Papieskich Dzie\u0142 Misyjnych, a szczeg\u00f3lnie Papieskiego Dzie\u0142a Rozkrzewiania Wiary. W Polsce \u015awiatowy Dzie\u0144 Misyjny, zwany r\u00f3wnie\u017c Niedziel\u0105 Misyjn\u0105, przed\u0142u\u017ca si\u0119 na ca\u0142y tydzie\u0144. W tym roku b\u0119dzie obchodzony po raz&hellip;<\/p>\n<p> <a class=\"more-link\" href=\"http:\/\/www.franciszek-walcz.pl\/?p=17759\">Czytaj dalej<\/a><\/p>\n","protected":false},"author":1,"featured_media":0,"comment_status":"closed","ping_status":"closed","sticky":false,"template":"","format":"standard","meta":{"footnotes":""},"categories":[5],"tags":[],"class_list":{"0":"post-17759","1":"post","2":"type-post","3":"status-publish","4":"format-standard","6":"category-artykuly"},"brizy_media":[],"_links":{"self":[{"href":"http:\/\/www.franciszek-walcz.pl\/index.php?rest_route=\/wp\/v2\/posts\/17759","targetHints":{"allow":["GET"]}}],"collection":[{"href":"http:\/\/www.franciszek-walcz.pl\/index.php?rest_route=\/wp\/v2\/posts"}],"about":[{"href":"http:\/\/www.franciszek-walcz.pl\/index.php?rest_route=\/wp\/v2\/types\/post"}],"author":[{"embeddable":true,"href":"http:\/\/www.franciszek-walcz.pl\/index.php?rest_route=\/wp\/v2\/users\/1"}],"replies":[{"embeddable":true,"href":"http:\/\/www.franciszek-walcz.pl\/index.php?rest_route=%2Fwp%2Fv2%2Fcomments&post=17759"}],"version-history":[{"count":2,"href":"http:\/\/www.franciszek-walcz.pl\/index.php?rest_route=\/wp\/v2\/posts\/17759\/revisions"}],"predecessor-version":[{"id":17774,"href":"http:\/\/www.franciszek-walcz.pl\/index.php?rest_route=\/wp\/v2\/posts\/17759\/revisions\/17774"}],"wp:attachment":[{"href":"http:\/\/www.franciszek-walcz.pl\/index.php?rest_route=%2Fwp%2Fv2%2Fmedia&parent=17759"}],"wp:term":[{"taxonomy":"category","embeddable":true,"href":"http:\/\/www.franciszek-walcz.pl\/index.php?rest_route=%2Fwp%2Fv2%2Fcategories&post=17759"},{"taxonomy":"post_tag","embeddable":true,"href":"http:\/\/www.franciszek-walcz.pl\/index.php?rest_route=%2Fwp%2Fv2%2Ftags&post=17759"}],"curies":[{"name":"wp","href":"https:\/\/api.w.org\/{rel}","templated":true}]}}