{"id":17888,"date":"2021-11-06T10:48:17","date_gmt":"2021-11-06T09:48:17","guid":{"rendered":"http:\/\/www.franciszek-walcz.pl\/?p=17888"},"modified":"2021-11-06T10:48:32","modified_gmt":"2021-11-06T09:48:32","slug":"ufam-mojemu-bogu","status":"publish","type":"post","link":"http:\/\/www.franciszek-walcz.pl\/?p=17888","title":{"rendered":"Ufam mojemu Bogu"},"content":{"rendered":"<p>Historia wdowy z Sarepty Sydo\u0144skiej i historia wdowy w dzisiejszej Ewangelii s\u0105 dla nas pewnego rodzaju wyzwaniem. Nieodparcie przychodz\u0105 na my\u015bl inne s\u0142owa Chrystusa wypowiedziane w Ewangelii wg. \u015bw. Mateusza \u201c<em>Nie troszczcie si\u0119 zbytnio o swoje \u017cycie, o to, co macie je\u015b\u0107 i pi\u0107, ani o swoje cia\u0142o, czym si\u0119 macie przyodzia\u0107. Czy\u017c \u017cycie nie znaczy wi\u0119cej ni\u017c pokarm, a cia\u0142o wi\u0119cej ni\u017c odzienie? Przypatrzcie si\u0119 ptakom w powietrzu: nie siej\u0105 ani \u017cn\u0105 i nie zbieraj\u0105 do spichlerzy, a Ojciec wasz niebieski je \u017cywi. Czy\u017c wy nie jeste\u015bcie wa\u017cniejsi ni\u017c one? \u2026 Przecie\u017c Ojciec wasz niebieski wie, \u017ce tego wszystkiego potrzebujecie. Starajcie si\u0119 naprz\u00f3d o kr\u00f3lestwo Bo\u017ce i o Jego Sprawiedliwo\u015b\u0107, a to wszystko b\u0119dzie wam dodane<\/em>\u201d . \u017bycie jest na pewno najwy\u017csz\u0105 warto\u015bci\u0105, ale nie tylko moje \u017cycie, ka\u017cde \u017cycie i ka\u017cde \u017cycie domaga si\u0119 szacunku i troski opartej na solidarno\u015bci i ostatecznie na ufno\u015bci Bogu.<\/p>\n<p>Nasz skomercjalizowany \u015bwiat nastawiony na spektakularny sukces i maksymalny zysk nie pojmuje wcale tego rozumowania, nie rozumie post\u0119powania obydwu wd\u00f3w z dzisiejszych czyta\u0144 i wielu na pewno u\u015bmiecha si\u0119 z politowaniem s\u0142uchaj\u0105c tych s\u0142\u00f3w. My co najwy\u017cej wrzucimy na sk\u0142adk\u0119 lub damy ubogim z tego co nam zbywa, a jako, \u017ce nam za du\u017co nie zbywa, to i niewiele dajemy, bo\u0107 przecie\u017c trzeba by\u0107 rozs\u0105dnym i dba\u0107 o swoj\u0105 rodzin\u0119, i o swoje interesy. Wiara i ufno\u015b\u0107 Bogu to dobre w niedzielnych, pobo\u017cnych kazaniach, ale na co dzie\u0144 trzeba by\u0107 realist\u0105 i nie rozdawa\u0107 na prawo i lewo. Niech ka\u017cdy troszczy si\u0119 o siebie i wtedy niepotrzebna b\u0119dzie jakakolwiek charytatywna pomoc.<\/p>\n<p>Taka zdroworozs\u0105dkowa \u201efilozofia \u017cyciowa\u201d jest bardzo popularna w naszych czasach i wielu zdecydowanie jej ho\u0142duje. Tylko, \u017ce wtedy moje \u201eWierz\u0119 w Boga Ojca Wszechmog\u0105cego\u201d wcale nie znaczy \u201ewierz\u0119 Bogu\u201d. A moja przynale\u017cno\u015b\u0107 do Chrystusa jest raczej teoretyczna i ostatecznie go\u0142os\u0142owna. On nie mia\u0142 domu, nie mia\u0142 konta bankowego, nie mia\u0142 jakichkolwiek \u017cyciowych zabezpiecze\u0144, nie mia\u0142 nawet \u201e<em>miejsca, gdzie by g\u0142ow\u0119 m\u00f3g\u0142 oprze\u0107<\/em>\u201d (Mt 8:20). Na Aposto\u0142\u00f3w wybiera\u0142 ubogich rybak\u00f3w, a uczniowie Jego nie nale\u017celi na pewno do uprzywilejowanych klas spo\u0142ecznych. Chwal\u0105c za\u015b -w dzisiejszej Ewangelii- ubog\u0105 wdow\u0119, kt\u00f3ra \u201e<em>ze swego niedostatku wrzuci\u0142a wszystko, co mia\u0142a, ca\u0142e swe utrzymanie<\/em>\u201d pokaza\u0142, \u017ce Jego \u201efilozofia \u017cyciowa\u201d zdecydowanie r\u00f3\u017cni si\u0119 od naszej i jest zbudowana raczej na wierze ni\u017c na sprycie, na ufno\u015bci raczej ni\u017c na zaradno\u015bci i ostatecznie na nadziei i mi\u0142o\u015bci raczej ni\u017c na obrotno\u015bci i nadmiernej zapobiegliwo\u015bci.<\/p>\n<p>By\u0107 mo\u017ce nale\u017ca\u0142oby powiedzie\u0107 otwarcie, \u017ce \u015bwiat nasz nastawiony na spektakularny sukces i maksymalny zysk jest taki, jaki jest -pe\u0142en niepokoj\u00f3w i wojen- w\u0142a\u015bnie dlatego, \u017ce za ma\u0142o w nim i mi\u0142o\u015bci i prawdy, i nadziei, i ufno\u015bci, a za du\u017co przedsi\u0119biorczo\u015bci, sprytu, zaradno\u015bci, sk\u0105pstwa i po prostu egoizmu. A za tym wszystkim kryje si\u0119 nie co innego, jak w\u0142a\u015bnie brak wiary i zaufania Bogu.<\/p>\n<p>Cz\u0142owiek, kt\u00f3ry \u017cyje w prawdzie o sobie samym, w prawdzie o Bogu i o swoim bli\u017anim jest cz\u0142owiekiem wiary, jest cz\u0142owiekiem nadziei i jest ostatecznie jest cz\u0142owiekiem mi\u0142o\u015bci. Cz\u0142owiek taki jest nastawiony na \u017cycie, ale nie rozumiane egoistycznie i samolubnie, lecz otacza ka\u017cde \u017cycie szacunkiem i broni ka\u017cdego \u017cycia.<\/p>\n<p>To jest w\u0142a\u015bnie ucze\u0144 i na\u015bladowca Mistrza Jezusa Chrystusa, Kt\u00f3ry nie maj\u0105c nic i o nic nie zabiegaj\u0105c \u201e<em>istniej\u0105c w postaci Bo\u017cej, nie skorzysta\u0142 ze sposobno\u015bci, aby na r\u00f3wni by\u0107 z Bogiem, lecz ogo\u0142oci\u0142 samego siebie, przyj\u0105wszy posta\u0107 s\u0142ugi, stawszy si\u0119 podobnym do ludzi. A w zewn\u0119trznym przejawie, uznany za cz\u0142owieka, uni\u017cy\u0142 samego siebie, stawszy si\u0119 pos\u0142usznym a\u017c do \u015bmierci &#8211; i to \u015bmierci krzy\u017cowej<\/em>\u201d (Flp 2:6-8).<\/p>\n<p>Mi\u0142o\u015b\u0107 Boga i bli\u017aniego, maj\u0105 ostatecznie za fundament wiar\u0119 i zaufanie Bogu, oddanie si\u0119 Jemu i zdanie si\u0119 na Jego Mi\u0142o\u015b\u0107. Bez tego \u017cycie staje si\u0119 niezno\u015bn\u0105 walk\u0105 i rz\u0105dzi si\u0119 prawami d\u017cungli.<\/p>\n","protected":false},"excerpt":{"rendered":"<p>Historia wdowy z Sarepty Sydo\u0144skiej i historia wdowy w dzisiejszej Ewangelii s\u0105 dla nas pewnego rodzaju wyzwaniem. Nieodparcie przychodz\u0105 na my\u015bl inne s\u0142owa Chrystusa wypowiedziane w Ewangelii wg. \u015bw. Mateusza \u201cNie troszczcie si\u0119 zbytnio o swoje \u017cycie, o to, co macie je\u015b\u0107 i pi\u0107, ani o swoje cia\u0142o, czym si\u0119 macie przyodzia\u0107. Czy\u017c \u017cycie nie znaczy wi\u0119cej ni\u017c pokarm, a cia\u0142o wi\u0119cej ni\u017c odzienie? Przypatrzcie si\u0119 ptakom w powietrzu: nie siej\u0105 ani \u017cn\u0105 i nie zbieraj\u0105 do spichlerzy, a Ojciec wasz niebieski je \u017cywi. Czy\u017c wy nie jeste\u015bcie wa\u017cniejsi ni\u017c one? \u2026 Przecie\u017c Ojciec wasz niebieski wie, \u017ce tego wszystkiego potrzebujecie. Starajcie si\u0119 naprz\u00f3d o kr\u00f3lestwo Bo\u017ce i o Jego Sprawiedliwo\u015b\u0107, a to wszystko b\u0119dzie wam dodane\u201d . \u017bycie jest na pewno najwy\u017csz\u0105 warto\u015bci\u0105, ale nie tylko moje \u017cycie, ka\u017cde \u017cycie i ka\u017cde \u017cycie domaga si\u0119 szacunku i troski opartej na solidarno\u015bci i ostatecznie na ufno\u015bci Bogu. Nasz skomercjalizowany \u015bwiat&hellip;<\/p>\n<p> <a class=\"more-link\" href=\"http:\/\/www.franciszek-walcz.pl\/?p=17888\">Czytaj dalej<\/a><\/p>\n","protected":false},"author":1,"featured_media":0,"comment_status":"closed","ping_status":"closed","sticky":false,"template":"","format":"standard","meta":{"footnotes":""},"categories":[5],"tags":[],"class_list":{"0":"post-17888","1":"post","2":"type-post","3":"status-publish","4":"format-standard","6":"category-artykuly"},"brizy_media":[],"_links":{"self":[{"href":"http:\/\/www.franciszek-walcz.pl\/index.php?rest_route=\/wp\/v2\/posts\/17888","targetHints":{"allow":["GET"]}}],"collection":[{"href":"http:\/\/www.franciszek-walcz.pl\/index.php?rest_route=\/wp\/v2\/posts"}],"about":[{"href":"http:\/\/www.franciszek-walcz.pl\/index.php?rest_route=\/wp\/v2\/types\/post"}],"author":[{"embeddable":true,"href":"http:\/\/www.franciszek-walcz.pl\/index.php?rest_route=\/wp\/v2\/users\/1"}],"replies":[{"embeddable":true,"href":"http:\/\/www.franciszek-walcz.pl\/index.php?rest_route=%2Fwp%2Fv2%2Fcomments&post=17888"}],"version-history":[{"count":1,"href":"http:\/\/www.franciszek-walcz.pl\/index.php?rest_route=\/wp\/v2\/posts\/17888\/revisions"}],"predecessor-version":[{"id":17889,"href":"http:\/\/www.franciszek-walcz.pl\/index.php?rest_route=\/wp\/v2\/posts\/17888\/revisions\/17889"}],"wp:attachment":[{"href":"http:\/\/www.franciszek-walcz.pl\/index.php?rest_route=%2Fwp%2Fv2%2Fmedia&parent=17888"}],"wp:term":[{"taxonomy":"category","embeddable":true,"href":"http:\/\/www.franciszek-walcz.pl\/index.php?rest_route=%2Fwp%2Fv2%2Fcategories&post=17888"},{"taxonomy":"post_tag","embeddable":true,"href":"http:\/\/www.franciszek-walcz.pl\/index.php?rest_route=%2Fwp%2Fv2%2Ftags&post=17888"}],"curies":[{"name":"wp","href":"https:\/\/api.w.org\/{rel}","templated":true}]}}