{"id":17971,"date":"2021-11-10T22:01:03","date_gmt":"2021-11-10T21:01:03","guid":{"rendered":"http:\/\/www.franciszek-walcz.pl\/?p=17971"},"modified":"2021-11-10T22:01:58","modified_gmt":"2021-11-10T21:01:58","slug":"przeslanie-do-zolnierzy-z-okazji-swieta-niepodleglosci","status":"publish","type":"post","link":"http:\/\/www.franciszek-walcz.pl\/?p=17971","title":{"rendered":"Przes\u0142anie do \u017bo\u0142nierzy z okazji \u015awi\u0119ta Niepodleg\u0142o\u015bci"},"content":{"rendered":"<p class=\"western\" align=\"right\"><span style=\"font-family: Times New Roman, serif;\"><span style=\"font-size: medium;\">Warszawa, 10 listopada 2021 r.<\/span><\/span><\/p>\n<p class=\"western\"><span style=\"font-family: Times New Roman, serif;\"><span style=\"font-size: medium;\">L.dz. 1123\/CP\/2021<\/span><\/span><\/p>\n<p class=\"western\" align=\"center\"><span style=\"font-family: Times New Roman, serif;\"><span style=\"font-size: medium;\">Przes\u0142anie do \u017bo\u0142nierzy z okazji \u015awi\u0119ta Niepodleg\u0142o\u015bci<\/span><\/span><\/p>\n<p class=\"western\" align=\"justify\"><span style=\"font-family: Times New Roman, serif;\"><span style=\"font-size: medium;\">11 listopada br. z racji 103. rocznicy odzyskania niepodleg\u0142o\u015bci b\u0119dziemy wspomina\u0107 tych, kt\u00f3rzy rozpalili jutrzenk\u0119 polskiej wolno\u015bci. Polacy z trzech zabor\u00f3w zjednoczyli si\u0119 wok\u00f3\u0142 jednej idei, jak\u0105 by\u0142o odrodzenie niepodleg\u0142ego pa\u0144stwa polskiego. I odnie\u015bli zwyci\u0119stwo! Po 123 latach zabor\u00f3w Polska zmartwychwsta\u0142a. Kolejne lata by\u0142y zmaganiem si\u0119 o umocnienie granic Rzeczypospolitej, za\u015b w roku 1920 r. polski \u017co\u0142nierz stoczy\u0142 zaci\u0119ty b\u00f3j odpieraj\u0105c bolszewick\u0105 nawa\u0142\u0119. <\/span><\/span><\/p>\n<p class=\"western\" align=\"justify\"><span style=\"font-family: Times New Roman, serif;\"><span style=\"font-size: medium;\"> Wszystkim, kt\u00f3rzy przelewali krew i oddawali \u017cycie w tamtym czasie nale\u017c\u0105 si\u0119 pami\u0119\u0107 i wdzi\u0119czno\u015b\u0107. Ich wyrazem s\u0105 modlitwa, zapalone znicze na mogi\u0142ach poleg\u0142ych i\u00a0zmar\u0142ych oraz kwiaty z\u0142o\u017cone w miejscach upami\u0119tniaj\u0105cych walk\u0119 o suwerenno\u015b\u0107 naszej Ojczyzny. <\/span><\/span><\/p>\n<p class=\"western\" align=\"justify\"><span style=\"font-family: Times New Roman, serif;\"><span style=\"font-size: medium;\"> Jednak dzi\u015b w Narodowe \u015awi\u0119to Niepodleg\u0142o\u015bci to nie wystarczy! Wschodnia granica Rzeczypospolitej jest atakowana. Wszyscy, kt\u00f3rych serce bije w rytm <\/span><\/span><span style=\"font-family: Times New Roman, serif;\"><span style=\"font-size: medium;\"><i>Mazurka D\u0105browskiego<\/i><\/span><\/span><span style=\"font-family: Times New Roman, serif;\"><span style=\"font-size: medium;\">, z nadziej\u0105 i wdzi\u0119czno\u015bci\u0105 patrzymy na Was \u2013 \u017co\u0142nierzy Wojska Polskiego, kt\u00f3rzy wype\u0142niaj\u0105c wojskow\u0105 przysi\u0119g\u0119 z nara\u017ceniem zdrowia i \u017cycia, strze\u017cecie suwerenno\u015bci naszych granic. <\/span><\/span><span style=\"font-family: Times New Roman, serif;\"><span style=\"font-size: medium;\">Dzi\u0119kuj\u0119 Wam za ofiarno\u015b\u0107 w s\u0142u\u017cbie oraz \u015bwiadomo\u015b\u0107 trudnej sytuacji migrant\u00f3w, wykorzystywanych przez re\u017cim bia\u0142oruski.<\/span><\/span><span style=\"font-family: Times New Roman, serif;\"><span style=\"font-size: medium;\"> Wdzi\u0119czno\u015b\u0107 nale\u017cy si\u0119 r\u00f3wnie\u017c rodzinom, kt\u00f3re Was wspieraj\u0105 w <\/span><\/span><span style=\"font-family: Times New Roman, serif;\"><span style=\"font-size: medium;\">niebezpiecznej, <\/span><\/span><span style=\"font-family: Times New Roman, serif;\"><span style=\"font-size: medium;\">pe\u0142nej po\u015bwi\u0119cenia s\u0142u\u017cbie dla Polski, dla Europy, dla \u015bwiata. <\/span><\/span><\/p>\n<p class=\"western\" align=\"justify\"><span style=\"font-family: Times New Roman, serif;\"><span style=\"font-size: medium;\">Z niepokojem s\u0142uchamy wypowiedzi uderzaj\u0105cych w dobre imi\u0119 i honor \u017co\u0142nierza Wojska Polskiego. Wszyscy powinni\u015bmy pami\u0119ta\u0107, \u017ce \u201eza p\u00f3\u017ano\u201d, to jedno z\u00a0najtragiczniejszych stwierdze\u0144, niejednokrotnie wypowiadanych z poczuciem wstydu i\u00a0\u015bwiadomo\u015bci\u0105 zaniedbania. Oby nie by\u0142y sp\u00f3\u017anione dzia\u0142ania w obronie naszych granic, oby nie by\u0142o sp\u00f3\u017anione docenienie Waszej s\u0142u\u017cby i po\u015bwi\u0119cenia dla bezpiecze\u0144stwa wszystkich mieszka\u0144c\u00f3w Rzeczypospolitej. <\/span><\/span><\/p>\n<p class=\"western\"><span style=\"font-family: Times New Roman, serif;\"><span style=\"font-size: medium;\"> Wspieram duchowo, obejmuj\u0119 mi\u0142o\u015bci\u0105 i modlitw\u0105 oraz z serca b\u0142ogos\u0142awi\u0119<\/span><\/span><\/p>\n<p class=\"western\" align=\"center\"><span style=\"font-family: Times New Roman, serif;\"><span style=\"font-size: medium;\">abp J\u00f3zef Guzdek<br \/>\nAdministrator Apostolski<br \/>\nOrdynariatu Polowego<\/span><\/span><\/p>\n<p class=\"western\" align=\"right\"><span style=\"font-family: Times New Roman, serif;\"><span style=\"font-size: medium;\">Warszawa, 10 listopada 2021 r.<\/span><\/span><\/p>\n<p class=\"western\"><span style=\"font-family: Times New Roman, serif;\"><span style=\"font-size: medium;\"><br \/>\nL.dz. 1123\/CP\/2021<\/span><\/span><\/p>\n<p class=\"western\" align=\"center\"><span style=\"font-family: Times New Roman, serif;\"><span style=\"font-size: medium;\">Przes\u0142anie do Funkcjonariuszy Stra\u017cy Granicznej z okazji \u015awi\u0119ta Niepodleg\u0142o\u015bci<\/span><\/span><\/p>\n<p class=\"western\" align=\"justify\"><span style=\"font-family: Times New Roman, serif;\"><span style=\"font-size: medium;\">11 listopada br. z racji 103. rocznicy odzyskania niepodleg\u0142o\u015bci b\u0119dziemy wspomina\u0107 tych, kt\u00f3rzy rozpalili jutrzenk\u0119 polskiej wolno\u015bci. Polacy z trzech zabor\u00f3w zjednoczyli si\u0119 wok\u00f3\u0142 jednej idei, jak\u0105 by\u0142o odrodzenie niepodleg\u0142ego pa\u0144stwa polskiego. I odnie\u015bli zwyci\u0119stwo! Po 123 latach zabor\u00f3w Polska zmartwychwsta\u0142a. Kolejne lata by\u0142y zmaganiem si\u0119 o umocnienie granic Rzeczypospolitej, za\u015b w roku 1920 r. polski \u017co\u0142nierz stoczy\u0142 zaci\u0119ty b\u00f3j odpieraj\u0105c bolszewick\u0105 nawa\u0142\u0119. <\/span><\/span><\/p>\n<p class=\"western\" align=\"justify\"><span style=\"font-family: Times New Roman, serif;\"><span style=\"font-size: medium;\"> Wszystkim, kt\u00f3rzy przelewali krew i oddawali \u017cycie w tamtym czasie nale\u017c\u0105 si\u0119 pami\u0119\u0107 i wdzi\u0119czno\u015b\u0107. Ich wyrazem s\u0105 modlitwa, zapalone znicze na mogi\u0142ach poleg\u0142ych i\u00a0zmar\u0142ych oraz kwiaty z\u0142o\u017cone w miejscach upami\u0119tniaj\u0105cych walk\u0119 o suwerenno\u015b\u0107 naszej Ojczyzny. <\/span><\/span><\/p>\n<p class=\"western\" align=\"justify\"><span style=\"font-family: Times New Roman, serif;\"><span style=\"font-size: medium;\"> Jednak dzi\u015b w Narodowe \u015awi\u0119to Niepodleg\u0142o\u015bci to nie wystarczy! Wschodnia granica Rzeczypospolitej jest atakowana. Wszyscy, kt\u00f3rych serce bije w rytm <\/span><\/span><span style=\"font-family: Times New Roman, serif;\"><span style=\"font-size: medium;\"><i>Mazurka D\u0105browskiego<\/i><\/span><\/span><span style=\"font-family: Times New Roman, serif;\"><span style=\"font-size: medium;\">, z nadziej\u0105 i wdzi\u0119czno\u015bci\u0105 patrzymy na Was \u2013 funkcjonariuszy Stra\u017cy Granicznej, kt\u00f3rzy wype\u0142niaj\u0105c rot\u0119 \u015blubowania z nara\u017ceniem zdrowia i \u017cycia, strze\u017ccie suwerenno\u015bci naszych granic. <\/span><\/span><span style=\"font-family: Times New Roman, serif;\"><span style=\"font-size: medium;\">Dzi\u0119kuj\u0119 Wam za ofiarno\u015b\u0107 w s\u0142u\u017cbie oraz \u015bwiadomo\u015b\u0107 trudnej sytuacji migrant\u00f3w, wykorzystywanych przez re\u017cim bia\u0142oruski.<\/span><\/span><span style=\"font-family: Times New Roman, serif;\"><span style=\"font-size: medium;\"> Wdzi\u0119czno\u015b\u0107 nale\u017cy si\u0119 tak\u017ce rodzinom, kt\u00f3re Was wspieraj\u0105 w niebezpiecznej, pe\u0142nej po\u015bwi\u0119cenia s\u0142u\u017cbie dla Polski, dla Europy, dla \u015bwiata. <\/span><\/span><\/p>\n<p class=\"western\" align=\"justify\"><span style=\"font-family: Times New Roman, serif;\"><span style=\"font-size: medium;\">Z niepokojem s\u0142uchamy wypowiedzi uderzaj\u0105cych w dobre imi\u0119 i honor funkcjonariusza Stra\u017cy Granicznej. Wszyscy powinni\u015bmy pami\u0119ta\u0107, \u017ce \u201eza p\u00f3\u017ano\u201d, to jedno z\u00a0najtragiczniejszych stwierdze\u0144, niejednokrotnie wypowiadanych z poczuciem wstydu i\u00a0\u015bwiadomo\u015bci\u0105 zaniedbania. Oby nie by\u0142y sp\u00f3\u017anione dzia\u0142ania w obronie naszych granic, oby nie by\u0142o sp\u00f3\u017anione docenienie Waszej s\u0142u\u017cby i po\u015bwi\u0119cenia dla bezpiecze\u0144stwa wszystkich mieszka\u0144c\u00f3w Rzeczypospolitej.<\/span><\/span><\/p>\n<p class=\"western\"><span style=\"font-family: Times New Roman, serif;\"><span style=\"font-size: medium;\"> Wspieram duchowo, obejmuj\u0119 mi\u0142o\u015bci\u0105 i modlitw\u0105 oraz z serca b\u0142ogos\u0142awi\u0119<\/span><\/span><\/p>\n<p class=\"western\" align=\"center\"><span style=\"font-family: Times New Roman, serif;\"><span style=\"font-size: medium;\">abp J\u00f3zef Guzdek<br \/>\nAdministrator Apostolski<br \/>\nOrdynariatu Polowego<\/span><\/span><\/p>\n<p class=\"western\" align=\"right\"><span style=\"font-family: Times New Roman, serif;\"><span style=\"font-size: medium;\">Warszawa, 10 listopada 2021 r.<\/span><\/span><\/p>\n<p class=\"western\"><span style=\"font-family: Times New Roman, serif;\"><span style=\"font-size: medium;\"><br \/>\nL.dz. 1123\/CP\/2021<\/span><\/span><\/p>\n<p class=\"western\" align=\"center\"><span style=\"font-family: Times New Roman, serif;\"><span style=\"font-size: medium;\">Przes\u0142anie do funkcjonariuszy Policji z okazji \u015awi\u0119ta Niepodleg\u0142o\u015bci<\/span><\/span><\/p>\n<p class=\"western\" align=\"justify\"><span style=\"font-family: Times New Roman, serif;\"><span style=\"font-size: medium;\">11 listopada br. z racji 103. rocznicy odzyskania niepodleg\u0142o\u015bci b\u0119dziemy wspomina\u0107 tych, kt\u00f3rzy rozpalili jutrzenk\u0119 polskiej wolno\u015bci. Polacy z trzech zabor\u00f3w zjednoczyli si\u0119 wok\u00f3\u0142 jednej idei, jak\u0105 by\u0142o odrodzenie niepodleg\u0142ego pa\u0144stwa polskiego. I odnie\u015bli zwyci\u0119stwo! Po 123 latach zabor\u00f3w Polska zmartwychwsta\u0142a. Kolejne lata by\u0142y zmaganiem si\u0119 o utwierdzenie granic Rzeczypospolitej, za\u015b w roku 1920 r. funkcjonariusze Polskiej Policji, wspieraj\u0105c Wojsko Polskie, stoczyli zaci\u0119ty b\u00f3j, odpieraj\u0105c bolszewick\u0105 nawa\u0142\u0119. <\/span><\/span><\/p>\n<p class=\"western\" align=\"justify\"><span style=\"font-family: Times New Roman, serif;\"><span style=\"font-size: medium;\"> Wszystkim, kt\u00f3rzy przelewali krew i oddawali \u017cycie w tamtym czasie nale\u017c\u0105 si\u0119 pami\u0119\u0107 i wdzi\u0119czno\u015b\u0107. Ich wyrazem s\u0105 modlitwa, zapalone znicze na mogi\u0142ach poleg\u0142ych i\u00a0zmar\u0142ych oraz kwiaty z\u0142o\u017cone w miejscach upami\u0119tniaj\u0105cych walk\u0119 o suwerenno\u015b\u0107 naszej Ojczyzny. <\/span><\/span><\/p>\n<p class=\"western\" align=\"justify\"><span style=\"font-family: Times New Roman, serif;\"><span style=\"font-size: medium;\"> Jednak dzi\u015b w Narodowe \u015awi\u0119to Niepodleg\u0142o\u015bci to nie wystarczy. Wschodnia granica Rzeczypospolitej jest atakowana. Wszyscy, kt\u00f3rych serce bije w rytm <\/span><\/span><span style=\"font-family: Times New Roman, serif;\"><span style=\"font-size: medium;\"><i>Mazurka D\u0105browskiego<\/i><\/span><\/span><span style=\"font-family: Times New Roman, serif;\"><span style=\"font-size: medium;\"> z nadziej\u0105 i wdzi\u0119czno\u015bci\u0105 patrzymy na funkcjonariuszy Policji, kt\u00f3rzy wype\u0142niaj\u0105c rot\u0119 \u015blubowania, z nara\u017ceniem zdrowia i \u017cycia, troszcz\u0105 si\u0119 o bezpiecze\u0144stwo mieszka\u0144c\u00f3w i\u00a0przestrzeganie prawa. <\/span><\/span><span style=\"font-family: Times New Roman, serif;\"><span style=\"font-size: medium;\">Dzi\u0119kuj\u0119 Wam za ofiarno\u015b\u0107 w s\u0142u\u017cbie oraz \u015bwiadomo\u015b\u0107 trudnej sytuacji migrant\u00f3w, wykorzystywanych przez re\u017cim bia\u0142oruski.<\/span><\/span><span style=\"font-family: Times New Roman, serif;\"><span style=\"font-size: medium;\"> Wdzi\u0119czno\u015b\u0107 nale\u017cy si\u0119 tak\u017ce rodzinom, kt\u00f3re wspieraj\u0105 Was w niebezpiecznej, pe\u0142nej po\u015bwi\u0119cenia s\u0142u\u017cbie dla Polski, dla Europy, dla \u015bwiata. <\/span><\/span><\/p>\n<p class=\"western\" align=\"justify\"><span style=\"font-family: Times New Roman, serif;\"><span style=\"font-size: medium;\">Z niepokojem s\u0142uchamy wypowiedzi uderzaj\u0105cych w dobre imi\u0119 i honor funkcjonariusza Policji. Wszyscy powinni\u015bmy pami\u0119ta\u0107, \u017ce \u201eza p\u00f3\u017ano\u201d, to jedno z\u00a0najtragiczniejszych stwierdze\u0144, niejednokrotnie wypowiadanych z poczuciem wstydu i\u00a0\u015bwiadomo\u015bci\u0105 zaniedbania. Oby nie by\u0142y sp\u00f3\u017anione dzia\u0142ania w obronie naszych granic, oby nie by\u0142o sp\u00f3\u017anione docenienie Waszej s\u0142u\u017cby i po\u015bwi\u0119cenia dla bezpiecze\u0144stwa wszystkich mieszka\u0144c\u00f3w Rzeczypospolitej.<\/span><\/span><\/p>\n<p class=\"western\"><span style=\"font-family: Times New Roman, serif;\"><span style=\"font-size: medium;\"> Wspieram duchowo, obejmuj\u0119 mi\u0142o\u015bci\u0105 i modlitw\u0105 oraz z serca b\u0142ogos\u0142awi\u0119<\/span><\/span><\/p>\n<p class=\"western\" align=\"center\"><span style=\"font-family: Times New Roman, serif;\"><span style=\"font-size: medium;\">abp J\u00f3zef Guzdek<br \/>\nDelegat KEP ds. Duszpasterstwa Policji<\/span><\/span><\/p>\n","protected":false},"excerpt":{"rendered":"<p>Warszawa, 10 listopada 2021 r. L.dz. 1123\/CP\/2021 Przes\u0142anie do \u017bo\u0142nierzy z okazji \u015awi\u0119ta Niepodleg\u0142o\u015bci 11 listopada br. z racji 103. rocznicy odzyskania niepodleg\u0142o\u015bci b\u0119dziemy wspomina\u0107 tych, kt\u00f3rzy rozpalili jutrzenk\u0119 polskiej wolno\u015bci. Polacy z trzech zabor\u00f3w zjednoczyli si\u0119 wok\u00f3\u0142 jednej idei, jak\u0105 by\u0142o odrodzenie niepodleg\u0142ego pa\u0144stwa polskiego. I odnie\u015bli zwyci\u0119stwo! Po 123 latach zabor\u00f3w Polska zmartwychwsta\u0142a. Kolejne lata by\u0142y zmaganiem si\u0119 o umocnienie granic Rzeczypospolitej, za\u015b w roku 1920 r. polski \u017co\u0142nierz stoczy\u0142 zaci\u0119ty b\u00f3j odpieraj\u0105c bolszewick\u0105 nawa\u0142\u0119. Wszystkim, kt\u00f3rzy przelewali krew i oddawali \u017cycie w tamtym czasie nale\u017c\u0105 si\u0119 pami\u0119\u0107 i wdzi\u0119czno\u015b\u0107. Ich wyrazem s\u0105 modlitwa, zapalone znicze na mogi\u0142ach poleg\u0142ych i\u00a0zmar\u0142ych oraz kwiaty z\u0142o\u017cone w miejscach upami\u0119tniaj\u0105cych walk\u0119 o suwerenno\u015b\u0107 naszej Ojczyzny. Jednak dzi\u015b w Narodowe \u015awi\u0119to Niepodleg\u0142o\u015bci to nie wystarczy! Wschodnia granica Rzeczypospolitej jest atakowana. Wszyscy, kt\u00f3rych serce bije w rytm Mazurka D\u0105browskiego, z nadziej\u0105 i wdzi\u0119czno\u015bci\u0105 patrzymy na Was \u2013 \u017co\u0142nierzy Wojska Polskiego, kt\u00f3rzy wype\u0142niaj\u0105c wojskow\u0105 przysi\u0119g\u0119&hellip;<\/p>\n<p> <a class=\"more-link\" href=\"http:\/\/www.franciszek-walcz.pl\/?p=17971\">Czytaj dalej<\/a><\/p>\n","protected":false},"author":1,"featured_media":0,"comment_status":"closed","ping_status":"closed","sticky":false,"template":"","format":"standard","meta":{"footnotes":""},"categories":[4],"tags":[],"class_list":{"0":"post-17971","1":"post","2":"type-post","3":"status-publish","4":"format-standard","6":"category-ogloszenia"},"brizy_media":[],"_links":{"self":[{"href":"http:\/\/www.franciszek-walcz.pl\/index.php?rest_route=\/wp\/v2\/posts\/17971","targetHints":{"allow":["GET"]}}],"collection":[{"href":"http:\/\/www.franciszek-walcz.pl\/index.php?rest_route=\/wp\/v2\/posts"}],"about":[{"href":"http:\/\/www.franciszek-walcz.pl\/index.php?rest_route=\/wp\/v2\/types\/post"}],"author":[{"embeddable":true,"href":"http:\/\/www.franciszek-walcz.pl\/index.php?rest_route=\/wp\/v2\/users\/1"}],"replies":[{"embeddable":true,"href":"http:\/\/www.franciszek-walcz.pl\/index.php?rest_route=%2Fwp%2Fv2%2Fcomments&post=17971"}],"version-history":[{"count":2,"href":"http:\/\/www.franciszek-walcz.pl\/index.php?rest_route=\/wp\/v2\/posts\/17971\/revisions"}],"predecessor-version":[{"id":17973,"href":"http:\/\/www.franciszek-walcz.pl\/index.php?rest_route=\/wp\/v2\/posts\/17971\/revisions\/17973"}],"wp:attachment":[{"href":"http:\/\/www.franciszek-walcz.pl\/index.php?rest_route=%2Fwp%2Fv2%2Fmedia&parent=17971"}],"wp:term":[{"taxonomy":"category","embeddable":true,"href":"http:\/\/www.franciszek-walcz.pl\/index.php?rest_route=%2Fwp%2Fv2%2Fcategories&post=17971"},{"taxonomy":"post_tag","embeddable":true,"href":"http:\/\/www.franciszek-walcz.pl\/index.php?rest_route=%2Fwp%2Fv2%2Ftags&post=17971"}],"curies":[{"name":"wp","href":"https:\/\/api.w.org\/{rel}","templated":true}]}}