{"id":17996,"date":"2021-11-13T16:24:56","date_gmt":"2021-11-13T15:24:56","guid":{"rendered":"http:\/\/www.franciszek-walcz.pl\/?p=17996"},"modified":"2021-11-13T16:24:56","modified_gmt":"2021-11-13T15:24:56","slug":"xiii-dzien-solidarnosci-z-kosciolem-przesladowanym","status":"publish","type":"post","link":"http:\/\/www.franciszek-walcz.pl\/?p=17996","title":{"rendered":"XIII Dzie\u0144 Solidarno\u015bci z Ko\u015bcio\u0142em Prze\u015bladowanym"},"content":{"rendered":"<p><img loading=\"lazy\" decoding=\"async\" class=\"alignnone  wp-image-17998\" src=\"http:\/\/www.franciszek-walcz.pl\/wp-content\/uploads\/2021\/11\/Ulotka-Dzien-Solidarnosci-z-Kosciolem-Przesladowanym-2021-Liban_002-216x300.jpg\" alt=\"\" width=\"664\" height=\"922\" \/> <img loading=\"lazy\" decoding=\"async\" class=\"alignnone  wp-image-17997\" src=\"http:\/\/www.franciszek-walcz.pl\/wp-content\/uploads\/2021\/11\/Ulotka-Dzien-Solidarnosci-z-Kosciolem-Przesladowanym-2021-Liban_001-216x300.jpg\" alt=\"\" width=\"662\" height=\"921\" \/><\/p>\n","protected":false},"excerpt":{"rendered":"","protected":false},"author":1,"featured_media":0,"comment_status":"closed","ping_status":"closed","sticky":false,"template":"","format":"standard","meta":{"footnotes":""},"categories":[1],"tags":[],"class_list":{"0":"post-17996","1":"post","2":"type-post","3":"status-publish","4":"format-standard","6":"category-uncategorized"},"brizy_media":[],"_links":{"self":[{"href":"http:\/\/www.franciszek-walcz.pl\/index.php?rest_route=\/wp\/v2\/posts\/17996","targetHints":{"allow":["GET"]}}],"collection":[{"href":"http:\/\/www.franciszek-walcz.pl\/index.php?rest_route=\/wp\/v2\/posts"}],"about":[{"href":"http:\/\/www.franciszek-walcz.pl\/index.php?rest_route=\/wp\/v2\/types\/post"}],"author":[{"embeddable":true,"href":"http:\/\/www.franciszek-walcz.pl\/index.php?rest_route=\/wp\/v2\/users\/1"}],"replies":[{"embeddable":true,"href":"http:\/\/www.franciszek-walcz.pl\/index.php?rest_route=%2Fwp%2Fv2%2Fcomments&post=17996"}],"version-history":[{"count":1,"href":"http:\/\/www.franciszek-walcz.pl\/index.php?rest_route=\/wp\/v2\/posts\/17996\/revisions"}],"predecessor-version":[{"id":17999,"href":"http:\/\/www.franciszek-walcz.pl\/index.php?rest_route=\/wp\/v2\/posts\/17996\/revisions\/17999"}],"wp:attachment":[{"href":"http:\/\/www.franciszek-walcz.pl\/index.php?rest_route=%2Fwp%2Fv2%2Fmedia&parent=17996"}],"wp:term":[{"taxonomy":"category","embeddable":true,"href":"http:\/\/www.franciszek-walcz.pl\/index.php?rest_route=%2Fwp%2Fv2%2Fcategories&post=17996"},{"taxonomy":"post_tag","embeddable":true,"href":"http:\/\/www.franciszek-walcz.pl\/index.php?rest_route=%2Fwp%2Fv2%2Ftags&post=17996"}],"curies":[{"name":"wp","href":"https:\/\/api.w.org\/{rel}","templated":true}]}}