{"id":1801,"date":"2018-03-31T11:05:20","date_gmt":"2018-03-31T09:05:20","guid":{"rendered":"http:\/\/www.franciszek-walcz.pl\/?p=1801"},"modified":"2018-03-31T11:05:20","modified_gmt":"2018-03-31T09:05:20","slug":"przystanek-wielkanoc","status":"publish","type":"post","link":"http:\/\/www.franciszek-walcz.pl\/?p=1801","title":{"rendered":"PRZYSTANEK WIELKANOC"},"content":{"rendered":"<p>Czas \u015bwi\u0105teczny jest nam podarowany. To przystanek w codziennym \u017cyciu, przystanek dla nas, dla naszych rodzin i dla Boga.<\/p>\n<p>W poranek wielkanocny B\u00f3g odkrywa przed nami \u00a0tajemnic\u0119 Zmartwychwstania. Pokazuje nam w Nim wa\u017cn\u0105 prawd\u0119: tajemnica owa by\u0142a i jest nadal odkrywana stopniowo oraz wsp\u00f3lnie. Wysi\u0142ek rozpoczyna si\u0119 od Marii Magdaleny. Przyby\u0142a ona na miejsce, w kt\u00f3rym pochowano cia\u0142o Jezusa i zobaczy\u0142a co\u015b, czego si\u0119 nie spodziewa\u0142a: odsuni\u0119ty kamie\u0144 grobowca. Pomy\u015bla\u0142a, \u017ce Mistrza zabrano. Wiadomo\u015b\u0107 zanios\u0142a uczniom. Ci z po\u015bpiechem udali si\u0119 do grobu. Pierwszy przyby\u0142 Jan. Nie wszed\u0142 do grobu, poczeka\u0142 na Piotra. Obaj, b\u0119d\u0105c na zewn\u0105trz, zwr\u00f3cili uwag\u0119 na spos\u00f3b rozmieszczenia p\u0142\u00f3cien, kt\u00f3rymi by\u0142o owini\u0119te cia\u0142o Jezusa: le\u017ca\u0142y w taki spos\u00f3b, kt\u00f3ry wyklucza\u0142 to, i\u017c zosta\u0142y prze kogo\u015b zdj\u0119te. Zauwa\u017cmy: o tym, \u017ce sta\u0142o si\u0119 co\u015b wyj\u0105tkowego m\u00f3wi nie tylko pusty gr\u00f3b, ale co\u015b wa\u017cnego m\u00f3wi\u0105 tak\u017ce pozostawione tkaniny.<\/p>\n<p>Po wej\u015bciu do grobowca Piotr zauwa\u017cy\u0142, \u017ce chusta z g\u0142owy Jezusa nie le\u017cy z pozosta\u0142ymi tkaninami, lecz zupe\u0142nie osobno. Ten na poz\u00f3r niewa\u017cny szczeg\u00f3\u0142 okaza\u0142 si\u0119 bardzo istotny \u2014 przypomnia\u0142 Piotrowi s\u0142owa Pisma, kt\u00f3re m\u00f3wi\u0142o o powstaniu z martwych. Prawda o Zmartwychwstaniu ukaza\u0142a si\u0119 w pe\u0142ni.<\/p>\n<p>Szukanie prawdy jest wysi\u0142kiem, przej\u015bciem od widzenia przez rozumienie a\u017c do uwierzenia. Czy ja tak\u017ce uczestnicz\u0119 w poszukiwaniu? Nie mo\u017cna \u201esiedzie\u0107 w domu\u201d oczekuj\u0105c na wiadomo\u015bci innych poszukiwaczy.<\/p>\n<p>Alleluja!<br \/>\nJezus \u017cyje!<\/p>\n","protected":false},"excerpt":{"rendered":"<p>Czas \u015bwi\u0105teczny jest nam podarowany. To przystanek w codziennym \u017cyciu, przystanek dla nas, dla naszych rodzin i dla Boga. W poranek wielkanocny B\u00f3g odkrywa przed nami \u00a0tajemnic\u0119 Zmartwychwstania. Pokazuje nam w Nim wa\u017cn\u0105 prawd\u0119: tajemnica owa by\u0142a i jest nadal odkrywana stopniowo oraz wsp\u00f3lnie. Wysi\u0142ek rozpoczyna si\u0119 od Marii Magdaleny. Przyby\u0142a ona na miejsce, w kt\u00f3rym pochowano cia\u0142o Jezusa i zobaczy\u0142a co\u015b, czego si\u0119 nie spodziewa\u0142a: odsuni\u0119ty kamie\u0144 grobowca. Pomy\u015bla\u0142a, \u017ce Mistrza zabrano. Wiadomo\u015b\u0107 zanios\u0142a uczniom. Ci z po\u015bpiechem udali si\u0119 do grobu. Pierwszy przyby\u0142 Jan. Nie wszed\u0142 do grobu, poczeka\u0142 na Piotra. Obaj, b\u0119d\u0105c na zewn\u0105trz, zwr\u00f3cili uwag\u0119 na spos\u00f3b rozmieszczenia p\u0142\u00f3cien, kt\u00f3rymi by\u0142o owini\u0119te cia\u0142o Jezusa: le\u017ca\u0142y w taki spos\u00f3b, kt\u00f3ry wyklucza\u0142 to, i\u017c zosta\u0142y prze kogo\u015b zdj\u0119te. Zauwa\u017cmy: o tym, \u017ce sta\u0142o si\u0119 co\u015b wyj\u0105tkowego m\u00f3wi nie tylko pusty gr\u00f3b, ale co\u015b wa\u017cnego m\u00f3wi\u0105 tak\u017ce pozostawione tkaniny. Po wej\u015bciu do grobowca Piotr zauwa\u017cy\u0142, \u017ce chusta z g\u0142owy&hellip;<\/p>\n<p> <a class=\"more-link\" href=\"http:\/\/www.franciszek-walcz.pl\/?p=1801\">Czytaj dalej<\/a><\/p>\n","protected":false},"author":1,"featured_media":0,"comment_status":"open","ping_status":"open","sticky":false,"template":"","format":"standard","meta":{"footnotes":""},"categories":[5],"tags":[],"class_list":{"0":"post-1801","1":"post","2":"type-post","3":"status-publish","4":"format-standard","6":"category-artykuly"},"brizy_media":[],"_links":{"self":[{"href":"http:\/\/www.franciszek-walcz.pl\/index.php?rest_route=\/wp\/v2\/posts\/1801","targetHints":{"allow":["GET"]}}],"collection":[{"href":"http:\/\/www.franciszek-walcz.pl\/index.php?rest_route=\/wp\/v2\/posts"}],"about":[{"href":"http:\/\/www.franciszek-walcz.pl\/index.php?rest_route=\/wp\/v2\/types\/post"}],"author":[{"embeddable":true,"href":"http:\/\/www.franciszek-walcz.pl\/index.php?rest_route=\/wp\/v2\/users\/1"}],"replies":[{"embeddable":true,"href":"http:\/\/www.franciszek-walcz.pl\/index.php?rest_route=%2Fwp%2Fv2%2Fcomments&post=1801"}],"version-history":[{"count":1,"href":"http:\/\/www.franciszek-walcz.pl\/index.php?rest_route=\/wp\/v2\/posts\/1801\/revisions"}],"predecessor-version":[{"id":1802,"href":"http:\/\/www.franciszek-walcz.pl\/index.php?rest_route=\/wp\/v2\/posts\/1801\/revisions\/1802"}],"wp:attachment":[{"href":"http:\/\/www.franciszek-walcz.pl\/index.php?rest_route=%2Fwp%2Fv2%2Fmedia&parent=1801"}],"wp:term":[{"taxonomy":"category","embeddable":true,"href":"http:\/\/www.franciszek-walcz.pl\/index.php?rest_route=%2Fwp%2Fv2%2Fcategories&post=1801"},{"taxonomy":"post_tag","embeddable":true,"href":"http:\/\/www.franciszek-walcz.pl\/index.php?rest_route=%2Fwp%2Fv2%2Ftags&post=1801"}],"curies":[{"name":"wp","href":"https:\/\/api.w.org\/{rel}","templated":true}]}}