{"id":18023,"date":"2021-11-20T10:41:15","date_gmt":"2021-11-20T09:41:15","guid":{"rendered":"http:\/\/www.franciszek-walcz.pl\/?p=18023"},"modified":"2021-11-20T10:41:58","modified_gmt":"2021-11-20T09:41:58","slug":"uroczystosc-jezusa-chrystusa-krola-wszechswiata-akt-oddania","status":"publish","type":"post","link":"http:\/\/www.franciszek-walcz.pl\/?p=18023","title":{"rendered":"UROCZYSTO\u015a\u0106 JEZUSA CHRYSTUSA KR\u00d3LA WSZECH\u015aWIATA -AKT ODDANIA"},"content":{"rendered":"<p>Nie\u015bmiertelny Kr\u00f3lu Wiek\u00f3w, Panie Jezu Chryste, nasz Bo\u017ce i Zbawicielu! W Roku Jubileuszowym 1050-lecia Chrztu Polski, w roku Nadzwyczajnego Jubileuszu Mi\u0142osierdzia, oto my, Polacy, stajemy przed Tob\u0105 [wraz ze swymi w\u0142adzami duchownymi i \u015bwieckimi], by uzna\u0107 Twoje Panowanie, podda\u0107 si\u0119 Twemu Prawu, zawierzy\u0107 i po\u015bwi\u0119ci\u0107 Tobie nasz\u0105 Ojczyzn\u0119 i ca\u0142y Nar\u00f3d.<\/p>\n<p>Wyznajemy wobec nieba i ziemi, \u017ce Twego kr\u00f3lowania nam potrzeba. Wyznajemy, \u017ce Ty jeden masz do nas \u015bwi\u0119te i nigdy nie wygas\u0142e prawa. Dlatego z pokor\u0105 chyl\u0105c swe czo\u0142a przed Tob\u0105, Kr\u00f3lem Wszech\u015bwiata, uznajemy Twe Panowanie nad Polsk\u0105 i ca\u0142ym naszym Narodem, \u017cyj\u0105cym w Ojczy\u017anie i w \u015bwiecie.<\/p>\n<p>Pragn\u0105c uwielbi\u0107 majestat Twej pot\u0119gi i chwa\u0142y, z wielk\u0105 wiar\u0105 i mi\u0142o\u015bci\u0105 wo\u0142amy: Kr\u00f3luj nam Chryste!<\/p>\n<p>&#8211; W naszych sercach \u2013 Kr\u00f3luj nam Chryste!<\/p>\n<p>&#8211; W naszych rodzinach \u2013 Kr\u00f3luj nam Chryste!<\/p>\n<p>&#8211; W naszych parafiach \u2013 Kr\u00f3luj nam Chryste!<\/p>\n<p>&#8211; W naszych szko\u0142ach i uczelniach \u2013 Kr\u00f3luj nam Chryste!<\/p>\n<p>&#8211; W \u015brodkach spo\u0142ecznej komunikacji \u2013 Kr\u00f3luj nam Chryste!<\/p>\n<p>&#8211; W naszych urz\u0119dach, miejscach pracy, s\u0142u\u017cby i odpoczynku \u2013 Kr\u00f3luj nam Chryste!<\/p>\n<p>&#8211; W naszych miastach i wioskach \u2013 Kr\u00f3luj nam Chryste!<\/p>\n<p>&#8211; W ca\u0142ym Narodzie i Pa\u0144stwie Polskim \u2013 Kr\u00f3luj nam Chryste!<\/p>\n<p>B\u0142ogos\u0142awimy Ci\u0119 i dzi\u0119kujemy Ci Panie Jezu Chryste:<\/p>\n<p>&#8211; Za niezg\u0142\u0119bion\u0105 Mi\u0142o\u015b\u0107 Twojego Naj\u015bwi\u0119tszego Serca \u00ad\u2013 Chryste nasz Kr\u00f3lu, dzi\u0119kujemy!<\/p>\n<p>&#8211; Za \u0142ask\u0119 chrztu \u015bwi\u0119tego i przymierze z naszym Narodem zawarte przed wiekami \u2013 Chryste nasz Kr\u00f3lu, dzi\u0119kujemy!<\/p>\n<p>&#8211; Za macierzy\u0144sk\u0105 i kr\u00f3lewsk\u0105 obecno\u015b\u0107 Maryi w naszych dziejach \u2013 Chryste nasz Kr\u00f3lu, dzi\u0119kujemy!<\/p>\n<p>&#8211; Za Twoje wielkie Mi\u0142osierdzie okazywane nam stale \u2013 Chryste nasz Kr\u00f3lu, dzi\u0119kujemy!<\/p>\n<p>&#8211; Za Tw\u0105 wierno\u015b\u0107 mimo naszych zdrad i s\u0142abo\u015bci \u2013 Chryste nasz Kr\u00f3lu, dzi\u0119kujemy!<\/p>\n<p>\u015awiadomi naszych win i zniewag zadanych Twemu Sercu przepraszamy za wszelkie nasze grzechy, a zw\u0142aszcza za odwracanie si\u0119 od wiary \u015bwi\u0119tej, za brak mi\u0142o\u015bci wzgl\u0119dem Ciebie i bli\u017anich. Przepraszamy Ci\u0119 za narodowe grzechy spo\u0142eczne, za wszelkie wady, na\u0142ogi i zniewolenia. Wyrzekamy si\u0119 z\u0142ego ducha i wszystkich jego spraw.<\/p>\n<p>Pokornie poddajemy si\u0119 Twemu Panowaniu i Twemu Prawu. Zobowi\u0105zujemy si\u0119 porz\u0105dkowa\u0107 ca\u0142e nasze \u017cycie osobiste, rodzinne i narodowe wed\u0142ug Twego prawa:<\/p>\n<p>&#8211; Przyrzekamy broni\u0107 Twej \u015bwi\u0119tej czci, g\u0142osi\u0107 Tw\u0105 kr\u00f3lewsk\u0105 chwa\u0142\u0119 \u2013 Chryste nasz Kr\u00f3lu, przyrzekamy!<\/p>\n<p>&#8211; Przyrzekamy pe\u0142ni\u0107 Twoj\u0105 wol\u0119 i strzec prawo\u015bci naszych sumie\u0144 \u2013 Chryste nasz Kr\u00f3lu, przyrzekamy!<\/p>\n<p>&#8211; Przyrzekamy troszczy\u0107 si\u0119 o \u015bwi\u0119to\u015b\u0107 naszych rodzin i chrze\u015bcija\u0144skie wychowanie dzieci \u2013 Chryste nasz Kr\u00f3lu, przyrzekamy!<\/p>\n<p>&#8211; Przyrzekamy budowa\u0107 Twoje kr\u00f3lestwo i broni\u0107 go w naszym narodzie \u2013 Chryste nasz Kr\u00f3lu, przyrzekamy!<\/p>\n<p>&#8211; Przyrzekamy czynnie anga\u017cowa\u0107 si\u0119 w \u017cycie Ko\u015bcio\u0142a i strzec jego praw \u2013 Chryste nasz Kr\u00f3lu, przyrzekamy!<\/p>\n<p>Jedyny W\u0142adco pa\u0144stw, narod\u00f3w i ca\u0142ego stworzenia, Kr\u00f3lu kr\u00f3l\u00f3w i Panie panuj\u0105cych! Zawierzamy Ci Pa\u0144stwo Polskie i rz\u0105dz\u0105cych Polsk\u0105. Spraw, aby wszystkie podmioty w\u0142adzy sprawowa\u0142y rz\u0105dy sprawiedliwie i stanowi\u0142y prawa zgodne z Prawami Twoimi.<\/p>\n<p>Chryste Kr\u00f3lu, z ufno\u015bci\u0105 zawierzamy Twemu Mi\u0142osierdziu wszystko, co Polsk\u0119 stanowi, a zw\u0142aszcza tych cz\u0142onk\u00f3w Narodu, kt\u00f3rzy nie pod\u0105\u017caj\u0105 Twymi drogami. Obdarz ich sw\u0105 \u0142ask\u0105, o\u015bwie\u0107 moc\u0105 Ducha \u015awi\u0119tego i wszystkich nas doprowad\u017a do wiecznej jedno\u015bci z Ojcem.<\/p>\n<p>W imi\u0119 mi\u0142o\u015bci bratniej zawierzamy Tobie wszystkie narody \u015bwiata, a zw\u0142aszcza te, kt\u00f3re sta\u0142y si\u0119 sprawcami naszego polskiego krzy\u017ca. Spraw, by rozpozna\u0142y w Tobie swego prawowitego Pana i Kr\u00f3la i wykorzysta\u0142y czas dany im przez Ojca na dobrowolne poddanie si\u0119 Twojemu panowaniu.<\/p>\n<p>Panie Jezu Chryste, Kr\u00f3lu naszych serc, racz uczyni\u0107 serca nasze na wz\u00f3r Naj\u015bwi\u0119tszego Serca Twego.<\/p>\n<p>Niech Tw\u00f3j \u015awi\u0119ty Duch zst\u0105pi i odnowi oblicze ziemi, tej ziemi. Niech wspiera nas w realizacji zobowi\u0105za\u0144 p\u0142yn\u0105cych z tego narodowego aktu, chroni od z\u0142a i dokonuje naszego u\u015bwi\u0119cenia.<\/p>\n<p>W Niepokalanym Sercu Maryi sk\u0142adamy nasze postanowienia i zobowi\u0105zania. Matczynej opiece Kr\u00f3lowej Polski i wstawiennictwu \u015bwi\u0119tych Patron\u00f3w naszej Ojczyzny wszyscy si\u0119 powierzamy.<\/p>\n<p>Kr\u00f3luj nam Chryste! Kr\u00f3luj w naszej Ojczy\u017anie, kr\u00f3luj w ka\u017cdym narodzie \u2013 na wi\u0119ksz\u0105 chwa\u0142\u0119 Przenaj\u015bwi\u0119tszej Tr\u00f3jcy i dla zbawienia ludzi. Spraw, aby nasz\u0105 Ojczyzn\u0119 i \u015bwiat ca\u0142y obj\u0119\u0142o Twe Kr\u00f3lestwo: kr\u00f3lestwo prawdy i \u017cycia, kr\u00f3lestwo \u015bwi\u0119to\u015bci i \u0142aski, kr\u00f3lestwo sprawiedliwo\u015bci, mi\u0142o\u015bci i pokoju. Amen<\/p>\n","protected":false},"excerpt":{"rendered":"<p>Nie\u015bmiertelny Kr\u00f3lu Wiek\u00f3w, Panie Jezu Chryste, nasz Bo\u017ce i Zbawicielu! W Roku Jubileuszowym 1050-lecia Chrztu Polski, w roku Nadzwyczajnego Jubileuszu Mi\u0142osierdzia, oto my, Polacy, stajemy przed Tob\u0105 [wraz ze swymi w\u0142adzami duchownymi i \u015bwieckimi], by uzna\u0107 Twoje Panowanie, podda\u0107 si\u0119 Twemu Prawu, zawierzy\u0107 i po\u015bwi\u0119ci\u0107 Tobie nasz\u0105 Ojczyzn\u0119 i ca\u0142y Nar\u00f3d. Wyznajemy wobec nieba i ziemi, \u017ce Twego kr\u00f3lowania nam potrzeba. Wyznajemy, \u017ce Ty jeden masz do nas \u015bwi\u0119te i nigdy nie wygas\u0142e prawa. Dlatego z pokor\u0105 chyl\u0105c swe czo\u0142a przed Tob\u0105, Kr\u00f3lem Wszech\u015bwiata, uznajemy Twe Panowanie nad Polsk\u0105 i ca\u0142ym naszym Narodem, \u017cyj\u0105cym w Ojczy\u017anie i w \u015bwiecie. Pragn\u0105c uwielbi\u0107 majestat Twej pot\u0119gi i chwa\u0142y, z wielk\u0105 wiar\u0105 i mi\u0142o\u015bci\u0105 wo\u0142amy: Kr\u00f3luj nam Chryste! &#8211; W naszych sercach \u2013 Kr\u00f3luj nam Chryste! &#8211; W naszych rodzinach \u2013 Kr\u00f3luj nam Chryste! &#8211; W naszych parafiach \u2013 Kr\u00f3luj nam Chryste! &#8211; W naszych szko\u0142ach i uczelniach \u2013 Kr\u00f3luj nam Chryste! &#8211;&hellip;<\/p>\n<p> <a class=\"more-link\" href=\"http:\/\/www.franciszek-walcz.pl\/?p=18023\">Czytaj dalej<\/a><\/p>\n","protected":false},"author":1,"featured_media":0,"comment_status":"closed","ping_status":"closed","sticky":false,"template":"","format":"standard","meta":{"footnotes":""},"categories":[4],"tags":[],"class_list":{"0":"post-18023","1":"post","2":"type-post","3":"status-publish","4":"format-standard","6":"category-ogloszenia"},"brizy_media":[],"_links":{"self":[{"href":"http:\/\/www.franciszek-walcz.pl\/index.php?rest_route=\/wp\/v2\/posts\/18023","targetHints":{"allow":["GET"]}}],"collection":[{"href":"http:\/\/www.franciszek-walcz.pl\/index.php?rest_route=\/wp\/v2\/posts"}],"about":[{"href":"http:\/\/www.franciszek-walcz.pl\/index.php?rest_route=\/wp\/v2\/types\/post"}],"author":[{"embeddable":true,"href":"http:\/\/www.franciszek-walcz.pl\/index.php?rest_route=\/wp\/v2\/users\/1"}],"replies":[{"embeddable":true,"href":"http:\/\/www.franciszek-walcz.pl\/index.php?rest_route=%2Fwp%2Fv2%2Fcomments&post=18023"}],"version-history":[{"count":1,"href":"http:\/\/www.franciszek-walcz.pl\/index.php?rest_route=\/wp\/v2\/posts\/18023\/revisions"}],"predecessor-version":[{"id":18024,"href":"http:\/\/www.franciszek-walcz.pl\/index.php?rest_route=\/wp\/v2\/posts\/18023\/revisions\/18024"}],"wp:attachment":[{"href":"http:\/\/www.franciszek-walcz.pl\/index.php?rest_route=%2Fwp%2Fv2%2Fmedia&parent=18023"}],"wp:term":[{"taxonomy":"category","embeddable":true,"href":"http:\/\/www.franciszek-walcz.pl\/index.php?rest_route=%2Fwp%2Fv2%2Fcategories&post=18023"},{"taxonomy":"post_tag","embeddable":true,"href":"http:\/\/www.franciszek-walcz.pl\/index.php?rest_route=%2Fwp%2Fv2%2Ftags&post=18023"}],"curies":[{"name":"wp","href":"https:\/\/api.w.org\/{rel}","templated":true}]}}