{"id":18025,"date":"2021-11-20T10:43:54","date_gmt":"2021-11-20T09:43:54","guid":{"rendered":"http:\/\/www.franciszek-walcz.pl\/?p=18025"},"modified":"2021-11-20T10:44:16","modified_gmt":"2021-11-20T09:44:16","slug":"moj-wierny-swiadek","status":"publish","type":"post","link":"http:\/\/www.franciszek-walcz.pl\/?p=18025","title":{"rendered":"\u201cM\u00f3j wierny \u015bwiadek\u201d"},"content":{"rendered":"<p>Prze\u017cywamy Uroczysto\u015b\u0107 Jezusa Chrystusa Kr\u00f3la Wszech\u015bwiata. Jezus to na pewno Kr\u00f3l Wszech\u015bwiata. Przekonamy si\u0119 o tym w wieczno\u015bci. Spe\u0142ni si\u0119 to, co pisa\u0142 \u015bw. Pawe\u0142, \u017ce nast\u0105pi kiedy\u015b rekapitulacja wszystkich rzeczy w Chrystusie. Recaput \u2013 powr\u00f3t do g\u0142owy, rekapitulacja, to znaczy, \u017ce kiedy\u015b wszystkie rzeczy znajd\u0105 si\u0119 u st\u00f3p Chrystusa, Kr\u00f3la Wszech\u015bwiata. On zatryumfuje, i wtedy \u2013 jak pisa\u0142 \u015bw. Pawe\u0142 \u2013 \u201eB\u00f3g b\u0119dzie wszystkim we wszystkich\u201d. Spe\u0142ni si\u0119 to, co przedstawia ta wspania\u0142a rze\u017aba na sali audiencjonalnej\u00a0\u00a0 papieskiej w Rzymie \u2013 Chrystus kosmiczny, to znaczy Chrystus, kt\u00f3ry ostatecznie zwyci\u0119\u017cy \u2013 Chrystus, Kr\u00f3l Wszech\u015bwiata.<\/p>\n<p>Zechciejmy dzi\u015b tego Kr\u00f3la Wszech\u015bwiata zobaczy\u0107 na dziedzi\u0144cu Pi\u0142ata, tu\u017c przed m\u0119k\u0105 i \u015bmierci\u0105 krzy\u017cow\u0105, kt\u00f3r\u0105 mia\u0142 ochotnie podj\u0105\u0107 za nas. Przew\u00f3d s\u0105dowy, jeden z najbardziej tragicznych, mord \u2013 jeden z najbardziej tragicznych, jaki mia\u0142 miejsce na ziemi. \u017bydzi oskar\u017caj\u0105 Chrystusa o to, \u017ce si\u0119 czyni Kr\u00f3lem. Chc\u0105 w ten spos\u00f3b zmusi\u0107 namiestnika cesarza rzymskiego Pi\u0142ata, \u017ceby wyda\u0142 wyrok \u015bmierci na Jezusa. A Pi\u0142at, kt\u00f3ry by\u0142 przekonany co do niewinno\u015bci tego niezwyk\u0142ego skaza\u0144ca, zapyta\u0142 Go:\u00a0<em>Czy Ty jeste\u015b Kr\u00f3lem?<\/em>\u00a0 Na to pytanie Chrystus odpowiedzia\u0142:\u00a0<em>Tak, jestem Kr\u00f3lem. Jam si\u0119 na to narodzi\u0142 i na to przyszed\u0142em na \u015bwiat, aby da\u0107 \u015bwiadectwo prawdzie. Ka\u017cdy kto jest z prawdy s\u0142ucha mojego g\u0142osu.<\/em><\/p>\n<p>Prawda. Zatrzymajmy si\u0119 przy tym s\u0142owie, przy tym jednym wyrazie, bo Kr\u00f3lestwo Chrystusa \u2013 to jest Kr\u00f3lestwo Prawdy, a Chrystus to przede wszystkim Kr\u00f3l Prawdy. Cz\u0142owiek dzisiejszy nie bardzo lubi tego s\u0142owa Ostatnio przebadano j\u0119zyk polski u\u017cywany w \u015brodkach masowego przekazu \u2013 w radio, w telewizji. Przebadano cz\u0119stotliwo\u015b\u0107 u\u017cywanych w naszych \u015brodkach masowego przekazu wyraz\u00f3w. Nale\u017cy do najbardziej u\u017cywanych wyraz \u201eprodukcja\u201d zajmuje on 40<strong>\u2013<\/strong>te miejsce, a wi\u0119c do\u015b\u0107 wysoko. Wyrazy zwi\u0105zane produkcj\u0105, jak fabryka, przedsi\u0119biorstwo, zajmuj\u0105 miejsca od 1-go do 240<strong>\u2013<\/strong>tego. A na jakim miejscu znajduje si\u0119 wyraz \u201eprawda\u201d? Na dalekim 946 miejscu. A tymczasem prawda jest najwa\u017cniejsza, bo bez niej \u017cycie ludzkie staje si\u0119 nonsensem, bzdur\u0105, nieszcz\u0119\u015bciem dla cz\u0142owieka, kt\u00f3ry je prze\u017cywa. To ona ma przenika\u0107 wszystko: ona musi by\u0107 w produkcji, i w tym, co nie jest produkcj\u0105. Prawda powinna mie\u0107 kr\u00f3lewskie miejsce. Nic wi\u0119c dziwnego, \u017ce Syn Bo\u017cy gdy zst\u0105pi\u0142 na ziemi\u0119 przyni\u00f3s\u0142 prawd\u0119 i przez to przede wszystkim sta\u0142 si\u0119 Kr\u00f3lem. Pan Jezus wyra\u017anie deklaruje wobec Pi\u0142ata:\u00a0<em>nie pomyli\u0142e\u015b si\u0119 ja jestem Kr\u00f3lem, Jam si\u0119 na to narodzi\u0142 i na to przyszed\u0142em na \u015bwiat, aby da\u0107 \u015bwiadectwo prawdzie<\/em>. Chrystus przyni\u00f3s\u0142 prawd\u0119, kt\u00f3ra nie zawodzi. Pismo \u015bw. Chrystusowi nadaje rozmaite tytu\u0142y, nie tylko w Nowym ale i w Starym Testamencie. Przypomnijmy sobie, \u017ce Chrystus Pan sam nada\u0142 sobie jeden tytu\u0142. Jaki? Amen. Zwykli\u015bmy na zako\u0144czenie naszych modlitw, na zako\u0144czenie naszych kaza\u0144, przem\u00f3wie\u0144 m\u00f3wi\u0107\u00a0<em>Amen<\/em>. Gdyby\u015bmy zapytali si\u0119 jakiego\u015b ch\u0142opca czy dziewczynk\u0119 na katechizacji co znaczy ten wyraz, pos\u0142yszeliby\u015bmy zapewne odpowied\u017a:\u00a0<em>niech si\u0119 tak stanie<\/em>, a tymczasem sam Chrystus nazywa si\u0119\u00a0<em>Amen<\/em>.\u00a0<strong>\u00a0<\/strong>\u015aw. Jan Aposto\u0142, wygnany przez cesarza Domicjana na wysp\u0119 Patmos, pogr\u0105\u017cony na modlitwie s\u0142ysza\u0142, jak Chrystus do biskupa Laodycei powiedzia\u0142:\u00a0<em>To m\u00f3wi Amen, \u015bwiadek wierny i prawdom\u00f3wny<\/em>.<\/p>\n<p>\u201eAmen\u201d \u2013 to jest nazwa Chrystusa, kt\u00f3ry przyni\u00f3s\u0142 ostateczn\u0105 prawd\u0119, prawd\u0119 nieodwo\u0142aln\u0105. Stad\u00a0<em>Amen<\/em>\u00a0znaczy\u00a0<em>niech si\u0119 to stanie<\/em>, ale\u00a0<em>amen<\/em>\u00a0przede wszystkim znaczy na pewno, zaprawd\u0119,\u00a0<em>amen<\/em>\u00a0znaczy: oczywi\u015bcie,\u00a0<em>amen<\/em>\u00a0znaczy po prostu: tak, tak i nie inaczej!<\/p>\n<p>W Chrystusie nigdy nie by\u0142o r\u00f3wnocze\u015bnie \u201etak i nie\u201d. To u nas nieraz jest \u201etak i nie\u201d \u2013 na dwoje babka wr\u00f3\u017cy\u0142a, a w Chrystusie dokona\u0142o si\u0119 tylko \u201eTAK\u201d. I dlatego jest Kr\u00f3lem, jest Kr\u00f3lem Prawdy.<\/p>\n<p>To Kr\u00f3lestwo prawdy, jakie przyni\u00f3s\u0142 Chrystus, ja\u015bnieje tym bardziej im wi\u0119cej dzisiaj fa\u0142szu, im wi\u0119cej zak\u0142amania, im wi\u0119cej ludzi, u kt\u00f3rych jest i \u201etak i nie\u201d co do tego samego, zale\u017cnie od sytuacji \u017cyciowej.<\/p>\n<p>I za to winni\u015bmy Chrystusowi gor\u0105co dzi\u0119kowa\u0107, \u017ce przyni\u00f3s\u0142 nam prawd\u0119:\u00a0<em>Jam si\u0119 na to narodzi\u0142, i na to przyszed\u0142em na \u015bwiat, aby da\u0107 \u015bwiadectwo prawdzie<\/em>\u00a0\u2013 my\u015bmy Mu powinni za to na kolanach dzi\u0119ko\u00adwa\u0107 codziennie, bo tylko prawda mo\u017ce nas wyswobodzi\u0107 .<\/p>\n<p>W zak\u0142amaniu nikt nie mo\u017ce by\u0107 szcz\u0119\u015bliwy. Trzeba nam prze\u017cy\u0107 g\u0142\u0119boko to Imi\u0119 Chrystusa: AMEN.<\/p>\n<p>Jezus m\u00f3wi\u0142 do Pi\u0142ata, \u017ce przyszed\u0142, a\u017ceby za\u015bwiadczy\u0107 o prawdzie, da\u0107 \u015bwiadectwo prawdzie. Ale Jezus to \u015bwiadek wierny, to Ten, kt\u00f3ry g\u0142oszon\u0105 przez siebie prawd\u0119 potwierdzi\u0142 \u015bmierci\u0105. I my dzisiaj chcemy uwielbi\u0107 Chrystusa, \u015bwiadka wiernego, bo On w\u0142a\u015bnie przez to wierne \u015bwiadectwo odda\u0142 swoje \u017cycie \u2013 Jezus Ukrzy\u017cowany \u2013 ten obraz poucza nas, w jaki to spos\u00f3b Chrystus da\u0142 \u015bwiadectwo prawdzie.<\/p>\n<p>Chrystus rozpocz\u0105\u0142 nowotestamentalny poch\u00f3d \u015bwiadk\u00f3w wiernych. Za Chrystusem id\u0105 \u015bwiadkowie Bo\u017cej prawdy, kt\u00f3rzy przypiecz\u0119towali j\u0105 swoj\u0105 \u015bmierci\u0105. W Ko\u015bciele, w ci\u0105gu jego historii, my raz po raz spotykamy wspania\u0142e postacie, cudowne postacie, wiernych \u015bwiadk\u00f3w Chrystusa, kt\u00f3rzy \u015bwiadectwo, jakie dawali Chrystusowi, przypiecz\u0119towali swoj\u0105 krwi\u0105 \u2013 oni zas\u0142u\u017cyli na to, \u017ceby Chrystus do ka\u017cdego z nich m\u00f3wi\u0142:\u00a0<em>m\u00f3j wierny \u015bwiadek<\/em>. Przypomnijmy sobie jednego z nich: \u015awiecki kanclerz kr\u00f3lestwa Anglii, kanclerz Henryka VIII, kr\u00f3l bardzo go ceni\u0142 \u2013 Tomasz Morus. Tomasz Morus to katolik, m\u0105\u017c, ojciec, kt\u00f3ry ponad wszystko stawia\u0142 \u015bwiadectwo wierne dawane Chrystusowi. Nie chcia\u0142 od tego \u015bwiadectwa odst\u0105pi\u0107, nie chcia\u0142 uzna\u0107 post\u0119powania kr\u00f3la, kt\u00f3ry rzuci\u0142 prawowit\u0105 ma\u0142\u017conk\u0119 i po\u015blubi\u0142 kochank\u0119 Ann\u0119 Boleyn. Nie chcia\u0142 uzna\u0107 Henryka VIII za g\u0142ow\u0119 Ko\u015bcio\u0142a w miejsce Papie\u017ca, nie chcia\u0142 \u017cadn\u0105 miar\u0105 z\u0142o\u017cy\u0107 tzw. przysi\u0119gi supremacyjnej. Za to wtr\u0105cono go do wi\u0119zienia i tam przychodzili do niego przyjaciele, t\u0142umaczyli mu, \u017ce jest bardzo przez kr\u00f3la ceniony, \u017ce nie ma si\u0119 co upiera\u0107, i \u017ce w\u0142a\u015bciwie ju\u017c duchowie\u0144stwo angielskie i biskupi za\u0142amali si\u0119, poszli za kr\u00f3lem, a na to on odpowiedzia\u0142:\u00a0<em>fakt, \u017ce wszyscy biskupi weszli w spos\u00f3b widzenia monarchy nie uwalnia mojego sumienia od pot\u0119pienia wszystkiego, co pope\u0142ni\u0142 Kr\u00f3l<\/em>. I zosta\u0142 \u015bci\u0119ty. Sta\u0142 si\u0119 wiernym \u015bwiadkiem Kr\u00f3la Kr\u00f3l\u00f3w, zas\u0142u\u017cy\u0142 na to, \u017ceby Chrystus do niego powiedzia\u0142: m\u00f3j \u015bwiadek wierny!<\/p>\n<p>Jak\u017ce bardzo dzisiaj ludzko\u015b\u0107 potrzebuje takich \u015bwiadk\u00f3w wiernych prawdy na wz\u00f3r Chrystusa. Jak\u017ce bardzo dzisiaj ludzko\u015b\u0107 potrzebuje takich ludzi, kt\u00f3rzy by byli podobni do Chrystusa, Wcielonego Amen, do Tego Chrystusa, kt\u00f3ry sta\u0142 si\u0119 tym Wcielonym Amen \u2013 TAK! Mo\u017ce czytali\u015bcie\u00a0<em>Traktat moralny<\/em>\u00a0. W Traktacie moralnym Czes\u0142aw Mi\u0142osz pisze o ludziach dzisiejszych chorych na schizofreni\u0119, na rozdwojenie ja\u017ani. Nie chodzi mu o t\u0119 schizofreni\u0119 fizyczn\u0105 leczon\u0105 w szpitalach psychiatrycznych, chodzi mu o inn\u0105 schizofreni\u0119, duchow\u0105, przez kt\u00f3r\u0105 cz\u0142owiek \u2013 jak pisze \u2013 ku zgubie p\u0119dzi.<\/p>\n<p>Na czym polega ta schizofrenia duchowa dzisiejszego cz\u0142owieka? Polega na poczuciu \u2013 jak pisze Mi\u0142osz \u2013 \u017ce te moje czyny spe\u0142niam nie ja, ale kto\u015b inny. To nie ja, a kto\u015b inny to czyni. Ci dzisiejsi schizofrenicy t\u0142umaczyli si\u0119 i t\u0142umacz\u0105\u00a0<em><strong>\u2013\u00a0<\/strong><\/em>jak pisze Mi\u0142osz \u2013 \u017ce z\u0142o jest bezimienne, a nas u\u017cyto jako narz\u0119dzi, my\u015bmy tego nie chcieli, zrobili\u015bmy ale to nie my, byli\u015bmy tylko narz\u0119dziami \u2013 to jest ta schizofrenia duchowa.<\/p>\n<p>Dzia\u0142alno\u015b\u0107 Ko\u015bcio\u0142a zmierza do tego, \u017ceby ludzko\u015bci da\u0107 takich ludzi, wychowa\u0107 takich w\u0142a\u015bnie ludzi, w kt\u00f3rych dowodzie osobistym mo\u017cna by napisa\u0107 \u201eAmen\u201d, \u201eWierny \u015awiadek Chrystusa\u201d, do kt\u00f3rych Chrystus m\u00f3g\u0142by odnie\u015b\u0107 to takie czu\u0142e powiedzenie:\u00a0<em>m\u00f3j wiemy \u015bwiadek<\/em>. Nad tym\u00a0 Ko\u015bci\u00f3\u0142 pracuje.<\/p>\n<p>\u201eM\u00f3j wierny \u015bwiadek\u201d \u2013 te s\u0142owa Chrystusowe odnosz\u0105 si\u0119 do ka\u017cdej i ka\u017cdego z nas.<em>\u00a0M\u00f3j wierny \u015bwiadek \u2013\u00a0<\/em>m\u00f3wi Chrystus do ojca i matki, kt\u00f3rzy trudz\u0105 si\u0119 nad wychowaniem swoich dzieci w duchu wiary i mi\u0142o\u015bci.\u00a0<em>M\u00f3j wierny \u015bwiadek \u2013\u00a0<\/em>m\u00f3wi dzi\u015b Chrystus Kr\u00f3l do mnie, do Ciebie, zapraszaj\u0105c do dawania pi\u0119knego \u015bwiadectwa o Nim we wsp\u00f3\u0142czesnym \u015bwiecie.<\/p>\n<p>Cz\u0142owiek musi by\u0107 \u015bwiadkiem. Cz\u0142owiek musi by\u0107 \u015bwiadkiem czego\u015b, kogo\u015b. Nie mo\u017ce by\u0107 ani momentu, w kt\u00f3rym by cz\u0142owiek nie dawa\u0142 komu\u015b \u015bwiadectwa. Mo\u017cna m\u0105drze powiedzie\u0107, \u017ce \u015bwiadectwo wyznacza nasze \u017cycie i wed\u0142ug tego, jakimi jeste\u015bmy \u015bwiadkami my b\u0119dziemy kiedy\u015b s\u0105dzeni przez Pana Boga. I pami\u0119tajmy, \u017ce to \u015bwiadectwo, jakie dajemy swoim \u017cyciem, rozstrzyga o szcz\u0119\u015bciu cz\u0142owieka. Tylko ten cz\u0142owiek mo\u017ce by\u0107 szcz\u0119\u015bliwy, kt\u00f3ry daje \u015bwiadectwo o Bogu. Tylko ten cz\u0142owiek mo\u017ce by\u0107 szcz\u0119\u015bliwy, do kt\u00f3rego\u00a0 Chrystus m\u00f3wi:\u00a0<em>m\u00f3j wierny \u015bwiadek<\/em>. Chrystus bowiem to jest Kr\u00f3l Prawdy, Chrystus to jest owo Wcielone Amen. Amen to imi\u0119 Chrystusa Kr\u00f3la, kt\u00f3ry nas uszcz\u0119\u015bliwia. I ilekro\u0107 b\u0119dziecie, drodzy bracia i siostry, wymawia\u0107 Amen, my\u015blcie o Wcielonym Amen, o Chrystusie, kt\u00f3ry m\u00f3g\u0142 o sobie powiedzie\u0107:\u00a0<em>Ja jestem Amen<\/em>\u00a0i pobudzajcie si\u0119 do tego, \u017ceby za Jego przyk\u0142adem by\u0107 wiernym \u015bwiadkiem, \u015bwiadkiem Bo\u017cej prawdy zawsze i wsz\u0119dzie, do ko\u0144ca.<\/p>\n","protected":false},"excerpt":{"rendered":"<p>Prze\u017cywamy Uroczysto\u015b\u0107 Jezusa Chrystusa Kr\u00f3la Wszech\u015bwiata. Jezus to na pewno Kr\u00f3l Wszech\u015bwiata. Przekonamy si\u0119 o tym w wieczno\u015bci. Spe\u0142ni si\u0119 to, co pisa\u0142 \u015bw. Pawe\u0142, \u017ce nast\u0105pi kiedy\u015b rekapitulacja wszystkich rzeczy w Chrystusie. Recaput \u2013 powr\u00f3t do g\u0142owy, rekapitulacja, to znaczy, \u017ce kiedy\u015b wszystkie rzeczy znajd\u0105 si\u0119 u st\u00f3p Chrystusa, Kr\u00f3la Wszech\u015bwiata. On zatryumfuje, i wtedy \u2013 jak pisa\u0142 \u015bw. Pawe\u0142 \u2013 \u201eB\u00f3g b\u0119dzie wszystkim we wszystkich\u201d. Spe\u0142ni si\u0119 to, co przedstawia ta wspania\u0142a rze\u017aba na sali audiencjonalnej\u00a0\u00a0 papieskiej w Rzymie \u2013 Chrystus kosmiczny, to znaczy Chrystus, kt\u00f3ry ostatecznie zwyci\u0119\u017cy \u2013 Chrystus, Kr\u00f3l Wszech\u015bwiata. Zechciejmy dzi\u015b tego Kr\u00f3la Wszech\u015bwiata zobaczy\u0107 na dziedzi\u0144cu Pi\u0142ata, tu\u017c przed m\u0119k\u0105 i \u015bmierci\u0105 krzy\u017cow\u0105, kt\u00f3r\u0105 mia\u0142 ochotnie podj\u0105\u0107 za nas. Przew\u00f3d s\u0105dowy, jeden z najbardziej tragicznych, mord \u2013 jeden z najbardziej tragicznych, jaki mia\u0142 miejsce na ziemi. \u017bydzi oskar\u017caj\u0105 Chrystusa o to, \u017ce si\u0119 czyni Kr\u00f3lem. Chc\u0105 w ten spos\u00f3b zmusi\u0107 namiestnika cesarza rzymskiego Pi\u0142ata,&hellip;<\/p>\n<p> <a class=\"more-link\" href=\"http:\/\/www.franciszek-walcz.pl\/?p=18025\">Czytaj dalej<\/a><\/p>\n","protected":false},"author":1,"featured_media":0,"comment_status":"closed","ping_status":"closed","sticky":false,"template":"","format":"standard","meta":{"footnotes":""},"categories":[1],"tags":[],"class_list":{"0":"post-18025","1":"post","2":"type-post","3":"status-publish","4":"format-standard","6":"category-uncategorized"},"brizy_media":[],"_links":{"self":[{"href":"http:\/\/www.franciszek-walcz.pl\/index.php?rest_route=\/wp\/v2\/posts\/18025","targetHints":{"allow":["GET"]}}],"collection":[{"href":"http:\/\/www.franciszek-walcz.pl\/index.php?rest_route=\/wp\/v2\/posts"}],"about":[{"href":"http:\/\/www.franciszek-walcz.pl\/index.php?rest_route=\/wp\/v2\/types\/post"}],"author":[{"embeddable":true,"href":"http:\/\/www.franciszek-walcz.pl\/index.php?rest_route=\/wp\/v2\/users\/1"}],"replies":[{"embeddable":true,"href":"http:\/\/www.franciszek-walcz.pl\/index.php?rest_route=%2Fwp%2Fv2%2Fcomments&post=18025"}],"version-history":[{"count":1,"href":"http:\/\/www.franciszek-walcz.pl\/index.php?rest_route=\/wp\/v2\/posts\/18025\/revisions"}],"predecessor-version":[{"id":18026,"href":"http:\/\/www.franciszek-walcz.pl\/index.php?rest_route=\/wp\/v2\/posts\/18025\/revisions\/18026"}],"wp:attachment":[{"href":"http:\/\/www.franciszek-walcz.pl\/index.php?rest_route=%2Fwp%2Fv2%2Fmedia&parent=18025"}],"wp:term":[{"taxonomy":"category","embeddable":true,"href":"http:\/\/www.franciszek-walcz.pl\/index.php?rest_route=%2Fwp%2Fv2%2Fcategories&post=18025"},{"taxonomy":"post_tag","embeddable":true,"href":"http:\/\/www.franciszek-walcz.pl\/index.php?rest_route=%2Fwp%2Fv2%2Ftags&post=18025"}],"curies":[{"name":"wp","href":"https:\/\/api.w.org\/{rel}","templated":true}]}}