{"id":18138,"date":"2021-11-27T16:04:00","date_gmt":"2021-11-27T15:04:00","guid":{"rendered":"http:\/\/www.franciszek-walcz.pl\/?p=18138"},"modified":"2021-11-27T16:05:21","modified_gmt":"2021-11-27T15:05:21","slug":"niedziela-adwentu-c-czas-czuwania","status":"publish","type":"post","link":"http:\/\/www.franciszek-walcz.pl\/?p=18138","title":{"rendered":"Niedziela Adwentu (C) \u2013 Czas czuwania"},"content":{"rendered":"<p>Adwent. Czas znak\u00f3w, kt\u00f3re m\u00f3wi\u0105 o blisko\u015bci Boga z cz\u0142owiekiem. W ko\u015bcio\u0142ach zapala si\u0119 dodatkowe \u015bwiat\u0142o, oznaczaj\u0105ce oczekiwanie. Przyb\u0105d\u017a &#8211; to jest credo Adwentu. W ko\u015bcio\u0142ach wierni przyjd\u0105 na &#8222;roraty&#8221; z zapalonymi \u015bwiecami, dzieci z lampionami, kt\u00f3re b\u0119d\u0105 tak\u017ce oznacza\u0142y oczekiwanie. Adwent, to tak\u017ce oczyszczenie naszej duszy. Trzeba oczy\u015bci\u0107 to co brudne i grzeszne. Po cichutku wchodzimy w misterium \u015bwi\u0105t Bo\u017cego Narodzenia, na wigili\u0119, ale tak\u017ce i przede wszystkim na Obecno\u015b\u0107 Boga w \u015awi\u0119cie. Nie jako na pami\u0105tk\u0119, ale w pami\u0119ci tego \u015bwi\u0119ta i w obecno\u015bci Bo\u017cej Dzieciny, kt\u00f3ra rodzi zobowi\u0105zania.<\/p>\n<p>Pierwszym adwentowym znakiem jest katecheza Ko\u015bcio\u00ad\u0142a, kt\u00f3ry chce przypomnie\u0107 dzisiejszemu zaj\u0119temu cz\u0142owiekowi (ci\u0105gle zaj\u0119temu czym\u015b innym), aby pami\u0119ta\u0142 o Obecnym w\u015br\u00f3d nas Bogu. Bo On przyszed\u0142 do nas. Dlatego &#8222;i wy b\u0105d\u017acie gotowi, bo w chwili, kt\u00f3rej si\u0119 nie domy\u015blacie, Syn Cz\u0142owieczy przyjdzie&#8230;&#8221; .<\/p>\n<p>Chce przypomnie\u0107, \u017ce to jest czekanie nie na \u015bwi\u0119ta, tak bardzo nastrojowe, ciep\u0142e, \u015bwi\u0119ta wsp\u00f3lnego sto\u0142u, prze\u0142amanych barier, otwar\u00adtych serc&#8230; to jest pi\u0119kne, ale liturgia dzisiejsza wprowadza w to nasze my\u015blenie zasadnicz\u0105 korekt\u0119. W Adwencie &#8211; wszystko prowadzi nie do \u015bwi\u0105t, ale do Osoby Chrystusa. To On jest przedmiotem naszej nadziei, to On jest Obietnic\u0105 i jej Spe\u0142nieniem.<\/p>\n<p>Dlatego ju\u017c na pocz\u0105tku Adwentu B\u00f3g przypomina, \u017ce chrze\u015bcija\u0144\u00adskie czekanie nie jest czym\u015b mechanicznym, biernym, bezideowym.<\/p>\n<p>Najwa\u017cniejszym zadaniem tego czasu jest przygotowanie si\u0119 na osta\u00adteczne przyj\u015bcie Pana poprzez wewn\u0119trzn\u0105 przemian\u0119 serca.<\/p>\n<p>\u0179r\u00f3d\u0142em przemiany ludzkiego serca &#8211; jest d\u0105\u017cenie do doskona\u0142o\u015bci. Do tego jest potrzebne czuwanie. Inaczej m\u00f3wi\u0105c &#8211; duchowa praca nad sob\u0105&#8230;<\/p>\n<p>Czuwa\u0107 &#8211; aby czasu oczekiwania i przygotowania nie straci\u0107.<\/p>\n<p>&#8222;Czuwaj&#8221; &#8211; znaczy &#8211; &#8222;nie \u015bpij&#8221;.<\/p>\n<p>&#8222;Czuwa\u0107 &#8211; to oczekiwa\u0107 na Go\u015bcia. Cz\u0142owiek, kt\u00f3ry oczekuje &#8211; czuwa. Chrystus przychodzi ci\u0105gle w nasz\u0105 ludzk\u0105 codzienno\u015b\u0107. Przychodzi tam, gdzie jest cz\u0142owiek ze swoimi problemami, ze swoimi biedami, tam gdzie s\u0105 ludzkie pora\u017cki i wygrane, niepowodzenia i sukcesy. Przychodzi tam, gdzie cz\u0142owiek wypowiada s\u0142owo: przyjd\u017a&#8221;!<\/p>\n<p>Przyjdzie wreszcie po raz ostatni: dla cz\u0142owieka w chwili jego \u015bmierci i dla \u015bwiata &#8211; przy jego ko\u0144cu. Mo\u017ce si\u0119 zjawi\u0107 znienacka&#8230; &#8222;z wieczora, czy o p\u00f3\u0142nocy, czy o pianiu kogut\u00f3w, czy rankiem&#8221;&#8230; I dlatego czuwa\u0107, tzn. i\u015b\u0107 na spotkanie z Osob\u0105, na spotkanie z tradycj\u0105, celebracj\u0105, znakami kultury. I na tej drodze, dane nam s\u0105 znaki, s\u0142owa kr\u00f3tkie, gdy\u017c B\u00f3g jest zwi\u0119z\u0142y, ale w tych s\u0142owach zawarta jest prawda o cz\u0142owieku, o czasie w kt\u00f3rym \u017cyje, o celu drogi, kt\u00f3r\u0105 idzie. Uwi\u0119zi\u0107 oczy w zjawiskach tego \u015bwiata i nie widzie\u0107 tych znak\u00f3w, to nie prze\u017cywa\u0107 adwentu.<\/p>\n<p>Obserwuj\u0105c \u015bwiat &#8211; zauwa\u017camy, \u017ce to nasze chrze\u015bcija\u0144skie czuwanie os\u0142ab\u0142o. Zbyt bardzo zadomowili\u015bmy si\u0119 w tym \u015bwiecie doczesnym, w tym przemijaj\u0105cym \u015bwiecie&#8230;<\/p>\n<p>My ju\u017c cz\u0119sto nie potrafimy t\u0119skni\u0107 tak, jak ludzie z czas\u00f3w Chrystusa i aposto\u0142\u00f3w, do innego doskonalszego \u015bwiata. Dzisiaj pr\u00f3buje si\u0119 tak \u017cy\u0107 (nie wiem, sk\u0105d to idzie), jakby B\u00f3g by\u0142 daleko, jakby by\u0142 nieobecny, jakby nie mia\u0142 nam nic do powiedzenia, jakby\u015bmy ostatecznie przed Bogiem nie musieli zda\u0107 sprawy ze swego \u017cycia. Wielu \u017cyje tak, jakby nie by\u0142o dylematu: dobro czy z\u0142o. Akceptuje wszystko, nie podejmuj\u0105c trudu oceny i wyboru. A jednak taki dylemat istnieje. Jest przecie\u017c ci\u0105g\u0142e napi\u0119cie mi\u0119dzy \u017cyciem z Bogiem, a \u017cy\u00adciem bez Boga. Mi\u0119dzy tymi warto\u015bciami stoi cz\u0142owiek. I musi sam dokona\u0107 wyboru. By\u0107 m\u0105drym. I B\u00f3g w swojej dobroci i m\u0105dro\u015bci ukazuje cz\u0142owiekowi wiele znak\u00f3w, tak aby si\u0119 nie zagubi\u0142.<\/p>\n<p>U progu Adwentu B\u00f3g w swoim s\u0142owie wzywa nas aby\u015bmy umieli zrozumie\u0107 chwil\u0119 obecn\u0105&#8221; .<\/p>\n<p>Zrozumie\u0107 chwil\u0119 obecn\u0105 &#8211; to znaczy stworzy\u0107 dobry klimat, dobr\u0105 atmosfer\u0119 w swoich rodzinach i w naszej Ojczy\u017anie.<\/p>\n<p>Poeta Norwid &#8211; pozostanie zawsze cz\u0142owiekiem wsp\u00f3\u0142czesnym. W trosce o nasze spo\u0142ecze\u0144stwo pisa\u0142: &#8222;Umiemy si\u0119 tylko k\u0142\u00f3ci\u0107, albo kocha\u0107, ale nie umiemy si\u0119 r\u00f3\u017cni\u0107 pi\u0119knie i mocno&#8221;.<\/p>\n<p>Dlatego upomina nas dzisiejsze s\u0142owo: &#8222;Niech nie b\u0119d\u0105 oci\u0119\u017ca\u0142e wasze serca&#8221;.<\/p>\n<p>Chcemy \u017cy\u0107 w Adwencie godnie, zdrowo, spokojnie i przyja\u017anie. Ale nade wszystko pragniemy \u017cy\u0107 m\u0105drze. A m\u0105drze, to znaczy tak, aby zachowa\u0107 w sobie t\u0119 umiej\u0119tno\u015b\u0107 rozr\u00f3\u017cnienia dobra od z\u0142a. Ten, kt\u00f3ry b\u0119dzie umia\u0142 rozr\u00f3\u017cni\u0107 dobre pytania od z\u0142ych, b\u0119dzie uchodzi\u0142 za m\u0105drego cz\u0142owieka.<\/p>\n<p>Czuwajmy &#8211; aby\u015bmy umieli rozpozna\u0107 znaki i potrafili &#8222;Przekroczy\u0107 pr\u00f3g nadziei&#8221;. Amen!<\/p>\n","protected":false},"excerpt":{"rendered":"<p>Adwent. Czas znak\u00f3w, kt\u00f3re m\u00f3wi\u0105 o blisko\u015bci Boga z cz\u0142owiekiem. W ko\u015bcio\u0142ach zapala si\u0119 dodatkowe \u015bwiat\u0142o, oznaczaj\u0105ce oczekiwanie. Przyb\u0105d\u017a &#8211; to jest credo Adwentu. W ko\u015bcio\u0142ach wierni przyjd\u0105 na &#8222;roraty&#8221; z zapalonymi \u015bwiecami, dzieci z lampionami, kt\u00f3re b\u0119d\u0105 tak\u017ce oznacza\u0142y oczekiwanie. Adwent, to tak\u017ce oczyszczenie naszej duszy. Trzeba oczy\u015bci\u0107 to co brudne i grzeszne. Po cichutku wchodzimy w misterium \u015bwi\u0105t Bo\u017cego Narodzenia, na wigili\u0119, ale tak\u017ce i przede wszystkim na Obecno\u015b\u0107 Boga w \u015awi\u0119cie. Nie jako na pami\u0105tk\u0119, ale w pami\u0119ci tego \u015bwi\u0119ta i w obecno\u015bci Bo\u017cej Dzieciny, kt\u00f3ra rodzi zobowi\u0105zania. Pierwszym adwentowym znakiem jest katecheza Ko\u015bcio\u00ad\u0142a, kt\u00f3ry chce przypomnie\u0107 dzisiejszemu zaj\u0119temu cz\u0142owiekowi (ci\u0105gle zaj\u0119temu czym\u015b innym), aby pami\u0119ta\u0142 o Obecnym w\u015br\u00f3d nas Bogu. Bo On przyszed\u0142 do nas. Dlatego &#8222;i wy b\u0105d\u017acie gotowi, bo w chwili, kt\u00f3rej si\u0119 nie domy\u015blacie, Syn Cz\u0142owieczy przyjdzie&#8230;&#8221; . Chce przypomnie\u0107, \u017ce to jest czekanie nie na \u015bwi\u0119ta, tak bardzo nastrojowe, ciep\u0142e, \u015bwi\u0119ta wsp\u00f3lnego&hellip;<\/p>\n<p> <a class=\"more-link\" href=\"http:\/\/www.franciszek-walcz.pl\/?p=18138\">Czytaj dalej<\/a><\/p>\n","protected":false},"author":1,"featured_media":0,"comment_status":"closed","ping_status":"closed","sticky":false,"template":"","format":"standard","meta":{"footnotes":""},"categories":[5],"tags":[],"class_list":{"0":"post-18138","1":"post","2":"type-post","3":"status-publish","4":"format-standard","6":"category-artykuly"},"brizy_media":[],"_links":{"self":[{"href":"http:\/\/www.franciszek-walcz.pl\/index.php?rest_route=\/wp\/v2\/posts\/18138","targetHints":{"allow":["GET"]}}],"collection":[{"href":"http:\/\/www.franciszek-walcz.pl\/index.php?rest_route=\/wp\/v2\/posts"}],"about":[{"href":"http:\/\/www.franciszek-walcz.pl\/index.php?rest_route=\/wp\/v2\/types\/post"}],"author":[{"embeddable":true,"href":"http:\/\/www.franciszek-walcz.pl\/index.php?rest_route=\/wp\/v2\/users\/1"}],"replies":[{"embeddable":true,"href":"http:\/\/www.franciszek-walcz.pl\/index.php?rest_route=%2Fwp%2Fv2%2Fcomments&post=18138"}],"version-history":[{"count":1,"href":"http:\/\/www.franciszek-walcz.pl\/index.php?rest_route=\/wp\/v2\/posts\/18138\/revisions"}],"predecessor-version":[{"id":18139,"href":"http:\/\/www.franciszek-walcz.pl\/index.php?rest_route=\/wp\/v2\/posts\/18138\/revisions\/18139"}],"wp:attachment":[{"href":"http:\/\/www.franciszek-walcz.pl\/index.php?rest_route=%2Fwp%2Fv2%2Fmedia&parent=18138"}],"wp:term":[{"taxonomy":"category","embeddable":true,"href":"http:\/\/www.franciszek-walcz.pl\/index.php?rest_route=%2Fwp%2Fv2%2Fcategories&post=18138"},{"taxonomy":"post_tag","embeddable":true,"href":"http:\/\/www.franciszek-walcz.pl\/index.php?rest_route=%2Fwp%2Fv2%2Ftags&post=18138"}],"curies":[{"name":"wp","href":"https:\/\/api.w.org\/{rel}","templated":true}]}}