{"id":18388,"date":"2021-12-24T14:06:35","date_gmt":"2021-12-24T13:06:35","guid":{"rendered":"http:\/\/www.franciszek-walcz.pl\/?p=18388"},"modified":"2022-01-08T11:55:20","modified_gmt":"2022-01-08T10:55:20","slug":"koleda-styczen-2022","status":"publish","type":"post","link":"http:\/\/www.franciszek-walcz.pl\/?p=18388","title":{"rendered":"Kol\u0119da &#8211; stycze\u0144 2022"},"content":{"rendered":"<p><u><strong>Kol\u0119da &#8211; od 3 stycznia 2022<\/strong><\/u><strong> \/OD godz. 16.00 \/ <\/strong><\/p>\n<p><strong>8,01 sob <\/strong><strong>od godz. 14,00\u00a0 \u00a0 \u00a0 \u00a0 \u00a0<\/strong><strong>WP58 \/23 , Wa\u0142cz II\/26 , Zacisze11<\/strong><\/p>\n<p><strong>9.01 Ndz.<\/strong> <strong>od godz. 14,00\u00a0 \u00a0 \u00a0 \u00a0<\/strong><strong>WP 31\/1a , Obr. <\/strong><strong>Westerp. 13a\/ 11 , 12 ,\u00a0<\/strong><strong>Obr. Westerp. 13b\/35<\/strong><\/p>\n<p><strong>11.01 WT\u00a0 \u00a0 \u00a0 \u00a0 \u00a0za\u0142.che\u0142. 7A , WP 85\/44<\/strong><\/p>\n<p><strong>12.01 Sr.\u00a0 \u00a0 \u00a0 \u00a0 \u00a01 maja 107\/1 i 2<\/strong><\/p>\n<p>&nbsp;<\/p>\n<p>&nbsp;<\/p>\n","protected":false},"excerpt":{"rendered":"<p>Kol\u0119da &#8211; od 3 stycznia 2022 \/OD godz. 16.00 \/ 8,01 sob od godz. 14,00\u00a0 \u00a0 \u00a0 \u00a0 \u00a0WP58 \/23 , Wa\u0142cz II\/26 , Zacisze11 9.01 Ndz. od godz. 14,00\u00a0 \u00a0 \u00a0 \u00a0WP 31\/1a , Obr. Westerp. 13a\/ 11 , 12 ,\u00a0Obr. Westerp. 13b\/35 11.01 WT\u00a0 \u00a0 \u00a0 \u00a0 \u00a0za\u0142.che\u0142. 7A , WP 85\/44 12.01 Sr.\u00a0 \u00a0 \u00a0 \u00a0 \u00a01 maja 107\/1 i 2 &nbsp; &nbsp;<\/p>\n","protected":false},"author":1,"featured_media":0,"comment_status":"closed","ping_status":"closed","sticky":false,"template":"","format":"standard","meta":{"footnotes":""},"categories":[1],"tags":[],"class_list":{"0":"post-18388","1":"post","2":"type-post","3":"status-publish","4":"format-standard","6":"category-uncategorized"},"brizy_media":[],"_links":{"self":[{"href":"http:\/\/www.franciszek-walcz.pl\/index.php?rest_route=\/wp\/v2\/posts\/18388","targetHints":{"allow":["GET"]}}],"collection":[{"href":"http:\/\/www.franciszek-walcz.pl\/index.php?rest_route=\/wp\/v2\/posts"}],"about":[{"href":"http:\/\/www.franciszek-walcz.pl\/index.php?rest_route=\/wp\/v2\/types\/post"}],"author":[{"embeddable":true,"href":"http:\/\/www.franciszek-walcz.pl\/index.php?rest_route=\/wp\/v2\/users\/1"}],"replies":[{"embeddable":true,"href":"http:\/\/www.franciszek-walcz.pl\/index.php?rest_route=%2Fwp%2Fv2%2Fcomments&post=18388"}],"version-history":[{"count":8,"href":"http:\/\/www.franciszek-walcz.pl\/index.php?rest_route=\/wp\/v2\/posts\/18388\/revisions"}],"predecessor-version":[{"id":18789,"href":"http:\/\/www.franciszek-walcz.pl\/index.php?rest_route=\/wp\/v2\/posts\/18388\/revisions\/18789"}],"wp:attachment":[{"href":"http:\/\/www.franciszek-walcz.pl\/index.php?rest_route=%2Fwp%2Fv2%2Fmedia&parent=18388"}],"wp:term":[{"taxonomy":"category","embeddable":true,"href":"http:\/\/www.franciszek-walcz.pl\/index.php?rest_route=%2Fwp%2Fv2%2Fcategories&post=18388"},{"taxonomy":"post_tag","embeddable":true,"href":"http:\/\/www.franciszek-walcz.pl\/index.php?rest_route=%2Fwp%2Fv2%2Ftags&post=18388"}],"curies":[{"name":"wp","href":"https:\/\/api.w.org\/{rel}","templated":true}]}}