{"id":1851,"date":"2018-04-21T16:05:44","date_gmt":"2018-04-21T14:05:44","guid":{"rendered":"http:\/\/www.franciszek-walcz.pl\/?p=1851"},"modified":"2018-04-21T16:05:44","modified_gmt":"2018-04-21T14:05:44","slug":"nie-bedziesz-bezrobotnym","status":"publish","type":"post","link":"http:\/\/www.franciszek-walcz.pl\/?p=1851","title":{"rendered":"NIE B\u0118DZIESZ BEZROBOTNYM"},"content":{"rendered":"<p>Czy przemawia do nas jeszcze ewangeliczny obraz \u201epasterza\u201d? Zapewne bardziej ni\u017c nas porusza\u0142a ta przypowie\u015b\u0107 bezpo\u015brednich s\u0142uchaczy Chrystusa, znaj\u0105cych z do\u015bwiadczenia trud i trosk\u0119 pasterza o powierzone mu owce. Pozostaje jednak podstawowa, ponadczasowa prawda: Chrystus jest zatroskany o ka\u017cdego! Gromadzi, a nie rozprasza, przygarnia \u201eczarn\u0105 owc\u0119\u201d i poszukuje zagubionej. On, Zmartwychwsta\u0142y, pozostaje z nami na drogach tej ziemi i kr\u0119tych \u015bcie\u017ckach historii a\u017c do sko\u0144czenia \u015bwiata. Nie pozostawia nas samych, lecz zaprasza do wsp\u00f3\u0142pracy! Wzywa po imieniu, by wybrani przez Niego kontynuowali Jego zbawcz\u0105 misj\u0119 poprzez pos\u0142ug\u0119 S\u0142owa i sakrament\u00f3w.<\/p>\n<p>Dzi\u015b modli si\u0119 Ko\u015bci\u00f3\u0142, by powo\u0142ani na drog\u0119 \u017cycia kap\u0142a\u0144skiego czy konsekrowanego odpowiedzieli ochotnie na Jego wezwanie. Tak jak kiedy\u015b zawierzy\u0142 swym Aposto\u0142om, tak i dzi\u015b zawierza cz\u0142owiekowi. Lista Dwunastu nie jest zamkni\u0119ta.<\/p>\n<p>Kim jest kap\u0142an, zakonnik, zakonnica, osoba \u017cyj\u0105ca radami ewangelicznymi w \u015bwiecie? Znamy r\u00f3\u017cne wypowiedzi. Ja te\u017c je znam. Jedni m\u00f3wi\u0105 o kap\u0142anie: m\u0105\u017c Bo\u017cy, \u201ealter Christus\u201d, s\u0142uga Ewangelii<\/p>\n<p>Ka\u017cdy powo\u0142any wie, \u017ce mimo Bo\u017cego daru i wybrania jest tylko cz\u0142owiekiem i za Piotrem powtarza pe\u0142ne b\u00f3lu: \u201eOdejd\u017a ode mnie Panie, bo jestem cz\u0142owiekiem grzesznym\u201d! Ale wie, \u017ce moc w s\u0142abo\u015bci si\u0119 doskonali i \u017ce B\u00f3g wybiera nieraz to, co g\u0142upie w oczach \u015bwiata. Jest \u015bwiadom, \u017ce nosi skarb powo\u0142ania w naczyniu glinianym. Ogarnia go nieraz pokusa, by szuka\u0107 bogatych \u015brodk\u00f3w do g\u0142oszenia Ewangelii, a przecie\u017c wie, \u017ce o to tylko poganie zabiegaj\u0105. On nie ma zabiera\u0107 ze sob\u0105 nic poza tym, co konieczne.<\/p>\n<p>\u017bniwo wielkie, robotnik\u00f3w ma\u0142o. Dzisiejsza niedziela przypomina m\u0142odym, kt\u00f3rzy us\u0142ysz\u0105 g\u0142os Bo\u017cego wezwania: Nie b\u00f3j si\u0119 p\u00f3j\u015b\u0107 za Dobrym Pasterzem. Zawsze b\u0119dziesz potrzebny. Patrz, tyle ugoru do przeorania! Tyle serc sko\u0142atanych i obola\u0142ych. Tylu Nikodem\u00f3w chce rozmawia\u0107 noc\u0105. Tyle jawnogrzesznic chce us\u0142ysze\u0107 s\u0142owo przebaczenia i upomnienia. Tylu chorych czeka, by\u015b w\u0142o\u017cy\u0142 na nich r\u0119ce i modli\u0142 si\u0119. Tylu chce s\u0142ucha\u0107 s\u0142\u00f3w dobroci, mi\u0142o\u015bci, przebaczenia. Trzeba podj\u0105\u0107 dzie\u0142o nowej ewangelizacji! Nigdy nie b\u0119dziesz bezrobotnym!<\/p>\n<p>Ks. Roman Kempny<\/p>\n","protected":false},"excerpt":{"rendered":"<p>Czy przemawia do nas jeszcze ewangeliczny obraz \u201epasterza\u201d? Zapewne bardziej ni\u017c nas porusza\u0142a ta przypowie\u015b\u0107 bezpo\u015brednich s\u0142uchaczy Chrystusa, znaj\u0105cych z do\u015bwiadczenia trud i trosk\u0119 pasterza o powierzone mu owce. Pozostaje jednak podstawowa, ponadczasowa prawda: Chrystus jest zatroskany o ka\u017cdego! Gromadzi, a nie rozprasza, przygarnia \u201eczarn\u0105 owc\u0119\u201d i poszukuje zagubionej. On, Zmartwychwsta\u0142y, pozostaje z nami na drogach tej ziemi i kr\u0119tych \u015bcie\u017ckach historii a\u017c do sko\u0144czenia \u015bwiata. Nie pozostawia nas samych, lecz zaprasza do wsp\u00f3\u0142pracy! Wzywa po imieniu, by wybrani przez Niego kontynuowali Jego zbawcz\u0105 misj\u0119 poprzez pos\u0142ug\u0119 S\u0142owa i sakrament\u00f3w. Dzi\u015b modli si\u0119 Ko\u015bci\u00f3\u0142, by powo\u0142ani na drog\u0119 \u017cycia kap\u0142a\u0144skiego czy konsekrowanego odpowiedzieli ochotnie na Jego wezwanie. Tak jak kiedy\u015b zawierzy\u0142 swym Aposto\u0142om, tak i dzi\u015b zawierza cz\u0142owiekowi. Lista Dwunastu nie jest zamkni\u0119ta. Kim jest kap\u0142an, zakonnik, zakonnica, osoba \u017cyj\u0105ca radami ewangelicznymi w \u015bwiecie? Znamy r\u00f3\u017cne wypowiedzi. Ja te\u017c je znam. Jedni m\u00f3wi\u0105 o kap\u0142anie: m\u0105\u017c Bo\u017cy, \u201ealter Christus\u201d, s\u0142uga&hellip;<\/p>\n<p> <a class=\"more-link\" href=\"http:\/\/www.franciszek-walcz.pl\/?p=1851\">Czytaj dalej<\/a><\/p>\n","protected":false},"author":1,"featured_media":0,"comment_status":"open","ping_status":"open","sticky":false,"template":"","format":"standard","meta":{"footnotes":""},"categories":[5],"tags":[],"class_list":{"0":"post-1851","1":"post","2":"type-post","3":"status-publish","4":"format-standard","6":"category-artykuly"},"brizy_media":[],"_links":{"self":[{"href":"http:\/\/www.franciszek-walcz.pl\/index.php?rest_route=\/wp\/v2\/posts\/1851","targetHints":{"allow":["GET"]}}],"collection":[{"href":"http:\/\/www.franciszek-walcz.pl\/index.php?rest_route=\/wp\/v2\/posts"}],"about":[{"href":"http:\/\/www.franciszek-walcz.pl\/index.php?rest_route=\/wp\/v2\/types\/post"}],"author":[{"embeddable":true,"href":"http:\/\/www.franciszek-walcz.pl\/index.php?rest_route=\/wp\/v2\/users\/1"}],"replies":[{"embeddable":true,"href":"http:\/\/www.franciszek-walcz.pl\/index.php?rest_route=%2Fwp%2Fv2%2Fcomments&post=1851"}],"version-history":[{"count":1,"href":"http:\/\/www.franciszek-walcz.pl\/index.php?rest_route=\/wp\/v2\/posts\/1851\/revisions"}],"predecessor-version":[{"id":1852,"href":"http:\/\/www.franciszek-walcz.pl\/index.php?rest_route=\/wp\/v2\/posts\/1851\/revisions\/1852"}],"wp:attachment":[{"href":"http:\/\/www.franciszek-walcz.pl\/index.php?rest_route=%2Fwp%2Fv2%2Fmedia&parent=1851"}],"wp:term":[{"taxonomy":"category","embeddable":true,"href":"http:\/\/www.franciszek-walcz.pl\/index.php?rest_route=%2Fwp%2Fv2%2Fcategories&post=1851"},{"taxonomy":"post_tag","embeddable":true,"href":"http:\/\/www.franciszek-walcz.pl\/index.php?rest_route=%2Fwp%2Fv2%2Ftags&post=1851"}],"curies":[{"name":"wp","href":"https:\/\/api.w.org\/{rel}","templated":true}]}}