{"id":1872,"date":"2018-04-28T10:06:29","date_gmt":"2018-04-28T08:06:29","guid":{"rendered":"http:\/\/www.franciszek-walcz.pl\/?p=1872"},"modified":"2018-04-28T10:06:29","modified_gmt":"2018-04-28T08:06:29","slug":"ogloszenia-duszpasterskie-29-04-2018","status":"publish","type":"post","link":"http:\/\/www.franciszek-walcz.pl\/?p=1872","title":{"rendered":"OG\u0141OSZENIA DUSZPASTERSKIE 29.04.2018"},"content":{"rendered":"<p><strong>PI\u0104TA NIEDZIELA WIELKANOCY<\/strong><\/p>\n<p>Pan Jezus por\u00f3wna\u0142 dzisiaj siebie do krzewu winnego, a nas wierz\u0105cych w Niego do latoro\u015bli. Tylko latoro\u015bl, kt\u00f3ra trwa w krzewie, mo\u017ce wzrasta\u0107. Trwa\u0107 w Chrystusie to czerpa\u0107 \u017cywotne soki z Jego nauki i sakrament\u00f3w. Dzisiaj modlimy si\u0119 za kierowc\u00f3w i innych u\u017cytkownik\u00f3w dr\u00f3g, przypominaj\u0105c sobie obowi\u0105zek przestrzegania zasad ruchu drogowego, jako fundamentu bezpiecze\u0144stwa. Dzisiaj tak\u017ce przypada 73. rocznica wyzwolenia obozu w Dachau. W Dniu M\u0119cze\u0144stwa Duchowie\u0144stwa Polskiego pami\u0119tajmy w modlitwie o kap\u0142anach, kt\u00f3rzy z\u0142o\u017cyli wielk\u0105 ofiar\u0119 z \u017cycia w czasie II wojny \u015bwiatowej.<\/p>\n<p><span style=\"color: #ff9900;\"><strong>\u00a0We wtorek<\/strong><\/span> rozpoczynamy miesi\u0105c Maj. W naszej\u00a0 tradycji jest to miesi\u0105c szczeg\u00f3lnej modlitwy razem z Maryj\u0105. <span style=\"color: #ff9900;\"><strong>Nabo\u017ce\u0144stwo majowe<\/strong><\/span> z Litani\u0105 loreta\u0144sk\u0105 <span style=\"color: #ff9900;\"><strong>w naszym ko\u015bciele rozpoczyna\u0107\u00a0 si\u0119 b\u0119dzie 20 minut przed Msz\u0105 \u015bw.\u00a0 Od wtorku do pi\u0105tku o 17:40, w sobot\u0119 o 16:40 i w niedziel\u0119 o 8:40.<\/strong><\/span> Zapraszam Parafian, Sympatyk\u00f3w\u00a0 do udzia\u0142u w tym\u00a0 nabo\u017ce\u0144stwie.<\/p>\n<p><span style=\"color: #ff9900;\"><strong>W \u015brod\u0119<\/strong><\/span> , 2 maja, przypada doroczny Dzie\u0144 Polonii i Dzie\u0144 Flagi Rzeczypospolitej Polskiej. Modlitw\u0105 ogarniemy rodak\u00f3w \u017cyj\u0105cych poza granicami naszej Ojczyzny. Nie zapomnijmy te\u017c o\u00a0wywieszeniu flag, by w ten spos\u00f3b zademonstrowa\u0107 nasze przywi\u0105zanie do barw narodowych.<\/p>\n<p><span style=\"color: #ff9900;\"><strong>W czwartek<\/strong><\/span>, 3 maja, przypada Uroczysto\u015b\u0107 Naj\u015bwi\u0119tszej Maryi Panny, Kr\u00f3lowej Polski, g\u0142\u00f3wnej patronki naszej Ojczyzny.<\/p>\n<p>Msze \u015bw. b\u0119d\u0105 odprawiane <strong>\u00a0<span style=\"color: #ff9900;\">o\u00a0 godzinie 9,00 i 18,00. <\/span><\/strong><span style=\"color: #ff9900;\">\u00a0<strong>Nabo\u017ce\u0144stwo majowe o godzinie 17,40<\/strong>.<\/span><\/p>\n<p><span style=\"color: #ff9900;\"><strong>Po mszy \u015bw. o godz. 18,00 zmiana tajemnic r\u00f3\u017ca\u0144cowych.<\/strong><\/span><\/p>\n<p><span style=\"color: #ff9900;\"><strong>O godzinie 10,30 w ko\u015bciele p.w. \u015aw. Miko\u0142aja &#8211; Msza \u015bw. za Ojczyzn\u0119.<\/strong><\/span><\/p>\n<p><span style=\"color: #ff9900;\"><strong>W \u00a0pi\u0105tek<\/strong><\/span> na mocy dyspensy Ks. Bpa J\u00f3zefa Guzdka , wiernych Ordynariatu Polowego nie obowi\u0105zuje wstrzemi\u0119\u017aliwo\u015b\u0107 od pokarm\u00f3w mi\u0119snych.<\/p>\n<p>R\u00f3wnie\u017c w pi\u0105tek , w liturgii wspominamy \u015bw. Florian , rzymskiego \u017co\u0142nierza i m\u0119czennika pochodz\u0105cego z teren\u00f3w dzisiejszej Austrii, jest patronem stra\u017cak\u00f3w. Stra\u017cakom sk\u0142adamy serdeczne \u017cyczenia by \u015bw. Florian strzeg\u0142 ich od wszelkiego niebezpiecze\u0144stwa.<\/p>\n<p><span style=\"color: #ff9900;\"> <strong>intencja modlitwy r\u00f3\u017ca\u0144cowej\u00a0 na maj<\/strong><\/span><\/p>\n<p><span style=\"color: #ffff00;\">Aby wierni \u015bwieccy wype\u0142niali swoj\u0105 specyficzn\u0105 misj\u0119, wykorzystuj\u0105c swoje tw\u00f3rcze zdolno\u015bci, by odpowiada\u0107 na wyzwanie dzisiejszego \u015bwiata. Dobry Pasterz niech prowadzi solenizant\u00f3w i jubilat\u00f3w tego tygodnia.<\/span><\/p>\n<p>Zmar\u0142ych polecamy Bo\u017cemu Mi\u0142osierdziu.<\/p>\n","protected":false},"excerpt":{"rendered":"<p>PI\u0104TA NIEDZIELA WIELKANOCY Pan Jezus por\u00f3wna\u0142 dzisiaj siebie do krzewu winnego, a nas wierz\u0105cych w Niego do latoro\u015bli. Tylko latoro\u015bl, kt\u00f3ra trwa w krzewie, mo\u017ce wzrasta\u0107. Trwa\u0107 w Chrystusie to czerpa\u0107 \u017cywotne soki z Jego nauki i sakrament\u00f3w. Dzisiaj modlimy si\u0119 za kierowc\u00f3w i innych u\u017cytkownik\u00f3w dr\u00f3g, przypominaj\u0105c sobie obowi\u0105zek przestrzegania zasad ruchu drogowego, jako fundamentu bezpiecze\u0144stwa. Dzisiaj tak\u017ce przypada 73. rocznica wyzwolenia obozu w Dachau. W Dniu M\u0119cze\u0144stwa Duchowie\u0144stwa Polskiego pami\u0119tajmy w modlitwie o kap\u0142anach, kt\u00f3rzy z\u0142o\u017cyli wielk\u0105 ofiar\u0119 z \u017cycia w czasie II wojny \u015bwiatowej. \u00a0We wtorek rozpoczynamy miesi\u0105c Maj. W naszej\u00a0 tradycji jest to miesi\u0105c szczeg\u00f3lnej modlitwy razem z Maryj\u0105. Nabo\u017ce\u0144stwo majowe z Litani\u0105 loreta\u0144sk\u0105 w naszym ko\u015bciele rozpoczyna\u0107\u00a0 si\u0119 b\u0119dzie 20 minut przed Msz\u0105 \u015bw.\u00a0 Od wtorku do pi\u0105tku o 17:40, w sobot\u0119 o 16:40 i w niedziel\u0119 o 8:40. Zapraszam Parafian, Sympatyk\u00f3w\u00a0 do udzia\u0142u w tym\u00a0 nabo\u017ce\u0144stwie. W \u015brod\u0119 , 2 maja, przypada doroczny Dzie\u0144&hellip;<\/p>\n<p> <a class=\"more-link\" href=\"http:\/\/www.franciszek-walcz.pl\/?p=1872\">Czytaj dalej<\/a><\/p>\n","protected":false},"author":1,"featured_media":0,"comment_status":"open","ping_status":"open","sticky":false,"template":"","format":"standard","meta":{"footnotes":""},"categories":[4],"tags":[],"class_list":{"0":"post-1872","1":"post","2":"type-post","3":"status-publish","4":"format-standard","6":"category-ogloszenia"},"brizy_media":[],"_links":{"self":[{"href":"http:\/\/www.franciszek-walcz.pl\/index.php?rest_route=\/wp\/v2\/posts\/1872","targetHints":{"allow":["GET"]}}],"collection":[{"href":"http:\/\/www.franciszek-walcz.pl\/index.php?rest_route=\/wp\/v2\/posts"}],"about":[{"href":"http:\/\/www.franciszek-walcz.pl\/index.php?rest_route=\/wp\/v2\/types\/post"}],"author":[{"embeddable":true,"href":"http:\/\/www.franciszek-walcz.pl\/index.php?rest_route=\/wp\/v2\/users\/1"}],"replies":[{"embeddable":true,"href":"http:\/\/www.franciszek-walcz.pl\/index.php?rest_route=%2Fwp%2Fv2%2Fcomments&post=1872"}],"version-history":[{"count":1,"href":"http:\/\/www.franciszek-walcz.pl\/index.php?rest_route=\/wp\/v2\/posts\/1872\/revisions"}],"predecessor-version":[{"id":1873,"href":"http:\/\/www.franciszek-walcz.pl\/index.php?rest_route=\/wp\/v2\/posts\/1872\/revisions\/1873"}],"wp:attachment":[{"href":"http:\/\/www.franciszek-walcz.pl\/index.php?rest_route=%2Fwp%2Fv2%2Fmedia&parent=1872"}],"wp:term":[{"taxonomy":"category","embeddable":true,"href":"http:\/\/www.franciszek-walcz.pl\/index.php?rest_route=%2Fwp%2Fv2%2Fcategories&post=1872"},{"taxonomy":"post_tag","embeddable":true,"href":"http:\/\/www.franciszek-walcz.pl\/index.php?rest_route=%2Fwp%2Fv2%2Ftags&post=1872"}],"curies":[{"name":"wp","href":"https:\/\/api.w.org\/{rel}","templated":true}]}}