{"id":1882,"date":"2018-05-05T11:19:23","date_gmt":"2018-05-05T09:19:23","guid":{"rendered":"http:\/\/www.franciszek-walcz.pl\/?p=1882"},"modified":"2018-05-05T11:19:23","modified_gmt":"2018-05-05T09:19:23","slug":"kto-zachowuje-przykazania-trwa-w-milosci","status":"publish","type":"post","link":"http:\/\/www.franciszek-walcz.pl\/?p=1882","title":{"rendered":"Kto zachowuje przykazania trwa w Mi\u0142o\u015bci"},"content":{"rendered":"<p>W dzisiejszej Ewangelii i w drugim dzisiejszym czytaniu powraca \u00a0pytanie: \u201e<strong><em>A czym\u017ce jest mi\u0142o\u015b\u0107? <\/em><\/strong>\u201d I najlepsz\u0105 odpowiedzi\u0105 na to pytanie jest wypowied\u017a samego Jezusa: \u201e<strong><em>Je\u015bli b\u0119dziecie zachowywa\u0107 Moje przykazania, b\u0119dziecie trwa\u0107 w mi\u0142o\u015bci \u2026 <\/em><\/strong>\u201d oraz \u201e<strong><em>Mi\u0142ujcie si\u0119 jak ja was umi\u0142owa\u0142em \u2026 <\/em><\/strong>\u00a0Potwierdza to niejako \u015bw. Jan pisz\u0105c; \u201e<strong><em>B\u00f3g nas tak umi\u0142owa\u0142, \u017ce pos\u0142a\u0142 nam swojego Jednorodzonego Syna, aby nas zbawi\u0107<\/em><\/strong>\u201e. A dokona\u0142o si\u0119 to \u00a0przez \u015bmier\u0107 na krzy\u017cu. Spotkanie z \u017cywym Bogiem, Kt\u00f3ry jest Mi\u0142o\u015bci\u0105 owocuje mi\u0142o\u015bci\u0105 czynn\u0105, zachowaniem przykaza\u0144, wzajemn\u0105 pomoc\u0105 i dobrem, pokor\u0105 i \u017cyczliwo\u015bci\u0105, a nie poezj\u0105, pioseneczkami i md\u0142\u0105 uczuciowo\u015bci\u0105. To bardzo pi\u0119kne \u015bpiewa\u0107, deklamowa\u0107, zachwyca\u0107 si\u0119 i patetycznie unosi\u0107, nie widz\u0105c jednocze\u015bnie cierpienia, krzywdy, niesprawiedliwo\u015bci i lekcewa\u017c\u0105c sobie Bo\u017ce przykazania. To bardzo pi\u0119knie i \u2026 bardzo \u0142atwo. Ale niestety nie jest to ani szczere, ani prawdziwe, ani trwa\u0142e, i na dobra spraw\u0119 nic wsp\u00f3lnego z Mi\u0142o\u015bci\u0105 nie ma . Kto\u015b\u00a0 napisa\u0142 : \u201e<strong><em>Czy to jest jeszcze chrze\u015bcija\u0144stwo, kiedy jeden chrze\u015bcijanin umiera z g\u0142odu, w czasie gdy inny \u00a0chrze\u015bcijanin jest chory z przejedzenia? <\/em><\/strong>\u201d I my\u015bl\u0119, \u017ce odpowied\u017a jest jedna: \u201e<strong><em>NIE! To nie jest chrze\u015bcija\u0144stwo i nic wsp\u00f3lnego z Chrystusem to nie ma! <\/em><\/strong>\u201e. I nie pomog\u0105 tu \u017cadne s\u0142owne deklaracje, wyznania, rozczulanie si\u0119 i najbardziej skomplikowane i zawi\u0142e \u00a0dyskusje i rozprawy. Niestety my sami tak cz\u0119sto oboj\u0119tnie do tego podchodzimy, usprawiedliwiaj\u0105c si\u0119 bezsilnym i rozgrzeszaj\u0105cym: \u201e<strong><em>A co ja mog\u0119? <\/em><\/strong>\u201d I znowu odpowied\u017a samego Jezusa: \u201e<strong><em>Cokolwiek uczynili\u015bcie jednemu z tych braci moich najmniejszych, mnie\u015bcie to uczynili<\/em><\/strong>\u201e.<\/p>\n","protected":false},"excerpt":{"rendered":"<p>W dzisiejszej Ewangelii i w drugim dzisiejszym czytaniu powraca \u00a0pytanie: \u201eA czym\u017ce jest mi\u0142o\u015b\u0107? \u201d I najlepsz\u0105 odpowiedzi\u0105 na to pytanie jest wypowied\u017a samego Jezusa: \u201eJe\u015bli b\u0119dziecie zachowywa\u0107 Moje przykazania, b\u0119dziecie trwa\u0107 w mi\u0142o\u015bci \u2026 \u201d oraz \u201eMi\u0142ujcie si\u0119 jak ja was umi\u0142owa\u0142em \u2026 \u00a0Potwierdza to niejako \u015bw. Jan pisz\u0105c; \u201eB\u00f3g nas tak umi\u0142owa\u0142, \u017ce pos\u0142a\u0142 nam swojego Jednorodzonego Syna, aby nas zbawi\u0107\u201e. A dokona\u0142o si\u0119 to \u00a0przez \u015bmier\u0107 na krzy\u017cu. Spotkanie z \u017cywym Bogiem, Kt\u00f3ry jest Mi\u0142o\u015bci\u0105 owocuje mi\u0142o\u015bci\u0105 czynn\u0105, zachowaniem przykaza\u0144, wzajemn\u0105 pomoc\u0105 i dobrem, pokor\u0105 i \u017cyczliwo\u015bci\u0105, a nie poezj\u0105, pioseneczkami i md\u0142\u0105 uczuciowo\u015bci\u0105. To bardzo pi\u0119kne \u015bpiewa\u0107, deklamowa\u0107, zachwyca\u0107 si\u0119 i patetycznie unosi\u0107, nie widz\u0105c jednocze\u015bnie cierpienia, krzywdy, niesprawiedliwo\u015bci i lekcewa\u017c\u0105c sobie Bo\u017ce przykazania. To bardzo pi\u0119knie i \u2026 bardzo \u0142atwo. Ale niestety nie jest to ani szczere, ani prawdziwe, ani trwa\u0142e, i na dobra spraw\u0119 nic wsp\u00f3lnego z Mi\u0142o\u015bci\u0105 nie ma . Kto\u015b\u00a0 napisa\u0142 :&hellip;<\/p>\n<p> <a class=\"more-link\" href=\"http:\/\/www.franciszek-walcz.pl\/?p=1882\">Czytaj dalej<\/a><\/p>\n","protected":false},"author":1,"featured_media":0,"comment_status":"open","ping_status":"open","sticky":false,"template":"","format":"standard","meta":{"footnotes":""},"categories":[5],"tags":[],"class_list":{"0":"post-1882","1":"post","2":"type-post","3":"status-publish","4":"format-standard","6":"category-artykuly"},"brizy_media":[],"_links":{"self":[{"href":"http:\/\/www.franciszek-walcz.pl\/index.php?rest_route=\/wp\/v2\/posts\/1882","targetHints":{"allow":["GET"]}}],"collection":[{"href":"http:\/\/www.franciszek-walcz.pl\/index.php?rest_route=\/wp\/v2\/posts"}],"about":[{"href":"http:\/\/www.franciszek-walcz.pl\/index.php?rest_route=\/wp\/v2\/types\/post"}],"author":[{"embeddable":true,"href":"http:\/\/www.franciszek-walcz.pl\/index.php?rest_route=\/wp\/v2\/users\/1"}],"replies":[{"embeddable":true,"href":"http:\/\/www.franciszek-walcz.pl\/index.php?rest_route=%2Fwp%2Fv2%2Fcomments&post=1882"}],"version-history":[{"count":1,"href":"http:\/\/www.franciszek-walcz.pl\/index.php?rest_route=\/wp\/v2\/posts\/1882\/revisions"}],"predecessor-version":[{"id":1883,"href":"http:\/\/www.franciszek-walcz.pl\/index.php?rest_route=\/wp\/v2\/posts\/1882\/revisions\/1883"}],"wp:attachment":[{"href":"http:\/\/www.franciszek-walcz.pl\/index.php?rest_route=%2Fwp%2Fv2%2Fmedia&parent=1882"}],"wp:term":[{"taxonomy":"category","embeddable":true,"href":"http:\/\/www.franciszek-walcz.pl\/index.php?rest_route=%2Fwp%2Fv2%2Fcategories&post=1882"},{"taxonomy":"post_tag","embeddable":true,"href":"http:\/\/www.franciszek-walcz.pl\/index.php?rest_route=%2Fwp%2Fv2%2Ftags&post=1882"}],"curies":[{"name":"wp","href":"https:\/\/api.w.org\/{rel}","templated":true}]}}