{"id":1884,"date":"2018-05-05T11:22:09","date_gmt":"2018-05-05T09:22:09","guid":{"rendered":"http:\/\/www.franciszek-walcz.pl\/?p=1884"},"modified":"2018-05-05T11:22:09","modified_gmt":"2018-05-05T09:22:09","slug":"ogloszenia-duszpasterskie-06-05-2018","status":"publish","type":"post","link":"http:\/\/www.franciszek-walcz.pl\/?p=1884","title":{"rendered":"OG\u0141OSZENIA DUSZPASTERSKIE 06.05.2018"},"content":{"rendered":"<p><strong>SZ\u00d3STA NIEDZIELA WIELKANOCY<\/strong><\/p>\n<p>Pan Jezus przypomina nam dzisiaj o przykazaniu mi\u0142o\u015bci: \u201eaby\u015bcie si\u0119 wzajemnie mi\u0142owali, tak jak Ja was umi\u0142owa\u0142em\u201d. To przykazanie jest wci\u0105\u017c aktualne i powinno nas zach\u0119ca\u0107 do odkrywania coraz wi\u0119kszych pok\u0142ad\u00f3w mi\u0142o\u015bci w nas samych. A je\u017celi trudno je odnale\u017a\u0107 w sercu, to trzeba modli\u0107 si\u0119 i prosi\u0107 Zbawiciela, aby nas ni\u0105 nape\u0142ni\u0142.<\/p>\n<p>We wtorek przypada uroczysto\u015b\u0107 patrona Polski, \u015bw. Stanis\u0142awa, biskupa i m\u0119czennika. Trwajmy na modlitwie za nasz\u0105 Ojczyzn\u0119. Zapraszamy na Msze \u015awi\u0119te o godz.18.00.<\/p>\n<p>Codziennie 20 minut przed Msz\u0105 \u015bw. \u00a0gromadzimy si\u0119, aby uczci\u0107 Maryj\u0119, \u015bpiewaj\u0105c litani\u0119 loreta\u0144sk\u0105.<\/p>\n<p>W nast\u0119pn\u0105 niedziel\u0119 obchodzimy uroczysto\u015b\u0107 Wniebowst\u0105pienia Pa\u0144skiego. Na mszy \u015bw. o godz. 12,00 dzieci b\u0119d\u0105 obchodzi\u0142y rocznic\u0119 Pierwszej Komunii \u015bw.<\/p>\n<p><strong>\u00a0<\/strong><span style=\"color: #ff9900;\"><strong>Za dwa\u00a0 tygodnie \/20 V \/ na msz\u0119 \u015bw. o godz. 12,00 zapraszam szczeg\u00f3lnie kandydat\u00f3w do Sakr. Bierzmowania , po Mszy \u015bw. b\u0119dzie spotkanie z kandydatami<\/strong><\/span><\/p>\n","protected":false},"excerpt":{"rendered":"<p>SZ\u00d3STA NIEDZIELA WIELKANOCY Pan Jezus przypomina nam dzisiaj o przykazaniu mi\u0142o\u015bci: \u201eaby\u015bcie si\u0119 wzajemnie mi\u0142owali, tak jak Ja was umi\u0142owa\u0142em\u201d. To przykazanie jest wci\u0105\u017c aktualne i powinno nas zach\u0119ca\u0107 do odkrywania coraz wi\u0119kszych pok\u0142ad\u00f3w mi\u0142o\u015bci w nas samych. A je\u017celi trudno je odnale\u017a\u0107 w sercu, to trzeba modli\u0107 si\u0119 i prosi\u0107 Zbawiciela, aby nas ni\u0105 nape\u0142ni\u0142. We wtorek przypada uroczysto\u015b\u0107 patrona Polski, \u015bw. Stanis\u0142awa, biskupa i m\u0119czennika. Trwajmy na modlitwie za nasz\u0105 Ojczyzn\u0119. Zapraszamy na Msze \u015awi\u0119te o godz.18.00. Codziennie 20 minut przed Msz\u0105 \u015bw. \u00a0gromadzimy si\u0119, aby uczci\u0107 Maryj\u0119, \u015bpiewaj\u0105c litani\u0119 loreta\u0144sk\u0105. W nast\u0119pn\u0105 niedziel\u0119 obchodzimy uroczysto\u015b\u0107 Wniebowst\u0105pienia Pa\u0144skiego. Na mszy \u015bw. o godz. 12,00 dzieci b\u0119d\u0105 obchodzi\u0142y rocznic\u0119 Pierwszej Komunii \u015bw. \u00a0Za dwa\u00a0 tygodnie \/20 V \/ na msz\u0119 \u015bw. o godz. 12,00 zapraszam szczeg\u00f3lnie kandydat\u00f3w do Sakr. Bierzmowania , po Mszy \u015bw. b\u0119dzie spotkanie z kandydatami<\/p>\n","protected":false},"author":1,"featured_media":0,"comment_status":"open","ping_status":"open","sticky":false,"template":"","format":"standard","meta":{"footnotes":""},"categories":[4],"tags":[],"class_list":{"0":"post-1884","1":"post","2":"type-post","3":"status-publish","4":"format-standard","6":"category-ogloszenia"},"brizy_media":[],"_links":{"self":[{"href":"http:\/\/www.franciszek-walcz.pl\/index.php?rest_route=\/wp\/v2\/posts\/1884","targetHints":{"allow":["GET"]}}],"collection":[{"href":"http:\/\/www.franciszek-walcz.pl\/index.php?rest_route=\/wp\/v2\/posts"}],"about":[{"href":"http:\/\/www.franciszek-walcz.pl\/index.php?rest_route=\/wp\/v2\/types\/post"}],"author":[{"embeddable":true,"href":"http:\/\/www.franciszek-walcz.pl\/index.php?rest_route=\/wp\/v2\/users\/1"}],"replies":[{"embeddable":true,"href":"http:\/\/www.franciszek-walcz.pl\/index.php?rest_route=%2Fwp%2Fv2%2Fcomments&post=1884"}],"version-history":[{"count":1,"href":"http:\/\/www.franciszek-walcz.pl\/index.php?rest_route=\/wp\/v2\/posts\/1884\/revisions"}],"predecessor-version":[{"id":1885,"href":"http:\/\/www.franciszek-walcz.pl\/index.php?rest_route=\/wp\/v2\/posts\/1884\/revisions\/1885"}],"wp:attachment":[{"href":"http:\/\/www.franciszek-walcz.pl\/index.php?rest_route=%2Fwp%2Fv2%2Fmedia&parent=1884"}],"wp:term":[{"taxonomy":"category","embeddable":true,"href":"http:\/\/www.franciszek-walcz.pl\/index.php?rest_route=%2Fwp%2Fv2%2Fcategories&post=1884"},{"taxonomy":"post_tag","embeddable":true,"href":"http:\/\/www.franciszek-walcz.pl\/index.php?rest_route=%2Fwp%2Fv2%2Ftags&post=1884"}],"curies":[{"name":"wp","href":"https:\/\/api.w.org\/{rel}","templated":true}]}}