{"id":18978,"date":"2022-02-03T19:48:52","date_gmt":"2022-02-03T18:48:52","guid":{"rendered":"http:\/\/www.franciszek-walcz.pl\/?p=18978"},"modified":"2022-02-03T19:48:52","modified_gmt":"2022-02-03T18:48:52","slug":"herb-biskupa-wieslawa-lechowicza","status":"publish","type":"post","link":"http:\/\/www.franciszek-walcz.pl\/?p=18978","title":{"rendered":"Herb biskupa Wies\u0142awa Lechowicza"},"content":{"rendered":"<p><img loading=\"lazy\" decoding=\"async\" class=\" wp-image-18977 alignleft\" src=\"http:\/\/www.franciszek-walcz.pl\/wp-content\/uploads\/2019\/12\/herb-biskupa-290x300.jpg\" alt=\"\" width=\"383\" height=\"396\" srcset=\"http:\/\/www.franciszek-walcz.pl\/wp-content\/uploads\/2019\/12\/herb-biskupa-290x300.jpg 290w, http:\/\/www.franciszek-walcz.pl\/wp-content\/uploads\/2019\/12\/herb-biskupa-768x795.jpg 768w, http:\/\/www.franciszek-walcz.pl\/wp-content\/uploads\/2019\/12\/herb-biskupa.jpg 873w\" sizes=\"auto, (max-width: 383px) 100vw, 383px\" \/>Herb biskupa Wies\u0142awa Lechowicza nawi\u0105zuje do jego biskupiego zawo\u0142ania \u201e<em>In finem diligere<\/em>\u201d \u2013 \u201eDo ko\u0144ca umi\u0142owa\u0107\u201d. S\u0142owa te s\u0105 nawi\u0105zaniem do Ewangelii \u015bw. Jana, w kt\u00f3rej jest mowa o Jezusie, kt\u00f3ry \u201eumi\u0142owawszy swoich do ko\u0144ca ich umi\u0142owa\u0142\u201d (J 13,1). Stanowi\u0105 one wprowadzenie do opisu Ostatniej Wieczerzy, podczas kt\u00f3rej Jezus da\u0142 przyk\u0142ad mi\u0142o\u015bci poprzez umycie n\u00f3g aposto\u0142om, a nast\u0119pnie ustanowienie Eucharystii. Jezus jest przyk\u0142adem, \u017ce mi\u0142owa\u0107 do ko\u0144ca oznacza mi\u0142o\u015b\u0107 do ko\u0144ca \u017cycia i zarazem mi\u0142o\u015b\u0107 ca\u0142kowit\u0105 \u2013 z ca\u0142ego serca, ze wszystkich si\u0142, niepodzieln\u0105, nieodwo\u0142aln\u0105 i wiern\u0105.<\/p>\n<p>Dlatego tarcza herbowa, tr\u00f3jdzielna w s\u0142up, posiada kszta\u0142t serca, b\u0119d\u0105cego symbolem mi\u0142o\u015bci. Za tarcz\u0105 herbow\u0105 znajduje si\u0119 krzy\u017c, kt\u00f3ry niejako przenika \u201eserce\u201d. Kolor krzy\u017ca pokrywa si\u0119 z barw\u0105 pola centralnego herbu. Jest to kolor z\u0142oty, czyli nawi\u0105zuj\u0105cy do kr\u00f3lewskiej godno\u015bci i boskiej natury Jezusa. W centralne pole wpisana jest figura Jezusa \u2013 Dobrego Pasterza. To jeden z najstarszych i najpopularniejszych we wczesnym chrze\u015bcija\u0144stwie wizerunk\u00f3w Jezusa, znany m.in. z katakumb \u015bw. Kaliksta w Rzymie (po\u0142owa III wieku) i odnosz\u0105cy si\u0119 do opisu Dobrego Pasterza w Ewangelii \u015bw. Jana (J 10,11-18). Jezus z owieczk\u0105 na ramionach symbolizuje Chrystusa, kt\u00f3ry szuka i zbawia cz\u0142owieka.<\/p>\n<p>Pola lateralne herbu s\u0105 koloru czerwonego. Tym samym nawi\u0105zuj\u0105 do symboliki serca i krwi wylanej przez Jezusa na krzy\u017cu. Na polu heraldycznie lewym (naszym prawym) znajduje si\u0119 pastora\u0142 symbolizuj\u0105cy pasterskie przewodzenie z wolno\u015bci\u0105 i moc\u0105, kt\u00f3ra prowadzi i chroni. Na polu heraldycznie prawym (naszym lewym) jest umieszczony krzy\u017c, kt\u00f3ry przypomina, \u017ce \u201enikt nie ma wi\u0119kszej mi\u0142o\u015bci od tej, gdy kto\u015b \u017cycie oddaje za przyjaci\u00f3\u0142\u201d (J 15,13). Krzy\u017c i pastora\u0142 wskazuj\u0105 na charakter sprawowania w\u0142adzy biskupiej \u2013 w duchu s\u0142u\u017cby.<\/p>\n<p>Nad tarcz\u0105 znajduje si\u0119 kapelusz koloru zielonego i sznur sk\u0142adaj\u0105cy si\u0119 z dwunastu chwost\u00f3w (nawi\u0105zanie do liczby dwunastu aposto\u0142\u00f3w, kt\u00f3rych nast\u0119pcami s\u0105 biskupi).<\/p>\n<p>Pod tarcz\u0105 natomiast rozpo\u015bciera si\u0119 wst\u0119ga, na kt\u00f3rej s\u0105 umieszczone s\u0142owa biskupiego zawo\u0142ania: \u201e<em>In finem diligere<\/em>\u201d.<\/p>\n<p>&nbsp;<\/p>\n<p>Projekt herbu autorstwa ks. pra\u0142ata Tadeusza Bukowskiego (Tarn\u00f3w)<\/p>\n<p>&nbsp;<\/p>\n","protected":false},"excerpt":{"rendered":"<p>Herb biskupa Wies\u0142awa Lechowicza nawi\u0105zuje do jego biskupiego zawo\u0142ania \u201eIn finem diligere\u201d \u2013 \u201eDo ko\u0144ca umi\u0142owa\u0107\u201d. S\u0142owa te s\u0105 nawi\u0105zaniem do Ewangelii \u015bw. Jana, w kt\u00f3rej jest mowa o Jezusie, kt\u00f3ry \u201eumi\u0142owawszy swoich do ko\u0144ca ich umi\u0142owa\u0142\u201d (J 13,1). Stanowi\u0105 one wprowadzenie do opisu Ostatniej Wieczerzy, podczas kt\u00f3rej Jezus da\u0142 przyk\u0142ad mi\u0142o\u015bci poprzez umycie n\u00f3g aposto\u0142om, a nast\u0119pnie ustanowienie Eucharystii. Jezus jest przyk\u0142adem, \u017ce mi\u0142owa\u0107 do ko\u0144ca oznacza mi\u0142o\u015b\u0107 do ko\u0144ca \u017cycia i zarazem mi\u0142o\u015b\u0107 ca\u0142kowit\u0105 \u2013 z ca\u0142ego serca, ze wszystkich si\u0142, niepodzieln\u0105, nieodwo\u0142aln\u0105 i wiern\u0105. Dlatego tarcza herbowa, tr\u00f3jdzielna w s\u0142up, posiada kszta\u0142t serca, b\u0119d\u0105cego symbolem mi\u0142o\u015bci. Za tarcz\u0105 herbow\u0105 znajduje si\u0119 krzy\u017c, kt\u00f3ry niejako przenika \u201eserce\u201d. Kolor krzy\u017ca pokrywa si\u0119 z barw\u0105 pola centralnego herbu. Jest to kolor z\u0142oty, czyli nawi\u0105zuj\u0105cy do kr\u00f3lewskiej godno\u015bci i boskiej natury Jezusa. W centralne pole wpisana jest figura Jezusa \u2013 Dobrego Pasterza. To jeden z najstarszych i najpopularniejszych we wczesnym chrze\u015bcija\u0144stwie&hellip;<\/p>\n<p> <a class=\"more-link\" href=\"http:\/\/www.franciszek-walcz.pl\/?p=18978\">Czytaj dalej<\/a><\/p>\n","protected":false},"author":1,"featured_media":0,"comment_status":"closed","ping_status":"closed","sticky":false,"template":"","format":"standard","meta":{"footnotes":""},"categories":[1],"tags":[],"class_list":{"0":"post-18978","1":"post","2":"type-post","3":"status-publish","4":"format-standard","6":"category-uncategorized"},"brizy_media":[],"_links":{"self":[{"href":"http:\/\/www.franciszek-walcz.pl\/index.php?rest_route=\/wp\/v2\/posts\/18978","targetHints":{"allow":["GET"]}}],"collection":[{"href":"http:\/\/www.franciszek-walcz.pl\/index.php?rest_route=\/wp\/v2\/posts"}],"about":[{"href":"http:\/\/www.franciszek-walcz.pl\/index.php?rest_route=\/wp\/v2\/types\/post"}],"author":[{"embeddable":true,"href":"http:\/\/www.franciszek-walcz.pl\/index.php?rest_route=\/wp\/v2\/users\/1"}],"replies":[{"embeddable":true,"href":"http:\/\/www.franciszek-walcz.pl\/index.php?rest_route=%2Fwp%2Fv2%2Fcomments&post=18978"}],"version-history":[{"count":1,"href":"http:\/\/www.franciszek-walcz.pl\/index.php?rest_route=\/wp\/v2\/posts\/18978\/revisions"}],"predecessor-version":[{"id":18979,"href":"http:\/\/www.franciszek-walcz.pl\/index.php?rest_route=\/wp\/v2\/posts\/18978\/revisions\/18979"}],"wp:attachment":[{"href":"http:\/\/www.franciszek-walcz.pl\/index.php?rest_route=%2Fwp%2Fv2%2Fmedia&parent=18978"}],"wp:term":[{"taxonomy":"category","embeddable":true,"href":"http:\/\/www.franciszek-walcz.pl\/index.php?rest_route=%2Fwp%2Fv2%2Fcategories&post=18978"},{"taxonomy":"post_tag","embeddable":true,"href":"http:\/\/www.franciszek-walcz.pl\/index.php?rest_route=%2Fwp%2Fv2%2Ftags&post=18978"}],"curies":[{"name":"wp","href":"https:\/\/api.w.org\/{rel}","templated":true}]}}