{"id":19033,"date":"2022-02-10T19:20:08","date_gmt":"2022-02-10T18:20:08","guid":{"rendered":"http:\/\/www.franciszek-walcz.pl\/?p=19033"},"modified":"2022-02-10T19:21:53","modified_gmt":"2022-02-10T18:21:53","slug":"14-lutego-2022-80-rocznica-utworzenia-armii-krajowej","status":"publish","type":"post","link":"http:\/\/www.franciszek-walcz.pl\/?p=19033","title":{"rendered":"14 LUTEGO 2022 &#8211; 80 ROCZNICA  UTWORZENIA ARMII KRAJOWEJ"},"content":{"rendered":"<p>Polacy po 1. i 17. wrze\u015bnia 1939 r. stawiali sobie dwa pytania \u2013 czy mo\u017cemy zgodzi\u0107 si\u0119 na kl\u0119sk\u0119 i czy mo\u017cemy pogodzi\u0107 si\u0119 z tym, \u017ce Polska znowu zostanie wykre\u015blona z map politycznych Europy, podobnie jak to by\u0142o przez 123 lata mi\u0119dzy rokiem 1795 a 1918. Odpowied\u017a brzmia\u0142a kr\u00f3tko: NIE. \u201eNie\u201d, dlatego, \u017ce to s\u0142owo w kluczowych sytuacjach dla dziej\u00f3w Polski jest wpisane w nasz kulturowy kszta\u0142t \u2013 \u201eJeszcze Polska nie zgin\u0119\u0142a, kiedy my \u017cyjemy\u2026\u201d i s\u0142owa J\u00f3zefa Pi\u0142sudskiego: \u201eBy\u0107 zwyci\u0119\u017conym i nie ulec to zwyci\u0119stwo, zwyci\u0119\u017cy\u0107 i spocz\u0105\u0107 na laurach, to kl\u0119ska\u201d.<\/p>\n<p>Odpowied\u017a : NIE &#8211; nie budzi\u0142a w\u00f3wczas w\u0105tpliwo\u015bci, poniewa\u017c spo\u0142ecze\u0144stwo wyrasta\u0142o z tradycji powsta\u0144c\u00f3w styczniowych, uczestnik\u00f3w zmaga\u0144 o niepodleg\u0142o\u015b\u0107 z 1918 r.; odwo\u0142ywa\u0142o si\u0119 do etosu polskiej inteligencji, duchowie\u0144stwa katolickiego i nowego patriotycznie ukszta\u0142towanego Pokolenia Kolumb\u00f3w. \u2013 Je\u017celi by\u0142o takie spo\u0142ecze\u0144stwo, to mimo tragedii wrze\u015bnia 1939 r. i wszystkich jego nast\u0119pstw, dominowa\u0142a nadzieja .<\/p>\n<p>14 lutego 1942 r. powo\u0142ano Armi\u0119 Krajow\u0105 po to, aby pokaza\u0107 i Polakom \u017cyj\u0105cym pod okupacj\u0105, ale i wszystkim sojusznikom na Zachodzie, \u017ce to nie s\u0105 rozproszone grupki oporu, ale to jest armia, armia polska, armia tego kraju.<\/p>\n<p>Rota\u00a0przysi\u0119gi\u00a0Armii Krajowej\u00a0 brzmia\u0142a: W obliczu Boga Wszechmog\u0105cego \u2013 \u2026. przysi\u0119gam, \u017ce b\u0119d\u0119 wiernie i nieugi\u0119cie sta\u0107 na\u00a0stra\u017cy\u00a0honoru\u00a0Polski i o wyzwolenie jej z\u00a0niewoli\u00a0walczy\u0107 b\u0119d\u0119 zawsze ze wszystkich\u00a0si\u0142\u00a0moich, a\u017c do\u00a0ofiary\u00a0z mego \u017cycia\u2026..<\/p>\n<p>Przyjmuj\u0105cy\u00a0przysi\u0119g\u0119\u00a0odpowiada\u0142: Przyjmuj\u0119 ci\u0119 w szeregi\u00a0\u017co\u0142nierzy\u00a0Wolno\u015bci. Obowi\u0105zkiem twoim b\u0119dzie walczy\u0107 z broni\u0105 w r\u0119ku o odzyskanie Ojczyzny.\u00a0Zwyci\u0119stwo\u00a0b\u0119dzie twoj\u0105 nagrod\u0105,\u00a0zdrada\u00a0b\u0119dzie ukarana\u00a0\u015bmierci\u0105.<\/p>\n<p>Najwi\u0119kszym heroizmem i zarazem najwi\u0119ksz\u0105 tragedi\u0105 AK by\u0142o Powstanie Warszawskie. Po wojnie \u017bo\u0142nierzy Niez\u0142omnych (Wykl\u0119tych) komunistyczne w\u0142adze przedstawia\u0142y jako kolaborant\u00f3w hitlerowc\u00f3w i \u201ezaplute kar\u0142y reakcji\u201d. \u2013 To trudne dzieje. Nawet na dzisiejsze czasy, kiedy do nich wracamy jedynie historyczn\u0105 pami\u0119ci\u0105.<\/p>\n<p>Warto wspomnie\u0107 posta\u0107 kard. Stefana Wyszy\u0144skiego &#8211; podczas Powstania Warszawskiego by\u0142 kapelanem Armii Krajowej , pos\u0142ugiwa\u0142 si\u0119 pseudonimem \u201eRadwan III\u201d. 17 czerwca 1962 r. Kard. Wyszy\u0144ski opisa\u0142 spotkanie z niemieckimi oficerami, kt\u00f3rzy pokazali mu fotografi\u0119 Chrystusa z frontonu ko\u015bcio\u0142a \u015awi\u0119tego Krzy\u017ca w Warszawie, le\u017c\u0105cego na bruku, ale z d\u0142oni\u0105 wskazuj\u0105c\u0105 na napis na cokole: \u00abSursum Corda\u00bb. \u201eNa warszawskim bruku zburzonego miasta, zamienionego w popio\u0142y i zgliszcza \u2013 pozosta\u0142 Chrystus. Obalony wprawdzie, niemocny, le\u017c\u0105cy na swym krzy\u017cu, ale d\u0142oni\u0105 pokazuj\u0105cy zburzonej stolicy niebo, aby nie przesta\u0142a wierzy\u0107, i\u017c mo\u017ce si\u0119 odrodzi\u0107. Jednego tylko potrzeba \u2013 nadziei! \u00abSursum corda, w g\u00f3r\u0119 serca!\u00bb\u201d\u00a0\u00a0\u2013 pisa\u0142 kard. Wyszy\u0144ski. Przes\u0142anie, kt\u00f3re p\u0142ynie z tamtych czas\u00f3w jest takie &#8211; Ostateczna nasza nadzieja w Chrystusie, kt\u00f3ry \u201edo ko\u0144ca nas umi\u0142owa\u0142\u201d . Je\u015bli dzisiaj prze\u017cywamy niepokoje i l\u0119ki o Polsk\u0119, o jej to\u017csamo\u015b\u0107, o wierno\u015b\u0107 warto\u015bciom, o to, aby nie zgin\u0119\u0142a , to trzeba pami\u0119ta\u0107 , \u017ce nie zginie, jak d\u0142ugo b\u0119dzie z Chrystusem, jak d\u0142ugo b\u0119dzie wpatrywa\u0142a si\u0119 w Jego krzy\u017c .<\/p>\n<p>Pami\u0119tajmy r\u00f3wnie\u017c , \u017ce dla chrze\u015bcijan, gr\u00f3b nie\u00a0jest miejscem kl\u0119ski i\u00a0ko\u0144cem wszelkiego \u017cycia, ale\u00a0jest progiem w\u00a0drodze do\u00a0\u017cycia wiecznego. Pami\u0119tajmy , \u017ce\u00a0groby m\u0119czennik\u00f3w za\u00a0Ojczyzn\u0119 nie\u00a0s\u0105 tylko\u00a0miejscem tragedii patriot\u00f3w polskich, ale\u00a0s\u0105 \u017ar\u00f3d\u0142em natchnie\u0144 i\u00a0si\u0142y dla kolejnych pokole\u0144 naszego narodu.<\/p>\n","protected":false},"excerpt":{"rendered":"<p>Polacy po 1. i 17. wrze\u015bnia 1939 r. stawiali sobie dwa pytania \u2013 czy mo\u017cemy zgodzi\u0107 si\u0119 na kl\u0119sk\u0119 i czy mo\u017cemy pogodzi\u0107 si\u0119 z tym, \u017ce Polska znowu zostanie wykre\u015blona z map politycznych Europy, podobnie jak to by\u0142o przez 123 lata mi\u0119dzy rokiem 1795 a 1918. Odpowied\u017a brzmia\u0142a kr\u00f3tko: NIE. \u201eNie\u201d, dlatego, \u017ce to s\u0142owo w kluczowych sytuacjach dla dziej\u00f3w Polski jest wpisane w nasz kulturowy kszta\u0142t \u2013 \u201eJeszcze Polska nie zgin\u0119\u0142a, kiedy my \u017cyjemy\u2026\u201d i s\u0142owa J\u00f3zefa Pi\u0142sudskiego: \u201eBy\u0107 zwyci\u0119\u017conym i nie ulec to zwyci\u0119stwo, zwyci\u0119\u017cy\u0107 i spocz\u0105\u0107 na laurach, to kl\u0119ska\u201d. Odpowied\u017a : NIE &#8211; nie budzi\u0142a w\u00f3wczas w\u0105tpliwo\u015bci, poniewa\u017c spo\u0142ecze\u0144stwo wyrasta\u0142o z tradycji powsta\u0144c\u00f3w styczniowych, uczestnik\u00f3w zmaga\u0144 o niepodleg\u0142o\u015b\u0107 z 1918 r.; odwo\u0142ywa\u0142o si\u0119 do etosu polskiej inteligencji, duchowie\u0144stwa katolickiego i nowego patriotycznie ukszta\u0142towanego Pokolenia Kolumb\u00f3w. \u2013 Je\u017celi by\u0142o takie spo\u0142ecze\u0144stwo, to mimo tragedii wrze\u015bnia 1939 r. i wszystkich jego nast\u0119pstw, dominowa\u0142a nadzieja . 14 lutego&hellip;<\/p>\n<p> <a class=\"more-link\" href=\"http:\/\/www.franciszek-walcz.pl\/?p=19033\">Czytaj dalej<\/a><\/p>\n","protected":false},"author":1,"featured_media":0,"comment_status":"closed","ping_status":"closed","sticky":false,"template":"","format":"standard","meta":{"footnotes":""},"categories":[1],"tags":[],"class_list":{"0":"post-19033","1":"post","2":"type-post","3":"status-publish","4":"format-standard","6":"category-uncategorized"},"brizy_media":[],"_links":{"self":[{"href":"http:\/\/www.franciszek-walcz.pl\/index.php?rest_route=\/wp\/v2\/posts\/19033","targetHints":{"allow":["GET"]}}],"collection":[{"href":"http:\/\/www.franciszek-walcz.pl\/index.php?rest_route=\/wp\/v2\/posts"}],"about":[{"href":"http:\/\/www.franciszek-walcz.pl\/index.php?rest_route=\/wp\/v2\/types\/post"}],"author":[{"embeddable":true,"href":"http:\/\/www.franciszek-walcz.pl\/index.php?rest_route=\/wp\/v2\/users\/1"}],"replies":[{"embeddable":true,"href":"http:\/\/www.franciszek-walcz.pl\/index.php?rest_route=%2Fwp%2Fv2%2Fcomments&post=19033"}],"version-history":[{"count":3,"href":"http:\/\/www.franciszek-walcz.pl\/index.php?rest_route=\/wp\/v2\/posts\/19033\/revisions"}],"predecessor-version":[{"id":19036,"href":"http:\/\/www.franciszek-walcz.pl\/index.php?rest_route=\/wp\/v2\/posts\/19033\/revisions\/19036"}],"wp:attachment":[{"href":"http:\/\/www.franciszek-walcz.pl\/index.php?rest_route=%2Fwp%2Fv2%2Fmedia&parent=19033"}],"wp:term":[{"taxonomy":"category","embeddable":true,"href":"http:\/\/www.franciszek-walcz.pl\/index.php?rest_route=%2Fwp%2Fv2%2Fcategories&post=19033"},{"taxonomy":"post_tag","embeddable":true,"href":"http:\/\/www.franciszek-walcz.pl\/index.php?rest_route=%2Fwp%2Fv2%2Ftags&post=19033"}],"curies":[{"name":"wp","href":"https:\/\/api.w.org\/{rel}","templated":true}]}}