{"id":19140,"date":"2022-02-19T19:39:14","date_gmt":"2022-02-19T18:39:14","guid":{"rendered":"http:\/\/www.franciszek-walcz.pl\/?p=19140"},"modified":"2022-02-19T19:40:08","modified_gmt":"2022-02-19T18:40:08","slug":"kochaj-swoich-nieprzyjaciol-2","status":"publish","type":"post","link":"http:\/\/www.franciszek-walcz.pl\/?p=19140","title":{"rendered":"Kochaj swoich nieprzyjaci\u00f3\u0142"},"content":{"rendered":"<p>Powiadam wam, kt\u00f3rzy s\u0142uchacie: Mi\u0142ujcie waszych nieprzyjaci\u00f3\u0142; dobrze czy\u0144cie tym, kt\u00f3rzy was nienawidz\u0105; b\u0142ogos\u0142awcie tym, kt\u00f3rzy was przeklinaj\u0105, i m\u00f3dlcie si\u0119 za tych, kt\u00f3rzy was oczerniaj\u0105\u00a0(\u0141k 6, 27-28).<\/p>\n<p>Wiele na kartach Pisma \u015awi\u0119tego zosta\u0142o powiedziane na temat mi\u0142o\u015bci. S\u0105 to teksty ukazuj\u0105ce nam mi\u0142o\u015b\u0107 Boga do cz\u0142owieka, ale r\u00f3wnie\u017c takie, kt\u00f3re maj\u0105 pom\u00f3c cz\u0142owiekowi naprawd\u0119 mi\u0142owa\u0107, naprawd\u0119 kocha\u0107 i Boga, i bli\u017aniego. I dzisiejszej niedzieli s\u0142yszymy bardzo trudny tekst dotykaj\u0105cy zagadnienia mi\u0142o\u015bci nieprzyjaci\u00f3\u0142.<\/p>\n<p>Co kryje si\u0119 za tym stwierdzeniem: mi\u0142o\u015b\u0107 nieprzyjaci\u00f3\u0142?<\/p>\n<p>Bardzo \u0142atwo jest nam mi\u0142owa\u0107 osoby wzgl\u0119dem nas \u017cyczliwe, takie, z kt\u00f3rymi dobrze si\u0119 dogadujemy, osoby, w kt\u00f3rych towarzystwie czujemy si\u0119 bezpiecznie. O wiele trudniej nam mi\u0142owa\u0107 tych, kt\u00f3rzy nie s\u0105 dla nas zbyt \u017cyczliwi, z kt\u00f3rymi jeste\u015bmy sk\u0142\u00f3ceni, kt\u00f3rzy \u2013 m\u00f3wi\u0105c j\u0119zykiem dzisiejszej Ewangelii \u2013 s\u0105 naszymi nieprzyjaci\u00f3\u0142mi.<\/p>\n<p>W dzisiejszych czasach widzimy niejednokrotnie i sami tego do\u015bwiadczamy, jak ludzie, kt\u00f3rzy pracuj\u0105 ze sob\u0105, nieraz spotykaj\u0105 si\u0119 tylko dlatego, \u017ce musz\u0105, a w g\u0142\u0119bi duszy oczy by sobie wyd\u0142ubali. W\u0142\u0105czaj\u0105c telewizj\u0119 i natrafiaj\u0105c na programy informacyjne czy te\u017c takie o tematyce politycznej, sami mo\u017cemy dostrzec, jak jeden drugiego obra\u017ca, wy\u015bmiewa, jak stara si\u0119 uczyni\u0107 drugiego mniej warto\u015bciowym cz\u0142owiekiem.<\/p>\n<p>Ale nie potrzeba nam szuka\u0107 a\u017c tak daleko. Ile konflikt\u00f3w i podzia\u0142\u00f3w w naszych rodzinach\u2026 I tu mo\u017cemy spotka\u0107 osoby, kt\u00f3re ze sob\u0105 nie rozmawiaj\u0105, ma\u0142o tego nie mog\u0105 na siebie patrze\u0107, unikaj\u0105c siebie nawzajem czasem przez wiele lat.<\/p>\n<p>I w\u0142a\u015bnie dla nas rozbitych wieloma trudno\u015bciami w mi\u0142owaniu drugiego cz\u0142owieka jest dzisiejsza Ewangelia. Jezus Chrystus chce, by faktycznie te wskaz\u00f3wki, kt\u00f3re nam dzisiaj daje, pomaga\u0142y nam jeszcze lepiej mi\u0142owa\u0107. Chce ka\u017cdemu z nas powiedzie\u0107, aby\u015bmy czynili innym tak, jak by\u015bmy sami chcieli, by i oni nam czynili.<\/p>\n<p>Dlatego kieruje do nas zach\u0119t\u0119:\u00a0Wy natomiast mi\u0142ujcie waszych nieprzyjaci\u00f3\u0142, czy\u0144cie dobrze i po\u017cyczajcie, niczego si\u0119 za to nie spodziewaj\u0105c\u00a0(\u0141k 6, 35).\u00a0M\u00f3dlcie si\u0119 za tych, kt\u00f3rzy was oczerniaj\u0105\u00a0(\u0141k 6, 28).\u00a0I daje nam obietnic\u0119:\u00a0A wasza nagroda b\u0119dzie wielka i b\u0119dziecie synami Najwy\u017cszego\u00a0(\u0141k 6, 35).<\/p>\n<p>Kto\u015b mo\u017ce powiedzie\u0107: \u0142atwo si\u0119 m\u00f3wi, trudniej to wcieli\u0107 w \u017cycie. Jak kogo\u015b kocha\u0107, jak kogo\u015b szanowa\u0107, jak z kim\u015b \u017cy\u0107, skoro on tak\u0105 krzywd\u0119 mi wyrz\u0105dzi\u0142?<\/p>\n<p>To prawda, ale musimy sobie u\u015bwiadomi\u0107, \u017ce prawdziwa mi\u0142o\u015b\u0107 nieprzyjaci\u00f3\u0142 po\u0142\u0105czona z przebaczeniem tak naprawd\u0119 dla mnie przynosi korzy\u015bci. To mi przynosi prawdziwe szcz\u0119\u015bcie. To mi przynosi prawdziw\u0105 wolno\u015b\u0107. I tak jak wielokrotnie w naszym \u017cyciu przebacza nam Pan B\u00f3g, nie nudz\u0105c si\u0119 naszymi odej\u015bciami, nieraz oboj\u0119tno\u015bci\u0105 wobec Niego, tak samo i my powinni\u015bmy \u2013 ze wzgl\u0119du na mi\u0142o\u015b\u0107 Pana Boga \u2013 przebacza\u0107 i mi\u0142owa\u0107 naszych nieprzyjaci\u00f3\u0142.<\/p>\n<p>\u015awi\u0119ty\u00a0Augustyn\u00a0w swoich \u201eWyznaniach\u201d pisze tak:<\/p>\n<p>\u201eSzcz\u0119\u015bliwy jest cz\u0142owiek, kt\u00f3ry kocha Ciebie, a przyjaciela w Tobie, nieprzyjaciela za\u015b ze wzgl\u0119du na Ciebie. Tylko taki cz\u0142owiek bowiem niczego, co jest mu drogie, nie traci, bo wszyscy s\u0105 mu drodzy w Tym, kt\u00f3rego utraci\u0107 nie mo\u017cna\u201d.<\/p>\n<p>Natomiast niemiecki filozof\u00a0Arthur Schopenhauer\u00a0w dziele \u201eO podstawie moralno\u015bci\u201d, cz\u0142owieka przebaczaj\u0105cego nieprzyjacio\u0142om nazywa wspania\u0142omy\u015blnym. Pisze:<\/p>\n<p>\u201eCz\u0142owiek wspania\u0142omy\u015blny, kt\u00f3ry przebacza nieprzyjacio\u0142om i za z\u0142e dobrem p\u0142aci, cz\u0142owiek taki jest wznios\u0142y i zas\u0142uguje na najwi\u0119ksz\u0105 pochwa\u0142\u0119: pozna\u0142 on bowiem swoj\u0105 w\u0142asn\u0105 istot\u0119 nawet tam, gdzie ta istota stanowczo si\u0119 go wypar\u0142a\u201d.<\/p>\n<p>Pro\u015bmy aby\u015bmy umieli ka\u017cdego dnia czyni\u0107 cho\u0107 jeden ma\u0142y krok w mi\u0142owaniu ka\u017cdego cz\u0142owieka, a szczeg\u00f3lnie naszych nieprzyjaci\u00f3\u0142.<\/p>\n","protected":false},"excerpt":{"rendered":"<p>Powiadam wam, kt\u00f3rzy s\u0142uchacie: Mi\u0142ujcie waszych nieprzyjaci\u00f3\u0142; dobrze czy\u0144cie tym, kt\u00f3rzy was nienawidz\u0105; b\u0142ogos\u0142awcie tym, kt\u00f3rzy was przeklinaj\u0105, i m\u00f3dlcie si\u0119 za tych, kt\u00f3rzy was oczerniaj\u0105\u00a0(\u0141k 6, 27-28). Wiele na kartach Pisma \u015awi\u0119tego zosta\u0142o powiedziane na temat mi\u0142o\u015bci. S\u0105 to teksty ukazuj\u0105ce nam mi\u0142o\u015b\u0107 Boga do cz\u0142owieka, ale r\u00f3wnie\u017c takie, kt\u00f3re maj\u0105 pom\u00f3c cz\u0142owiekowi naprawd\u0119 mi\u0142owa\u0107, naprawd\u0119 kocha\u0107 i Boga, i bli\u017aniego. I dzisiejszej niedzieli s\u0142yszymy bardzo trudny tekst dotykaj\u0105cy zagadnienia mi\u0142o\u015bci nieprzyjaci\u00f3\u0142. Co kryje si\u0119 za tym stwierdzeniem: mi\u0142o\u015b\u0107 nieprzyjaci\u00f3\u0142? Bardzo \u0142atwo jest nam mi\u0142owa\u0107 osoby wzgl\u0119dem nas \u017cyczliwe, takie, z kt\u00f3rymi dobrze si\u0119 dogadujemy, osoby, w kt\u00f3rych towarzystwie czujemy si\u0119 bezpiecznie. O wiele trudniej nam mi\u0142owa\u0107 tych, kt\u00f3rzy nie s\u0105 dla nas zbyt \u017cyczliwi, z kt\u00f3rymi jeste\u015bmy sk\u0142\u00f3ceni, kt\u00f3rzy \u2013 m\u00f3wi\u0105c j\u0119zykiem dzisiejszej Ewangelii \u2013 s\u0105 naszymi nieprzyjaci\u00f3\u0142mi. W dzisiejszych czasach widzimy niejednokrotnie i sami tego do\u015bwiadczamy, jak ludzie, kt\u00f3rzy pracuj\u0105 ze sob\u0105, nieraz spotykaj\u0105 si\u0119 tylko dlatego,&hellip;<\/p>\n<p> <a class=\"more-link\" href=\"http:\/\/www.franciszek-walcz.pl\/?p=19140\">Czytaj dalej<\/a><\/p>\n","protected":false},"author":1,"featured_media":0,"comment_status":"closed","ping_status":"closed","sticky":false,"template":"","format":"standard","meta":{"footnotes":""},"categories":[1],"tags":[],"class_list":{"0":"post-19140","1":"post","2":"type-post","3":"status-publish","4":"format-standard","6":"category-uncategorized"},"brizy_media":[],"_links":{"self":[{"href":"http:\/\/www.franciszek-walcz.pl\/index.php?rest_route=\/wp\/v2\/posts\/19140","targetHints":{"allow":["GET"]}}],"collection":[{"href":"http:\/\/www.franciszek-walcz.pl\/index.php?rest_route=\/wp\/v2\/posts"}],"about":[{"href":"http:\/\/www.franciszek-walcz.pl\/index.php?rest_route=\/wp\/v2\/types\/post"}],"author":[{"embeddable":true,"href":"http:\/\/www.franciszek-walcz.pl\/index.php?rest_route=\/wp\/v2\/users\/1"}],"replies":[{"embeddable":true,"href":"http:\/\/www.franciszek-walcz.pl\/index.php?rest_route=%2Fwp%2Fv2%2Fcomments&post=19140"}],"version-history":[{"count":1,"href":"http:\/\/www.franciszek-walcz.pl\/index.php?rest_route=\/wp\/v2\/posts\/19140\/revisions"}],"predecessor-version":[{"id":19141,"href":"http:\/\/www.franciszek-walcz.pl\/index.php?rest_route=\/wp\/v2\/posts\/19140\/revisions\/19141"}],"wp:attachment":[{"href":"http:\/\/www.franciszek-walcz.pl\/index.php?rest_route=%2Fwp%2Fv2%2Fmedia&parent=19140"}],"wp:term":[{"taxonomy":"category","embeddable":true,"href":"http:\/\/www.franciszek-walcz.pl\/index.php?rest_route=%2Fwp%2Fv2%2Fcategories&post=19140"},{"taxonomy":"post_tag","embeddable":true,"href":"http:\/\/www.franciszek-walcz.pl\/index.php?rest_route=%2Fwp%2Fv2%2Ftags&post=19140"}],"curies":[{"name":"wp","href":"https:\/\/api.w.org\/{rel}","templated":true}]}}