{"id":19178,"date":"2022-02-26T13:46:24","date_gmt":"2022-02-26T12:46:24","guid":{"rendered":"http:\/\/www.franciszek-walcz.pl\/?p=19178"},"modified":"2022-02-26T13:47:26","modified_gmt":"2022-02-26T12:47:26","slug":"komunikat-biskupa-polowego-2","status":"publish","type":"post","link":"http:\/\/www.franciszek-walcz.pl\/?p=19178","title":{"rendered":"KOMUNIKAT BISKUPA POLOWEGO"},"content":{"rendered":"<p>L.dz. 108\/CD\/BP\/2022<\/p>\n<p><strong>KOMUNIKAT BISKUPA POLOWEGO <\/strong><\/p>\n<p>Umi\u0142owani Bracia i Siostry!<\/p>\n<p>W homilii inauguruj\u0105cej moj\u0105 pos\u0142ug\u0119 biskupa polowego powiedzia\u0142em, \u017ce jednym z\u00a0g\u0142\u00f3wnych zada\u0144 duszpasterstwa w Ordynariacie Polowym jest zaspokajanie g\u0142odu pokoju. W\u00a0obliczu wojny na Ukrainie chcia\u0142bym razem z ksi\u0119\u017cmi kapelanami otoczy\u0107 modlitw\u0105, duszpastersk\u0105 pos\u0142ug\u0105 i solidarno\u015bci\u0105 zaniepokojone serca naszych \u017co\u0142nierzy i ich rodziny. Zwracam si\u0119 r\u00f3wnie\u017c z apelem do Was wszystkich, by w tym niespokojnym czasie mie\u0107 oczy otwarte i serca wra\u017cliwe na drugiego cz\u0142owieka. Jeszcze w wi\u0119kszym stopniu ni\u017c dotychczas do\u0142\u00f3\u017cmy stara\u0144, by nasze parafie stawa\u0142y si\u0119 przyjaznym domem dla ka\u017cdego i schronieniem dla zatrwo\u017conych. Modlitw\u0105 wytrwa\u0142\u0105, \u017cyczliwym s\u0142owem, przyjaznym gestem okazujmy sobie blisko\u015b\u0107 i wspierajmy nawzajem. Powtarzam zach\u0119t\u0119 z Listu \u015bw. Paw\u0142a: \u201eB\u0105d\u017acie wytrwali i niezachwiani , (\u2026), pami\u0119taj\u0105c, \u017ce trud wasz nie pozostanie daremny w Panu\u201d(1\u00a0Kor 15,58).<\/p>\n<p>Za\u0142\u0105czam te\u017c Apel Przewodnicz\u0105cego Konferencji Episkopatu Polski, prosz\u0105c, by zosta\u0142y uwzgl\u0119dnione w naszych wsp\u00f3lnotach zawarte w nim pro\u015bby.<\/p>\n<p><em>W zwi\u0105zku z inwazj\u0105 rosyjsk\u0105 na Ukrain\u0119, w imieniu Konferencji Episkopatu Polski, stanowczo pot\u0119piam dzia\u0142ania Rosji i W\u0142adimira Putina, uznaj\u0105c je za niedopuszczalny i\u00a0haniebny akt barbarzy\u0144stwa, skierowany wobec suwerenno\u015bci i niezale\u017cno\u015bci niepodleg\u0142ego pa\u0144stwa.<\/em><\/p>\n<p><em>Jednocze\u015bnie \u2013 wraz z ca\u0142ym Ko\u015bcio\u0142em w Polsce \u2013 wyra\u017cam moj\u0105 solidarno\u015b\u0107 ze wszystkimi Ukrai\u0144cami, zar\u00f3wno w Polsce, jak i na Ukrainie, zapewniaj\u0105c ich o naszej blisko\u015bci, modlitwie oraz gotowo\u015bci do pomocy.<\/em><\/p>\n<p><em>W zwi\u0105zku z pro\u015bb\u0105 Ojca \u015awi\u0119tego Franciszka, zwracam si\u0119 do Ksi\u0119\u017cy Biskup\u00f3w oraz wszystkich wiernych, <\/em><em><u>aby \u015aroda Popielcowa by\u0142a obchodzona w Ko\u015bciele w Polsce jako dzie\u0144 postu i modlitwy w intencji pokoju oraz solidarno\u015bci z Ukrain\u0105. Prosz\u0119, aby w ka\u017cdym ko\u015bciele i parafii w Polsce zanosi\u0107 gor\u0105ce b\u0142agania w intencji pokoju, a tak\u017ce w intencji Ukrai\u0144c\u00f3w, by Pan pokrzepi\u0142 ich serca w obecnej dramatycznej sytuacji.<\/u><\/em><\/p>\n<p><em>Jako Ko\u015bci\u00f3\u0142 w Polsce pragniemy przyj\u015b\u0107 naszym Braciom r\u00f3wnie\u017c z materialn\u0105 pomoc\u0105, dlatego apeluj\u0119, aby zar\u00f3wno w najbli\u017csz\u0105 niedziel\u0119, jak i w \u015arod\u0119 Popielcow\u0105, po ka\u017cdej Mszy \u015awi\u0119tej zorganizowa\u0107 zbi\u00f3rk\u0119 ofiar do puszek, kt\u00f3re \u2013 za po\u015brednictwem Caritas Polska \u2013 zostan\u0105 przeznaczone na pomoc uchod\u017acom wojennym z Ukrainy. Pomoc Ko\u015bcio\u0142a katolickiego w Polsce b\u0119dzie \u015bwiadczona sukcesywnie i systemowo za po\u015brednictwem naszych instytucji charytatywnych \u2013 parafialnych, diecezjalnych i og\u00f3lnopolskich \u2013 w tym, przez Zesp\u00f3\u0142 Pomocy Ko\u015bcio\u0142owi na Wschodzie przy Konferencji Episkopatu Polski.<\/em><\/p>\n<p><em>Ponadto, prosz\u0119 wszystkich wierz\u0105cych i ludzi dobrej woli o otwart\u0105 postaw\u0119 wobec potrzebuj\u0105cych schronienia.<\/em><\/p>\n<p>Kr\u00f3lowej Pokoju zawierzmy losy Ukrainy i Polski, wierz\u0105c, \u017ce b\u0142ogos\u0142awie\u0144stwo Boga wszechmog\u0105cego spocznie na nas i pozostanie z nami na zawsze.<\/p>\n<p>&nbsp;<\/p>\n<p>Wasz Biskup Wies\u0142aw Lechowicz<\/p>\n<p>&nbsp;<\/p>\n<p><em>Zarz\u0105dzenie<\/em><\/p>\n<ol>\n<li>Powy\u017csze s\u0142owo nale\u017cy przeczyta\u0107 podczas ka\u017cdej Mszy \u015bwi\u0119tej w najbli\u017csz\u0105 niedziel\u0119, 27 lutego, przed ko\u0144cowym b\u0142ogos\u0142awie\u0144stwem.<\/li>\n<li>Prosz\u0119 ksi\u0119\u017cy, by uwzgl\u0119dnili apel Przewodnicz\u0105cego KEP.<\/li>\n<li>Prosz\u0119, by po ka\u017cdej Mszy \u015bwi\u0119tej od\u015bpiewa\u0107 Suplikacje w intencji pokoju na Ukrainie i w Polsce.<\/li>\n<li>Nale\u017cy zebra\u0107 ofiary do puszki w niedziel\u0119 27.02.2022 oraz w \u015arod\u0119 Popielcow\u0105 4.03.2022 i przes\u0142a\u0107 niezw\u0142ocznie do 6.03.2022 na konto Caritas Ordynariatu Polowego Wojska Polskiego <strong>42 1240 1138 1111 0000 0209 5558<\/strong> z dopiskiem \u201e<strong>UKRAINA<\/strong>\u201d<\/li>\n<\/ol>\n","protected":false},"excerpt":{"rendered":"<p>L.dz. 108\/CD\/BP\/2022 KOMUNIKAT BISKUPA POLOWEGO Umi\u0142owani Bracia i Siostry! W homilii inauguruj\u0105cej moj\u0105 pos\u0142ug\u0119 biskupa polowego powiedzia\u0142em, \u017ce jednym z\u00a0g\u0142\u00f3wnych zada\u0144 duszpasterstwa w Ordynariacie Polowym jest zaspokajanie g\u0142odu pokoju. W\u00a0obliczu wojny na Ukrainie chcia\u0142bym razem z ksi\u0119\u017cmi kapelanami otoczy\u0107 modlitw\u0105, duszpastersk\u0105 pos\u0142ug\u0105 i solidarno\u015bci\u0105 zaniepokojone serca naszych \u017co\u0142nierzy i ich rodziny. Zwracam si\u0119 r\u00f3wnie\u017c z apelem do Was wszystkich, by w tym niespokojnym czasie mie\u0107 oczy otwarte i serca wra\u017cliwe na drugiego cz\u0142owieka. Jeszcze w wi\u0119kszym stopniu ni\u017c dotychczas do\u0142\u00f3\u017cmy stara\u0144, by nasze parafie stawa\u0142y si\u0119 przyjaznym domem dla ka\u017cdego i schronieniem dla zatrwo\u017conych. Modlitw\u0105 wytrwa\u0142\u0105, \u017cyczliwym s\u0142owem, przyjaznym gestem okazujmy sobie blisko\u015b\u0107 i wspierajmy nawzajem. Powtarzam zach\u0119t\u0119 z Listu \u015bw. Paw\u0142a: \u201eB\u0105d\u017acie wytrwali i niezachwiani , (\u2026), pami\u0119taj\u0105c, \u017ce trud wasz nie pozostanie daremny w Panu\u201d(1\u00a0Kor 15,58). Za\u0142\u0105czam te\u017c Apel Przewodnicz\u0105cego Konferencji Episkopatu Polski, prosz\u0105c, by zosta\u0142y uwzgl\u0119dnione w naszych wsp\u00f3lnotach zawarte w nim pro\u015bby. W zwi\u0105zku z inwazj\u0105&hellip;<\/p>\n<p> <a class=\"more-link\" href=\"http:\/\/www.franciszek-walcz.pl\/?p=19178\">Czytaj dalej<\/a><\/p>\n","protected":false},"author":1,"featured_media":0,"comment_status":"closed","ping_status":"closed","sticky":false,"template":"","format":"standard","meta":{"footnotes":""},"categories":[4],"tags":[],"class_list":{"0":"post-19178","1":"post","2":"type-post","3":"status-publish","4":"format-standard","6":"category-ogloszenia"},"brizy_media":[],"_links":{"self":[{"href":"http:\/\/www.franciszek-walcz.pl\/index.php?rest_route=\/wp\/v2\/posts\/19178","targetHints":{"allow":["GET"]}}],"collection":[{"href":"http:\/\/www.franciszek-walcz.pl\/index.php?rest_route=\/wp\/v2\/posts"}],"about":[{"href":"http:\/\/www.franciszek-walcz.pl\/index.php?rest_route=\/wp\/v2\/types\/post"}],"author":[{"embeddable":true,"href":"http:\/\/www.franciszek-walcz.pl\/index.php?rest_route=\/wp\/v2\/users\/1"}],"replies":[{"embeddable":true,"href":"http:\/\/www.franciszek-walcz.pl\/index.php?rest_route=%2Fwp%2Fv2%2Fcomments&post=19178"}],"version-history":[{"count":1,"href":"http:\/\/www.franciszek-walcz.pl\/index.php?rest_route=\/wp\/v2\/posts\/19178\/revisions"}],"predecessor-version":[{"id":19179,"href":"http:\/\/www.franciszek-walcz.pl\/index.php?rest_route=\/wp\/v2\/posts\/19178\/revisions\/19179"}],"wp:attachment":[{"href":"http:\/\/www.franciszek-walcz.pl\/index.php?rest_route=%2Fwp%2Fv2%2Fmedia&parent=19178"}],"wp:term":[{"taxonomy":"category","embeddable":true,"href":"http:\/\/www.franciszek-walcz.pl\/index.php?rest_route=%2Fwp%2Fv2%2Fcategories&post=19178"},{"taxonomy":"post_tag","embeddable":true,"href":"http:\/\/www.franciszek-walcz.pl\/index.php?rest_route=%2Fwp%2Fv2%2Ftags&post=19178"}],"curies":[{"name":"wp","href":"https:\/\/api.w.org\/{rel}","templated":true}]}}