{"id":1920,"date":"2018-05-12T10:44:38","date_gmt":"2018-05-12T08:44:38","guid":{"rendered":"http:\/\/www.franciszek-walcz.pl\/?p=1920"},"modified":"2018-05-12T10:44:38","modified_gmt":"2018-05-12T08:44:38","slug":"ogloszenia-duszpasterskie-13-05-2018","status":"publish","type":"post","link":"http:\/\/www.franciszek-walcz.pl\/?p=1920","title":{"rendered":"OG\u0141OSZENIA DUSZPASTERSKIE 13.05.2018"},"content":{"rendered":"<p><span style=\"color: #ff9900;\"><strong>WNIEBOWST\u0104PIENIE PA\u0143SKIE<\/strong><\/span><\/p>\n<p>Uroczysto\u015b\u0107 Wniebowst\u0105pienia Pa\u0144skiego ko\u0144czy 40-dniowy okres ukazywania si\u0119 Zmartwychwsta\u0142ego i umacniania w wierze Aposto\u0142\u00f3w, pomaga nam lepiej zrozumie\u0107 zapewnienie Jezusa: id\u0119 do Ojca przygotowa\u0107 wam miejsce. \u017byjemy wci\u0105\u017c nadziej\u0105, \u017ce zas\u0142u\u017cymy sobie na przebywanie na wieki w niebie, razem z naszym Zbawicielem, w domu Ojca. Na mszy \u015bw. o godz. 12,00 dzieci b\u0119d\u0105 obchodzi\u0142y rocznic\u0119 Pierwszej Komunii \u015bw.<\/p>\n<p>Przypominamy, \u017ce ka\u017cdy katolik, zgodnie z przykazaniami ko\u015bcielnymi, powinien przynajmniej raz w roku przyst\u0105pi\u0107 do sakramentu pokuty, a w czasie wielkanocnym przyj\u0105\u0107 Komuni\u0119 \u015bw. Czas Komunii \u015bw. wielkanocnej ko\u0144czy si\u0119 w uroczysto\u015b\u0107 Tr\u00f3jcy \u015awi\u0119tej za dwa tygodnie.<\/p>\n<p>Codziennie rado\u015bnie g\u0142osimy chwa\u0142\u0119 Niepokalanej Maryi, naszej niebieskiej Matki. Nabo\u017ce\u0144stwo majowe 20 minut przed Msz\u0105 \u015bw..<\/p>\n<p><strong>\u00a0<\/strong><span style=\"color: #ff9900;\"><strong>W czwartek 17 V Msza \u015bw. w intencji piel\u0119gniarek i po\u0142o\u017cnych , a w pi\u0105tek od godziny 17,00 okoliczno\u015bciowa Akademia z okazji \u015bwi\u0119ta piel\u0119gniarek i po\u0142o\u017cnych , miejsce MOSIR.<\/strong><\/span><\/p>\n<p><strong>\u00a0<\/strong>\u00a0W nast\u0119pn\u0105 niedziel\u0119 przypada uroczysto\u015bci Zes\u0142ania Ducha \u015awi\u0119tego.<span style=\"color: #ff9900;\"><strong> Na msz\u0119 \u015bw. o godz. 12,00 zapraszam szczeg\u00f3lnie kandydat\u00f3w do Sakr. Bierzmowania , po Mszy \u015bw. b\u0119dzie spotkanie z kandydatami.<\/strong><\/span><\/p>\n<p>Niech zmartwychwsta\u0142y Pan obficie b\u0142ogos\u0142awi z nieba solenizantom i jubilatom tego tygodnia. Zmar\u0142ych\/Wanda Zaremba , Halina Iwanicka\/ polecamy Bo\u017cemu Mi\u0142osierdziu<\/p>\n","protected":false},"excerpt":{"rendered":"<p>WNIEBOWST\u0104PIENIE PA\u0143SKIE Uroczysto\u015b\u0107 Wniebowst\u0105pienia Pa\u0144skiego ko\u0144czy 40-dniowy okres ukazywania si\u0119 Zmartwychwsta\u0142ego i umacniania w wierze Aposto\u0142\u00f3w, pomaga nam lepiej zrozumie\u0107 zapewnienie Jezusa: id\u0119 do Ojca przygotowa\u0107 wam miejsce. \u017byjemy wci\u0105\u017c nadziej\u0105, \u017ce zas\u0142u\u017cymy sobie na przebywanie na wieki w niebie, razem z naszym Zbawicielem, w domu Ojca. Na mszy \u015bw. o godz. 12,00 dzieci b\u0119d\u0105 obchodzi\u0142y rocznic\u0119 Pierwszej Komunii \u015bw. Przypominamy, \u017ce ka\u017cdy katolik, zgodnie z przykazaniami ko\u015bcielnymi, powinien przynajmniej raz w roku przyst\u0105pi\u0107 do sakramentu pokuty, a w czasie wielkanocnym przyj\u0105\u0107 Komuni\u0119 \u015bw. Czas Komunii \u015bw. wielkanocnej ko\u0144czy si\u0119 w uroczysto\u015b\u0107 Tr\u00f3jcy \u015awi\u0119tej za dwa tygodnie. Codziennie rado\u015bnie g\u0142osimy chwa\u0142\u0119 Niepokalanej Maryi, naszej niebieskiej Matki. Nabo\u017ce\u0144stwo majowe 20 minut przed Msz\u0105 \u015bw.. \u00a0W czwartek 17 V Msza \u015bw. w intencji piel\u0119gniarek i po\u0142o\u017cnych , a w pi\u0105tek od godziny 17,00 okoliczno\u015bciowa Akademia z okazji \u015bwi\u0119ta piel\u0119gniarek i po\u0142o\u017cnych , miejsce MOSIR. \u00a0\u00a0W nast\u0119pn\u0105 niedziel\u0119 przypada uroczysto\u015bci Zes\u0142ania Ducha \u015awi\u0119tego.&hellip;<\/p>\n<p> <a class=\"more-link\" href=\"http:\/\/www.franciszek-walcz.pl\/?p=1920\">Czytaj dalej<\/a><\/p>\n","protected":false},"author":1,"featured_media":0,"comment_status":"open","ping_status":"open","sticky":false,"template":"","format":"standard","meta":{"footnotes":""},"categories":[4],"tags":[],"class_list":{"0":"post-1920","1":"post","2":"type-post","3":"status-publish","4":"format-standard","6":"category-ogloszenia"},"brizy_media":[],"_links":{"self":[{"href":"http:\/\/www.franciszek-walcz.pl\/index.php?rest_route=\/wp\/v2\/posts\/1920","targetHints":{"allow":["GET"]}}],"collection":[{"href":"http:\/\/www.franciszek-walcz.pl\/index.php?rest_route=\/wp\/v2\/posts"}],"about":[{"href":"http:\/\/www.franciszek-walcz.pl\/index.php?rest_route=\/wp\/v2\/types\/post"}],"author":[{"embeddable":true,"href":"http:\/\/www.franciszek-walcz.pl\/index.php?rest_route=\/wp\/v2\/users\/1"}],"replies":[{"embeddable":true,"href":"http:\/\/www.franciszek-walcz.pl\/index.php?rest_route=%2Fwp%2Fv2%2Fcomments&post=1920"}],"version-history":[{"count":1,"href":"http:\/\/www.franciszek-walcz.pl\/index.php?rest_route=\/wp\/v2\/posts\/1920\/revisions"}],"predecessor-version":[{"id":1921,"href":"http:\/\/www.franciszek-walcz.pl\/index.php?rest_route=\/wp\/v2\/posts\/1920\/revisions\/1921"}],"wp:attachment":[{"href":"http:\/\/www.franciszek-walcz.pl\/index.php?rest_route=%2Fwp%2Fv2%2Fmedia&parent=1920"}],"wp:term":[{"taxonomy":"category","embeddable":true,"href":"http:\/\/www.franciszek-walcz.pl\/index.php?rest_route=%2Fwp%2Fv2%2Fcategories&post=1920"},{"taxonomy":"post_tag","embeddable":true,"href":"http:\/\/www.franciszek-walcz.pl\/index.php?rest_route=%2Fwp%2Fv2%2Ftags&post=1920"}],"curies":[{"name":"wp","href":"https:\/\/api.w.org\/{rel}","templated":true}]}}