{"id":19322,"date":"2022-03-12T11:11:38","date_gmt":"2022-03-12T10:11:38","guid":{"rendered":"http:\/\/www.franciszek-walcz.pl\/?p=19322"},"modified":"2022-03-12T11:12:23","modified_gmt":"2022-03-12T10:12:23","slug":"komunikat-na-ii-niedziele-wielkiego-postu-ad-gentes-3","status":"publish","type":"post","link":"http:\/\/www.franciszek-walcz.pl\/?p=19322","title":{"rendered":"Komunikat na II Niedziel\u0119 Wielkiego Postu \u201eAd Gentes\u201d"},"content":{"rendered":"<p style=\"text-align: center;\"><strong>Komunikat na II Niedziel\u0119 Wielkiego Postu \u201eAd Gentes\u201d<\/strong><\/p>\n<p style=\"text-align: center;\"><strong>13 III 2022 r. <\/strong><\/p>\n<p style=\"text-align: center;\"><strong>Dzie\u0144 Modlitwy, Postu i Solidarno\u015bci z Misjonarzami <\/strong><\/p>\n<p style=\"text-align: center;\"><em><strong>Wieczernik szko\u0142\u0105 braterstwa misyjnego<\/strong><\/em><\/p>\n<p style=\"text-align: center;\"><strong>Bracia i siostry!<\/strong><\/p>\n<p>W II niedziel\u0119 Wielkiego Postu Ko\u015bci\u00f3\u0142 w Polsce prze\u017cywa D<em>zie\u0144 Modlitwy, Postu i Solidarno\u015bci z Misjonarzami<\/em>. W tym roku obchodzimy go pod has\u0142em \u201eWieczernik szko\u0142\u0105 braterstwa misyjnego\u201d. Pielgrzymujemy duchowo do Wieczernika w Jerozolimie, tu bowiem Chrystus zgromadzi\u0142 swych uczni\u00f3w przed sw\u0105 m\u0119k\u0105 i ustanowi\u0142 sakrament kap\u0142a\u0144stwa i Eucharystii. W murach Wieczernika wybrzmia\u0142o Jego przykazanie mi\u0142o\u015bci: \u201ePrzykazanie nowe daj\u0119 wam, aby\u015bcie si\u0119 wzajemnie mi\u0142owali tak, jak Ja was umi\u0142owa\u0142em; \u017ceby\u015bcie i wy tak si\u0119 mi\u0142owali wzajemnie. Po tym wszyscy poznaj\u0105, \u017ce\u015bcie uczniami moimi, je\u015bli b\u0119dziecie si\u0119 wzajemnie mi\u0142owali\u201d (J 13, 34-35). Tutaj te\u017c Pan, po swoim zmartwychwstaniu, ofiarowa\u0142 m\u0142odemu Ko\u015bcio\u0142owi sakrament pokuty i pojednania. Z Wieczernika wyszli pe\u0142ni\u0107 sw\u0105 misj\u0119, nape\u0142nieni Duchem \u015awi\u0119tym, Aposto\u0142owie.<\/p>\n<p>Wieczernik jest szko\u0142\u0105 mi\u0142o\u015bci braterskiej, bezinteresownej, czystej, zdolnej do zapominania o sobie i daru z siebie. Ten, kto z wiar\u0105 uczestniczy w tajemnicy Wieczernika, uczy si\u0119 od Chrystusa kocha\u0107 bli\u017anich, wprowadza\u0107 w ludzk\u0105 rzeczywisto\u015b\u0107 pok\u00f3j i Bo\u017c\u0105 rado\u015b\u0107. Jak z Wieczernika, tak i z ka\u017cdej Mszy \u015bw., wychodzimy z odnowionym postanowieniem, by mi\u0142owa\u0107, nie tylko bliskich i przyjaci\u00f3\u0142, ale tak\u017ce dalekich i nieprzyjaci\u00f3\u0142. Eucharystia wychowuje nas do braterstwa, solidarno\u015bci z ubogimi i potrzebuj\u0105cymi wsparcia. W niej Chrystus daje nam si\u0142\u0119 do tego, by\u015bmy przychodzili z pomoc\u0105 \u201etym, kt\u00f3rzy si\u0119 \u017ale maj\u0105\u201d (\u0141k 5, 31), kt\u00f3rzy cierpi\u0105 z powodu osamotnienia i odrzucenia przez innych.<\/p>\n<p><strong>Misje w duchu braterstwa<\/strong><\/p>\n<p>Nasi misjonarze, umocnieni Eucharysti\u0105, wychowani w szkole Wieczernika ofiarnie pos\u0142uguj\u0105 na misjach. G\u0142osz\u0105 Ewangeli\u0119, dziel\u0105c si\u0119 sw\u0105 wiar\u0105 oraz potwierdzaj\u0105c j\u0105 czynami mi\u0142o\u015bci bli\u017aniego, solidarno\u015bci i ochoczej pomocy ubogim, chorym i s\u0142abym. Tak\u017ce teraz, w czasach pandemii, trwaj\u0105 na plac\u00f3wkach misyjnych, by s\u0142u\u017cy\u0107 i umacnia\u0107 w nadziei rodziny, starc\u00f3w, m\u0142odzie\u017c i dzieci.<\/p>\n<p>Jeste\u015bmy wraz z nimi, otaczaj\u0105c ich modlitwami, nie tylko dzisiaj, w Dniu Modlitwy, Postu i Solidarno\u015bci z Misjonarzami, ale w ci\u0105gu ca\u0142ego roku. O t\u0119 modlitw\u0119 oni gor\u0105co nas prosz\u0105. Jest ona zw\u0142aszcza potrzebna tam, gdzie panuje zam\u0119t i niepok\u00f3j, gdzie \u017cycie naszych misjonarek i misjonarzy jest w niebezpiecze\u0144stwie, gdzie misjonarze musz\u0105 zmaga\u0107 si\u0119 z wielkimi przeciwno\u015bciami, prze\u015bladowaniem, n\u0119dz\u0105 i r\u00f3\u017cnymi niedostatkami.<\/p>\n<p>Nasza modlitwa za misje u\u015bwiadamia ca\u0142emu Ko\u015bcio\u0142owi, \u017ce s\u0105 one dzie\u0142em Bo\u017cym, nie ludzkim. St\u0105d wzywamy Bo\u017cej pomocy i b\u0142ogos\u0142awie\u0144stwa dla wszystkich przedsi\u0119wzi\u0119\u0107 misyjnych oraz prosimy Chrystusa, by strzeg\u0142 misjonarzy od z\u0142a i zachowa\u0142 ich w swej \u0142asce.<\/p>\n<p><strong>Nasza odpowiedzialno\u015b\u0107 za misje<\/strong><\/p>\n<p>Dzi\u015b jednoczymy si\u0119 w modlitwie z 1800 misjonarkami i misjonarzami z Polski, g\u0142osz\u0105cymi or\u0119dzie ewangeliczne w 99 krajach misyjnych.<\/p>\n<p>II Niedziela Wielkiego Postu \u201ead gentes\u201d przypomina o naszej odpowiedzialno\u015bci za misje w \u015bwiecie. Na mocy chrztu \u015bw. jeste\u015bmy misjonarzami i wszystkim nam Chrystus powierzy\u0142 mandat misyjny (RMis 77). Nawet je\u015bli nie wyje\u017cd\u017camy do kraj\u00f3w misyjnych, jeste\u015bmy misjonarzami.<\/p>\n<p>Opr\u00f3cz modlitwy i ofiarowania Panu Bogu cierpie\u0144 i trud\u00f3w \u017cyciowych w intencji misji, mo\u017cemy wspiera\u0107 misjonarzy finansowo i materialnie. Pos\u0142uguj\u0105 oni w m\u0142odych Ko\u015bcio\u0142ach, kt\u00f3re zwykle s\u0105 w najbiedniejszych krajach \u015bwiata i dla realizacji swej misji potrzebuj\u0105 \u015brodk\u00f3w.<\/p>\n<p>Eucharystia sk\u0142ania nas tak\u017ce do dzielenia si\u0119 tym, co posiadamy z naszymi siostrami i bra\u0107mi na misjach, ubo\u017cszymi od nas, i misjonarzami. Dzi\u0119ki naszej ofiarno\u015bci prowadz\u0105 oni dzie\u0142a charytatywne, opieku\u0144cze, medyczne oraz edukacyjne. Pom\u00f3\u017cmy dzi\u015b misjonarkom i misjonarzom przekazuj\u0105c ofiary do puszek. Dzie\u0142o Pomocy \u201eAd Gentes\u201d, kt\u00f3re w imieniu Ko\u015bcio\u0142a w Polsce pomaga misjom, w ubieg\u0142ym roku zrealizowa\u0142o 104 projekty o warto\u015bci ponad 122 300 euro i wspar\u0142o misjonarzy dotacjami na sum\u0119 prawie 2 mln z\u0142. Do\u0142\u0105czmy do grona Darczy\u0144c\u00f3w misji poprzez ofiary na jego konto, a tak\u017ce wysy\u0142aj\u0105c sms-a na numer 72032 o tre\u015bci \u201eMisje\u201d. Wi\u0119cej informacji o sposobach pomagania misjom znajdziemy na stronach <a href=\"http:\/\/www.misje.pl\/\"><u>www.misje.pl<\/u><\/a> i <a href=\"http:\/\/www.adgentes.misje.pl\/\"><u>www.adgentes.misje.pl<\/u><\/a>.<\/p>\n<p><strong>S\u0142owo wdzi\u0119czno\u015bci<\/strong><\/p>\n<p>Mam sposobno\u015b\u0107, aby wyrazi\u0107 wdzi\u0119czno\u015b\u0107 wszystkim darczy\u0144com misji: wiernym \u015bwieckim, kap\u0142anom i osobom \u017cycia konsekrowanego. Dzi\u0119kuj\u0119 za wasz\u0105 trosk\u0119 o misje <em>ad gentes<\/em>. \u017bycz\u0119 wam, aby zaanga\u017cowanie misyjne wnios\u0142o w wasze \u017cycie wiele rado\u015bci i wszelkiego dobra; by obfitowa\u0142o \u0142ask\u0105 i b\u0142ogos\u0142awie\u0144stwem. Jednocze\u015bnie prosz\u0119, aby\u015bcie, na wz\u00f3r S\u0142ugi Bo\u017cej Pauliny Jaricot, nie ustawali w modlitwach i ofiarno\u015bci na rzecz misji. Niech ona, w roku swej beatyfikacji, b\u0119dzie dla was natchnieniem do wszelkich dobrych czyn\u00f3w na rzecz misji.<\/p>\n<p>Prosz\u0119 osoby chore i senior\u00f3w, tych wszystkich, kt\u00f3rzy d\u017awigaj\u0105 krzy\u017c osamotnienia, cierpie\u0144 duchowych i fizycznych, aby jednocz\u0105c si\u0119 z krzy\u017cem Chrystusa ofiarowywali je w intencjach misji. Staj\u0105c w cieniu krzy\u017ca, pami\u0119tajcie o misjonarkach i misjonarzach.<\/p>\n<p>Zwracam si\u0119 z pro\u015bb\u0105 do dzieci i m\u0142odzie\u017cy zaanga\u017cowanej w wolontariat misyjny, aby wzrastali w pragnieniu poznawania \u015bwiata misji i odkrywania pi\u0119kna bycia misjonarzami Chrystusa, zw\u0142aszcza w\u015br\u00f3d r\u00f3wie\u015bnik\u00f3w. Serdecznie zach\u0119cam dzieci i m\u0142odzie\u017c ze szk\u00f3\u0142 podstawowych do wzi\u0119cia udzia\u0142u w og\u00f3lnopolskim Konkursie \u201eM\u00f3j szkolny kolega z misji\u201d, prowadzonym przez Dzie\u0142o Pomocy \u201eAd Gentes\u201d. W tym roku uczniowie szk\u00f3\u0142 podstawowych w Polsce przyczyniaj\u0105 si\u0119 do budowy szko\u0142y podstawowej w Figuil, w Kamerunie, prowadzonej przez ojc\u00f3w oblat\u00f3w Maryi Niepokalanej.<\/p>\n<p>Wszystkich was, siostry i bracia, zach\u0119cam do modlitwy o nowe powo\u0142ania misyjne, gdy\u017c Ko\u015bci\u00f3\u0142 bardzo potrzebuje serc, kt\u00f3re po\u015bwi\u0119c\u0105 si\u0119 ewangelizacji i s\u0142u\u017cbie ubogim. Pro\u015bmy Chrystusa, by nie zabrak\u0142o Ko\u015bcio\u0142owi \u015bwi\u0119tych, m\u0105drych i ofiarnych g\u0142osicieli Ewangelii!<\/p>\n<p>Zapewniaj\u0105c o modlitwie i wdzi\u0119czno\u015bci za pomoc misjom, wszystkim z serca b\u0142ogos\u0142awi\u0119: w Imi\u0119 Ojca i Syna, i Ducha \u015awi\u0119tego.<\/p>\n<p>\u2020 <strong>Jan Piotrowski<\/strong><\/p>\n<p><strong>Przewodnicz\u0105cy Komisji Episkopatu Polski ds. Misji<\/strong><\/p>\n","protected":false},"excerpt":{"rendered":"<p>Komunikat na II Niedziel\u0119 Wielkiego Postu \u201eAd Gentes\u201d 13 III 2022 r. Dzie\u0144 Modlitwy, Postu i Solidarno\u015bci z Misjonarzami Wieczernik szko\u0142\u0105 braterstwa misyjnego Bracia i siostry! W II niedziel\u0119 Wielkiego Postu Ko\u015bci\u00f3\u0142 w Polsce prze\u017cywa Dzie\u0144 Modlitwy, Postu i Solidarno\u015bci z Misjonarzami. W tym roku obchodzimy go pod has\u0142em \u201eWieczernik szko\u0142\u0105 braterstwa misyjnego\u201d. Pielgrzymujemy duchowo do Wieczernika w Jerozolimie, tu bowiem Chrystus zgromadzi\u0142 swych uczni\u00f3w przed sw\u0105 m\u0119k\u0105 i ustanowi\u0142 sakrament kap\u0142a\u0144stwa i Eucharystii. W murach Wieczernika wybrzmia\u0142o Jego przykazanie mi\u0142o\u015bci: \u201ePrzykazanie nowe daj\u0119 wam, aby\u015bcie si\u0119 wzajemnie mi\u0142owali tak, jak Ja was umi\u0142owa\u0142em; \u017ceby\u015bcie i wy tak si\u0119 mi\u0142owali wzajemnie. Po tym wszyscy poznaj\u0105, \u017ce\u015bcie uczniami moimi, je\u015bli b\u0119dziecie si\u0119 wzajemnie mi\u0142owali\u201d (J 13, 34-35). Tutaj te\u017c Pan, po swoim zmartwychwstaniu, ofiarowa\u0142 m\u0142odemu Ko\u015bcio\u0142owi sakrament pokuty i pojednania. Z Wieczernika wyszli pe\u0142ni\u0107 sw\u0105 misj\u0119, nape\u0142nieni Duchem \u015awi\u0119tym, Aposto\u0142owie. Wieczernik jest szko\u0142\u0105 mi\u0142o\u015bci braterskiej, bezinteresownej, czystej, zdolnej do zapominania o&hellip;<\/p>\n<p> <a class=\"more-link\" href=\"http:\/\/www.franciszek-walcz.pl\/?p=19322\">Czytaj dalej<\/a><\/p>\n","protected":false},"author":1,"featured_media":0,"comment_status":"closed","ping_status":"closed","sticky":false,"template":"","format":"standard","meta":{"footnotes":""},"categories":[1],"tags":[],"class_list":{"0":"post-19322","1":"post","2":"type-post","3":"status-publish","4":"format-standard","6":"category-uncategorized"},"brizy_media":[],"_links":{"self":[{"href":"http:\/\/www.franciszek-walcz.pl\/index.php?rest_route=\/wp\/v2\/posts\/19322","targetHints":{"allow":["GET"]}}],"collection":[{"href":"http:\/\/www.franciszek-walcz.pl\/index.php?rest_route=\/wp\/v2\/posts"}],"about":[{"href":"http:\/\/www.franciszek-walcz.pl\/index.php?rest_route=\/wp\/v2\/types\/post"}],"author":[{"embeddable":true,"href":"http:\/\/www.franciszek-walcz.pl\/index.php?rest_route=\/wp\/v2\/users\/1"}],"replies":[{"embeddable":true,"href":"http:\/\/www.franciszek-walcz.pl\/index.php?rest_route=%2Fwp%2Fv2%2Fcomments&post=19322"}],"version-history":[{"count":2,"href":"http:\/\/www.franciszek-walcz.pl\/index.php?rest_route=\/wp\/v2\/posts\/19322\/revisions"}],"predecessor-version":[{"id":19326,"href":"http:\/\/www.franciszek-walcz.pl\/index.php?rest_route=\/wp\/v2\/posts\/19322\/revisions\/19326"}],"wp:attachment":[{"href":"http:\/\/www.franciszek-walcz.pl\/index.php?rest_route=%2Fwp%2Fv2%2Fmedia&parent=19322"}],"wp:term":[{"taxonomy":"category","embeddable":true,"href":"http:\/\/www.franciszek-walcz.pl\/index.php?rest_route=%2Fwp%2Fv2%2Fcategories&post=19322"},{"taxonomy":"post_tag","embeddable":true,"href":"http:\/\/www.franciszek-walcz.pl\/index.php?rest_route=%2Fwp%2Fv2%2Ftags&post=19322"}],"curies":[{"name":"wp","href":"https:\/\/api.w.org\/{rel}","templated":true}]}}