{"id":1937,"date":"2018-05-19T11:14:23","date_gmt":"2018-05-19T09:14:23","guid":{"rendered":"http:\/\/www.franciszek-walcz.pl\/?p=1937"},"modified":"2018-05-19T11:14:42","modified_gmt":"2018-05-19T09:14:42","slug":"ogloszenia-duszpasterskie-20-05-2018","status":"publish","type":"post","link":"http:\/\/www.franciszek-walcz.pl\/?p=1937","title":{"rendered":"OG\u0141OSZENIA DUSZPASTERSKIE 20.05.2018"},"content":{"rendered":"<p><span style=\"color: #ff9900;\"><strong>ZES\u0141ANIE DUCHA \u015aWI\u0118TEGO<\/strong><\/span><\/p>\n<p>Zes\u0142anie Ducha \u015awi\u0119tego to pami\u0105tka narodzin wsp\u00f3lnoty Ko\u015bcio\u0142a. Aposto\u0142owie, umocnieni moc\u0105 z wysoka, wyszli z Wieczernika, aby dawa\u0107 \u015bwiadectwo o zmartwychwsta\u0142ym Zbawicielu. Ich misja wci\u0105\u017c trwa i jest kontynuowana w Ko\u015bciele.<\/p>\n<p>Dzisiaj ko\u0144czy si\u0119 liturgiczny okres wielkanocny. Przypominamy, \u017ce \u00a0czas Komunii \u015bw. wielkanocnej jest liczony od \u015arody Popielcowej do uroczysto\u015bci Tr\u00f3jcy Przenaj\u015bwi\u0119tszej. Zach\u0119camy tych, kt\u00f3rzy z r\u00f3\u017cnych powod\u00f3w w tym czasie jeszcze nie wype\u0142nili trzeciego przykazania ko\u015bcielnego, aby skorzystali z zaproszenia i przygotowani przez sakrament pokuty zjednoczyli si\u0119 z Chrystusem w Eucharystii.<\/p>\n<p><span style=\"color: #ff9900;\"><strong>Dzi\u015b po Mszy \u015bw. o godz. 12,00 b\u0119dzie spotkanie z kandydatami \u00a0do Sakr. Bierzmowania ,<\/strong><\/span><\/p>\n<p>W sobot\u0119 zapraszamy wszystkich do modlitwy w Dniu Matki. \u017byj\u0105cym mamom chcemy wyprasza\u0107 obfito\u015b\u0107 Bo\u017cych \u0142ask, a zmar\u0142ym rado\u015b\u0107 wieczn\u0105.<\/p>\n<p>W przysz\u0142\u0105 niedziel\u0119 przypada uroczysto\u015b\u0107 Tr\u00f3jcy Przenaj\u015bwi\u0119tszej.<\/p>\n<p>Codziennie rado\u015bnie g\u0142osimy chwa\u0142\u0119 Niepokalanej Maryi, naszej niebieskiej Matki. Nabo\u017ce\u0144stwo majowe rozpoczyna si\u0119 \u00a020 minut przed Msz\u0105 \u015bw. W Ndz. o godz.8,40<\/p>\n<p>Niech zmartwychwsta\u0142y Chrystus zsy\u0142a dary Ducha \u015awi\u0119tego na jubilat\u00f3w i solenizant\u00f3w rozpoczynaj\u0105cego si\u0119 tygodnia.<\/p>\n<p>Zmar\u0142ych\/ Halina Iwanicka \/ polecamy Bo\u017cemu Mi\u0142osierdziu<\/p>\n","protected":false},"excerpt":{"rendered":"<p>ZES\u0141ANIE DUCHA \u015aWI\u0118TEGO Zes\u0142anie Ducha \u015awi\u0119tego to pami\u0105tka narodzin wsp\u00f3lnoty Ko\u015bcio\u0142a. Aposto\u0142owie, umocnieni moc\u0105 z wysoka, wyszli z Wieczernika, aby dawa\u0107 \u015bwiadectwo o zmartwychwsta\u0142ym Zbawicielu. Ich misja wci\u0105\u017c trwa i jest kontynuowana w Ko\u015bciele. Dzisiaj ko\u0144czy si\u0119 liturgiczny okres wielkanocny. Przypominamy, \u017ce \u00a0czas Komunii \u015bw. wielkanocnej jest liczony od \u015arody Popielcowej do uroczysto\u015bci Tr\u00f3jcy Przenaj\u015bwi\u0119tszej. Zach\u0119camy tych, kt\u00f3rzy z r\u00f3\u017cnych powod\u00f3w w tym czasie jeszcze nie wype\u0142nili trzeciego przykazania ko\u015bcielnego, aby skorzystali z zaproszenia i przygotowani przez sakrament pokuty zjednoczyli si\u0119 z Chrystusem w Eucharystii. Dzi\u015b po Mszy \u015bw. o godz. 12,00 b\u0119dzie spotkanie z kandydatami \u00a0do Sakr. Bierzmowania , W sobot\u0119 zapraszamy wszystkich do modlitwy w Dniu Matki. \u017byj\u0105cym mamom chcemy wyprasza\u0107 obfito\u015b\u0107 Bo\u017cych \u0142ask, a zmar\u0142ym rado\u015b\u0107 wieczn\u0105. W przysz\u0142\u0105 niedziel\u0119 przypada uroczysto\u015b\u0107 Tr\u00f3jcy Przenaj\u015bwi\u0119tszej. Codziennie rado\u015bnie g\u0142osimy chwa\u0142\u0119 Niepokalanej Maryi, naszej niebieskiej Matki. Nabo\u017ce\u0144stwo majowe rozpoczyna si\u0119 \u00a020 minut przed Msz\u0105 \u015bw. W Ndz. o godz.8,40 Niech&hellip;<\/p>\n<p> <a class=\"more-link\" href=\"http:\/\/www.franciszek-walcz.pl\/?p=1937\">Czytaj dalej<\/a><\/p>\n","protected":false},"author":1,"featured_media":0,"comment_status":"open","ping_status":"open","sticky":false,"template":"","format":"standard","meta":{"footnotes":""},"categories":[4],"tags":[],"class_list":{"0":"post-1937","1":"post","2":"type-post","3":"status-publish","4":"format-standard","6":"category-ogloszenia"},"brizy_media":[],"_links":{"self":[{"href":"http:\/\/www.franciszek-walcz.pl\/index.php?rest_route=\/wp\/v2\/posts\/1937","targetHints":{"allow":["GET"]}}],"collection":[{"href":"http:\/\/www.franciszek-walcz.pl\/index.php?rest_route=\/wp\/v2\/posts"}],"about":[{"href":"http:\/\/www.franciszek-walcz.pl\/index.php?rest_route=\/wp\/v2\/types\/post"}],"author":[{"embeddable":true,"href":"http:\/\/www.franciszek-walcz.pl\/index.php?rest_route=\/wp\/v2\/users\/1"}],"replies":[{"embeddable":true,"href":"http:\/\/www.franciszek-walcz.pl\/index.php?rest_route=%2Fwp%2Fv2%2Fcomments&post=1937"}],"version-history":[{"count":1,"href":"http:\/\/www.franciszek-walcz.pl\/index.php?rest_route=\/wp\/v2\/posts\/1937\/revisions"}],"predecessor-version":[{"id":1938,"href":"http:\/\/www.franciszek-walcz.pl\/index.php?rest_route=\/wp\/v2\/posts\/1937\/revisions\/1938"}],"wp:attachment":[{"href":"http:\/\/www.franciszek-walcz.pl\/index.php?rest_route=%2Fwp%2Fv2%2Fmedia&parent=1937"}],"wp:term":[{"taxonomy":"category","embeddable":true,"href":"http:\/\/www.franciszek-walcz.pl\/index.php?rest_route=%2Fwp%2Fv2%2Fcategories&post=1937"},{"taxonomy":"post_tag","embeddable":true,"href":"http:\/\/www.franciszek-walcz.pl\/index.php?rest_route=%2Fwp%2Fv2%2Ftags&post=1937"}],"curies":[{"name":"wp","href":"https:\/\/api.w.org\/{rel}","templated":true}]}}