{"id":1943,"date":"2018-05-23T21:12:12","date_gmt":"2018-05-23T19:12:12","guid":{"rendered":"http:\/\/www.franciszek-walcz.pl\/?p=1943"},"modified":"2018-05-23T21:12:21","modified_gmt":"2018-05-23T19:12:21","slug":"refleksje-na-dzien-matki","status":"publish","type":"post","link":"http:\/\/www.franciszek-walcz.pl\/?p=1943","title":{"rendered":"Refleksje na Dzie\u0144 Matki"},"content":{"rendered":"<p>Matka &#8211; pierwsza osoba, kt\u00f3r\u0105 spotykamy na drodze naszego \u017cycia. Od samego pocz\u0105tku zatroskana o nasze istnienie, o nasz\u0105 przysz\u0142o\u015b\u0107. Zawsze razem &#8211; Matka i dziecko. Ona &#8211; pe\u0142na niepokoju i l\u0119ku, pe\u0142na ciep\u0142a i serdecznych gest\u00f3w, oddana bez reszty swemu wielkiemu skarbowi, daj\u0105c mu swoj\u0105 mi\u0142o\u015b\u0107, czas, si\u0142\u0119 i serce. Musi dzieckiem kierowa\u0107 tak, by dla nikogo nie by\u0142o przyczyn\u0105 \u0142ez. Matka musi mie\u0107 uczucia serdeczne, stawa\u0107 si\u0119 anio\u0142em dobroci i odznacza\u0107 si\u0119 cnotami, by dziecku da\u0107 przyk\u0142ad, jak ma i\u015b\u0107 przez \u017cycie. Dziecko to cz\u0142owiek maj\u0105cy woln\u0105 wol\u0119, kt\u00f3r\u0105 mo\u017ce utraci\u0107, je\u017celi rodzice nie potrafi\u0105 do niego trafi\u0107 w procesie wychowawczym, je\u017celi nie b\u0119d\u0105 w stanie ukszta\u0142towa\u0107 jego charakteru.<br \/>\nUczucie matki do dziecka powinno by\u0107 regulowane pewnymi zasadami: st\u0105d &#8211; dot\u0105d. Niech dziecko wie, co wolno, a czego nie wolno. Wychowanie musi i\u015b\u0107 w parze z pewnym hartowaniem osobowo\u015bci. Dziecko musi oswoi\u0107 si\u0119 z tym, \u017ce nie wszystko w \u017cyciu jest dost\u0119pne. M\u00f3wi si\u0119 cz\u0119sto, \u017ce obecne m\u0142ode pokolenie jest \u017ale wychowane, nieczu\u0142e, nie ma szacunku dla rodzic\u00f3w. Chyba jedn\u0105 z przyczyn takiego stanu jest zmiana stylu \u017cycia, przeobra\u017cenia w rodzinie, inne traktowanie dzieci przez rodzic\u00f3w odno\u015bnie do wymaga\u0144, a nawet bezwzgl\u0119dno\u015bci, jak to by\u0142o dawniej. Dzisiaj stosunki mi\u0119dzy rodzicami a dzie\u0107mi uk\u0142adaj\u0105 si\u0119 coraz cz\u0119\u015bciej na p\u0142aszczy\u017anie kontakt\u00f3w przyjacielskich. Istnieje ogromna swoboda w tych relacjach, kiedy\u015b nie do pomy\u015blenia.<br \/>\nZadanie matki to ci\u0105g\u0142a ofiara ze swojego czasu i odpoczynku, ofiara z wielu przyjemno\u015bci \u017cycia, by by\u0107 najbli\u017cej swych pociech i czuwa\u0107 nad nimi. I tak biegn\u0105 lata, dzieci dorastaj\u0105, a matka drepce za nimi cicha, o wiecznie zatroskanych oczach, kt\u00f3re \u017cycie okrad\u0142o nieraz z u\u015bmiech\u00f3w. Cz\u0119sto u\u015bmiechami obdarzamy przyjaci\u00f3\u0142, znajomych, a dla matki zostaje u\u015bmiech jaki\u015b wymuszony. Dzielimy swoje serce na drobne dla innych, a przed matk\u0105 chowamy je g\u0142\u0119boko. Zapominamy o jej prawie do naszego serca. Niech obchodzony corocznie 26 maja Dzie\u0144 Matki b\u0119dzie dla wielu dniem refleksji i zastanowienia si\u0119, jacy jeste\u015bmy na co dzie\u0144 dla swoich, kochaj\u0105cych nas matek.<br \/>\nWszystkim Matkom, tym m\u0142odym i tym starszym, \u017cyczymy, by mia\u0142y w sobie do\u015b\u0107 si\u0142y i obfito\u015b\u0107 serca dla swych dzieci, by si\u0142\u0119 t\u0119 czerpa\u0142y z serca Bogurodzicy Maryi i do Niej si\u0119 ucieka\u0142y w trudnych chwilach, gdy burza zacznie zagra\u017ca\u0107 domowemu ognisku.<\/p>\n<p>Jan Uryga<\/p>\n","protected":false},"excerpt":{"rendered":"<p>Matka &#8211; pierwsza osoba, kt\u00f3r\u0105 spotykamy na drodze naszego \u017cycia. Od samego pocz\u0105tku zatroskana o nasze istnienie, o nasz\u0105 przysz\u0142o\u015b\u0107. Zawsze razem &#8211; Matka i dziecko. Ona &#8211; pe\u0142na niepokoju i l\u0119ku, pe\u0142na ciep\u0142a i serdecznych gest\u00f3w, oddana bez reszty swemu wielkiemu skarbowi, daj\u0105c mu swoj\u0105 mi\u0142o\u015b\u0107, czas, si\u0142\u0119 i serce. Musi dzieckiem kierowa\u0107 tak, by dla nikogo nie by\u0142o przyczyn\u0105 \u0142ez. Matka musi mie\u0107 uczucia serdeczne, stawa\u0107 si\u0119 anio\u0142em dobroci i odznacza\u0107 si\u0119 cnotami, by dziecku da\u0107 przyk\u0142ad, jak ma i\u015b\u0107 przez \u017cycie. Dziecko to cz\u0142owiek maj\u0105cy woln\u0105 wol\u0119, kt\u00f3r\u0105 mo\u017ce utraci\u0107, je\u017celi rodzice nie potrafi\u0105 do niego trafi\u0107 w procesie wychowawczym, je\u017celi nie b\u0119d\u0105 w stanie ukszta\u0142towa\u0107 jego charakteru. Uczucie matki do dziecka powinno by\u0107 regulowane pewnymi zasadami: st\u0105d &#8211; dot\u0105d. Niech dziecko wie, co wolno, a czego nie wolno. Wychowanie musi i\u015b\u0107 w parze z pewnym hartowaniem osobowo\u015bci. Dziecko musi oswoi\u0107 si\u0119 z tym, \u017ce nie wszystko&hellip;<\/p>\n<p> <a class=\"more-link\" href=\"http:\/\/www.franciszek-walcz.pl\/?p=1943\">Czytaj dalej<\/a><\/p>\n","protected":false},"author":1,"featured_media":0,"comment_status":"open","ping_status":"open","sticky":false,"template":"","format":"standard","meta":{"footnotes":""},"categories":[5],"tags":[],"class_list":{"0":"post-1943","1":"post","2":"type-post","3":"status-publish","4":"format-standard","6":"category-artykuly"},"brizy_media":[],"_links":{"self":[{"href":"http:\/\/www.franciszek-walcz.pl\/index.php?rest_route=\/wp\/v2\/posts\/1943","targetHints":{"allow":["GET"]}}],"collection":[{"href":"http:\/\/www.franciszek-walcz.pl\/index.php?rest_route=\/wp\/v2\/posts"}],"about":[{"href":"http:\/\/www.franciszek-walcz.pl\/index.php?rest_route=\/wp\/v2\/types\/post"}],"author":[{"embeddable":true,"href":"http:\/\/www.franciszek-walcz.pl\/index.php?rest_route=\/wp\/v2\/users\/1"}],"replies":[{"embeddable":true,"href":"http:\/\/www.franciszek-walcz.pl\/index.php?rest_route=%2Fwp%2Fv2%2Fcomments&post=1943"}],"version-history":[{"count":1,"href":"http:\/\/www.franciszek-walcz.pl\/index.php?rest_route=\/wp\/v2\/posts\/1943\/revisions"}],"predecessor-version":[{"id":1944,"href":"http:\/\/www.franciszek-walcz.pl\/index.php?rest_route=\/wp\/v2\/posts\/1943\/revisions\/1944"}],"wp:attachment":[{"href":"http:\/\/www.franciszek-walcz.pl\/index.php?rest_route=%2Fwp%2Fv2%2Fmedia&parent=1943"}],"wp:term":[{"taxonomy":"category","embeddable":true,"href":"http:\/\/www.franciszek-walcz.pl\/index.php?rest_route=%2Fwp%2Fv2%2Fcategories&post=1943"},{"taxonomy":"post_tag","embeddable":true,"href":"http:\/\/www.franciszek-walcz.pl\/index.php?rest_route=%2Fwp%2Fv2%2Ftags&post=1943"}],"curies":[{"name":"wp","href":"https:\/\/api.w.org\/{rel}","templated":true}]}}