{"id":1951,"date":"2018-05-29T12:39:24","date_gmt":"2018-05-29T10:39:24","guid":{"rendered":"http:\/\/www.franciszek-walcz.pl\/?p=1951"},"modified":"2018-05-29T12:39:24","modified_gmt":"2018-05-29T10:39:24","slug":"pamiatka","status":"publish","type":"post","link":"http:\/\/www.franciszek-walcz.pl\/?p=1951","title":{"rendered":"Pami\u0105tka"},"content":{"rendered":"<p>Ludzie, kt\u00f3rych \u0142\u0105czy prawdziwa mi\u0142o\u015b\u0107, w\u00a0momencie rozstania zastanawiaj\u0105 si\u0119, jak\u0105 pozostawi\u0107 po sobie pami\u0105tk\u0119, aby osoba kochana wiedzia\u0142a, \u017ce istnieje kto\u015b, kto pami\u0119ta, kto my\u015bli, kto mimo nieobecno\u015bci kocha.<\/p>\n<p>Wiemy, \u017ce ludzie ci najch\u0119tniej nie rozstawaliby si\u0119 nigdy, bo chc\u0105 by\u0107 blisko siebie, chc\u0105 dzieli\u0107 swoje szcz\u0119\u015bcie i\u00a0nieszcz\u0119\u015bcie, chc\u0105 sobie wzajemnie pomaga\u0107, ubogaca\u0107 si\u0119, a\u00a0do tego potrzebny jest bliski kontakt, potrzebne jest spotkanie, obecno\u015b\u0107. Takie jest prawo mi\u0142o\u015bci.<\/p>\n<p>Pan Jezus bardzo kocha\u0142 Aposto\u0142\u00f3w, musia\u0142 jednak wraca\u0107 do Ojca. Nie m\u00f3g\u0142 ju\u017c d\u0142u\u017cej pozosta\u0107 na ziemi. Odchodz\u0105c chcia\u0142 jednak tym, kt\u00f3rych kocha\u0142, zostawi\u0107 pami\u0105tk\u0119. Jako B\u00f3g by\u0142 w o\u00a0wiele szcz\u0119\u015bliwszej sytuacji ni\u017c my wszyscy. M\u00f3g\u0142 znale\u017a\u0107 jaki\u015b inny spos\u00f3b pozostania z\u00a0tymi, kt\u00f3rych kocha\u0142. I\u00a0oczywi\u015bcie, jak ka\u017cdy z\u00a0nas na Jego miejscu, Chrystus z\u00a0tego prawa skorzysta\u0142. Dla tych, kt\u00f3rych ukocha\u0142, pozostawi\u0142 pami\u0105tk\u0119, a\u00a0jest ni\u0105 On sam.<\/p>\n<p>Dziwn\u0105 przyj\u0105\u0142 posta\u0107 \u2014 sta\u0142 si\u0119 Chlebem. To zrozumia\u0142e, chcia\u0142 by\u0107 tak blisko, jak to jest tylko mo\u017cliwe. Chcia\u0142 by\u0107 na co dzie\u0144, jak pokarm. Chcia\u0142 by\u0107 potrzebny jak chleb.<\/p>\n<p>Eucharysti\u0119 mo\u017cna zrozumie\u0107 tylko jako gest mi\u0142o\u015bci. Tak\u0105 pami\u0105tk\u0119 m\u00f3g\u0142 wymy\u015bli\u0107 tylko B\u00f3g, i\u00a0to B\u00f3g, kt\u00f3ry ukocha\u0142 cz\u0142owieka mi\u0142o\u015bci\u0105 ponad wszelk\u0105 miar\u0119.<\/p>\n<p>Wspominamy dzisiaj dzie\u0144 naszej pierwszej Komunii \u015bwi\u0119tej. Wspomnijmy wszystkie nast\u0119pne Komunie \u015bwi\u0119te i\u00a0spr\u00f3bujmy za nie podzi\u0119kowa\u0107 Chrystusowi. Wspomnijmy Wieczernik i\u00a0wszystkie Komunie \u015bwi\u0119te, rozdane na ca\u0142ej kuli ziemskiej od tamtego momentu, a\u017c do tej chwili. Dzi\u015b, w\u00a0uroczysto\u015b\u0107 Bo\u017cego Cia\u0142a, podzi\u0119kujmy Bogu za Jego wprost niepoj\u0119t\u0105 mi\u0142o\u015b\u0107 do nas, za mi\u0142o\u015b\u0107, kt\u00f3ra sta\u0142a si\u0119 chlebem.<\/p>\n<p><em>Ks. Edward Staniek<\/em><\/p>\n","protected":false},"excerpt":{"rendered":"<p>Ludzie, kt\u00f3rych \u0142\u0105czy prawdziwa mi\u0142o\u015b\u0107, w\u00a0momencie rozstania zastanawiaj\u0105 si\u0119, jak\u0105 pozostawi\u0107 po sobie pami\u0105tk\u0119, aby osoba kochana wiedzia\u0142a, \u017ce istnieje kto\u015b, kto pami\u0119ta, kto my\u015bli, kto mimo nieobecno\u015bci kocha. Wiemy, \u017ce ludzie ci najch\u0119tniej nie rozstawaliby si\u0119 nigdy, bo chc\u0105 by\u0107 blisko siebie, chc\u0105 dzieli\u0107 swoje szcz\u0119\u015bcie i\u00a0nieszcz\u0119\u015bcie, chc\u0105 sobie wzajemnie pomaga\u0107, ubogaca\u0107 si\u0119, a\u00a0do tego potrzebny jest bliski kontakt, potrzebne jest spotkanie, obecno\u015b\u0107. Takie jest prawo mi\u0142o\u015bci. Pan Jezus bardzo kocha\u0142 Aposto\u0142\u00f3w, musia\u0142 jednak wraca\u0107 do Ojca. Nie m\u00f3g\u0142 ju\u017c d\u0142u\u017cej pozosta\u0107 na ziemi. Odchodz\u0105c chcia\u0142 jednak tym, kt\u00f3rych kocha\u0142, zostawi\u0107 pami\u0105tk\u0119. Jako B\u00f3g by\u0142 w o\u00a0wiele szcz\u0119\u015bliwszej sytuacji ni\u017c my wszyscy. M\u00f3g\u0142 znale\u017a\u0107 jaki\u015b inny spos\u00f3b pozostania z\u00a0tymi, kt\u00f3rych kocha\u0142. I\u00a0oczywi\u015bcie, jak ka\u017cdy z\u00a0nas na Jego miejscu, Chrystus z\u00a0tego prawa skorzysta\u0142. Dla tych, kt\u00f3rych ukocha\u0142, pozostawi\u0142 pami\u0105tk\u0119, a\u00a0jest ni\u0105 On sam. Dziwn\u0105 przyj\u0105\u0142 posta\u0107 \u2014 sta\u0142 si\u0119 Chlebem. To zrozumia\u0142e, chcia\u0142 by\u0107 tak blisko, jak to jest tylko&hellip;<\/p>\n<p> <a class=\"more-link\" href=\"http:\/\/www.franciszek-walcz.pl\/?p=1951\">Czytaj dalej<\/a><\/p>\n","protected":false},"author":1,"featured_media":0,"comment_status":"open","ping_status":"open","sticky":false,"template":"","format":"standard","meta":{"footnotes":""},"categories":[5],"tags":[],"class_list":{"0":"post-1951","1":"post","2":"type-post","3":"status-publish","4":"format-standard","6":"category-artykuly"},"brizy_media":[],"_links":{"self":[{"href":"http:\/\/www.franciszek-walcz.pl\/index.php?rest_route=\/wp\/v2\/posts\/1951","targetHints":{"allow":["GET"]}}],"collection":[{"href":"http:\/\/www.franciszek-walcz.pl\/index.php?rest_route=\/wp\/v2\/posts"}],"about":[{"href":"http:\/\/www.franciszek-walcz.pl\/index.php?rest_route=\/wp\/v2\/types\/post"}],"author":[{"embeddable":true,"href":"http:\/\/www.franciszek-walcz.pl\/index.php?rest_route=\/wp\/v2\/users\/1"}],"replies":[{"embeddable":true,"href":"http:\/\/www.franciszek-walcz.pl\/index.php?rest_route=%2Fwp%2Fv2%2Fcomments&post=1951"}],"version-history":[{"count":1,"href":"http:\/\/www.franciszek-walcz.pl\/index.php?rest_route=\/wp\/v2\/posts\/1951\/revisions"}],"predecessor-version":[{"id":1952,"href":"http:\/\/www.franciszek-walcz.pl\/index.php?rest_route=\/wp\/v2\/posts\/1951\/revisions\/1952"}],"wp:attachment":[{"href":"http:\/\/www.franciszek-walcz.pl\/index.php?rest_route=%2Fwp%2Fv2%2Fmedia&parent=1951"}],"wp:term":[{"taxonomy":"category","embeddable":true,"href":"http:\/\/www.franciszek-walcz.pl\/index.php?rest_route=%2Fwp%2Fv2%2Fcategories&post=1951"},{"taxonomy":"post_tag","embeddable":true,"href":"http:\/\/www.franciszek-walcz.pl\/index.php?rest_route=%2Fwp%2Fv2%2Ftags&post=1951"}],"curies":[{"name":"wp","href":"https:\/\/api.w.org\/{rel}","templated":true}]}}