{"id":19514,"date":"2022-03-24T21:07:23","date_gmt":"2022-03-24T20:07:23","guid":{"rendered":"http:\/\/www.franciszek-walcz.pl\/?p=19514"},"modified":"2022-03-24T21:11:03","modified_gmt":"2022-03-24T20:11:03","slug":"rekolekcje-wielkopostne","status":"publish","type":"post","link":"http:\/\/www.franciszek-walcz.pl\/?p=19514","title":{"rendered":"Rekolekcje Wielkopostne"},"content":{"rendered":"<p><span style=\"color: #ff6600;\"><u><strong>NIEDZIELA<\/strong><\/u> <u><strong>27.03.2022<\/strong><\/u><\/span><\/p>\n<p><strong>8.30<\/strong> &#8211; <strong>GORZKIE \u017bALE<\/strong>\/ z wystawieniem Naj\u015bw. Sakr. \/<\/p>\n<p><strong>9.00<\/strong> &#8211; <strong>MSZA \u015aW. Z NAUK\u0104 OG\u00d3LN\u0104<\/strong><\/p>\n<p><strong>10.30<\/strong> &#8211; <strong>MSZA \u015aW.<\/strong> <strong>Z NAUK\u0104 OG\u00d3LN\u0104<\/strong><\/p>\n<p><span style=\"color: #ff6600;\"><u><strong>PONIEDZIA\u0141EK<\/strong><\/u><u><strong> 28.03.2022<\/strong><\/u><\/span><\/p>\n<p><strong>17.00<\/strong> &#8211; <strong>SPOWIED\u0179<\/strong><strong> SAKRAMENT POKUTY<\/strong><\/p>\n<p><strong>18.00<\/strong> &#8211; <strong>MSZA \u015aWI\u0118TA Z NAUK\u0104 OG\u00d3LN\u0104<\/strong><\/p>\n<p><span style=\"color: #ff6600;\"><u><strong>WTOREK<\/strong><\/u> <u><strong>29.03.2022<\/strong><\/u><\/span><\/p>\n<p><strong>17.30<\/strong> &#8211; <strong> DROGA KRZY\u017bOWA<\/strong><\/p>\n<p><strong>18.00<\/strong> &#8211; <strong>MSZA \u015aWI\u0118TA Z NAUK\u0104 OG\u00d3LN\u0104<\/strong><\/p>\n<p><span style=\"color: #ff6600;\"><u><strong>\u015aRODA<\/strong><\/u><u><strong> 30.03.2022<\/strong><\/u><\/span><\/p>\n<p><strong>18.00<\/strong> &#8211; <strong>MSZA \u015aWI\u0118TA Z NAUK\u0104 OG\u00d3LN\u0104 ORAZ<\/strong> B\u0141OGOS\u0141AWIE\u0143STWEM KO\u0143CZ\u0104CYM REKOLEKCJE<\/p>\n","protected":false},"excerpt":{"rendered":"<p>NIEDZIELA 27.03.2022 8.30 &#8211; GORZKIE \u017bALE\/ z wystawieniem Naj\u015bw. Sakr. \/ 9.00 &#8211; MSZA \u015aW. Z NAUK\u0104 OG\u00d3LN\u0104 10.30 &#8211; MSZA \u015aW. Z NAUK\u0104 OG\u00d3LN\u0104 PONIEDZIA\u0141EK 28.03.2022 17.00 &#8211; SPOWIED\u0179 SAKRAMENT POKUTY 18.00 &#8211; MSZA \u015aWI\u0118TA Z NAUK\u0104 OG\u00d3LN\u0104 WTOREK 29.03.2022 17.30 &#8211; DROGA KRZY\u017bOWA 18.00 &#8211; MSZA \u015aWI\u0118TA Z NAUK\u0104 OG\u00d3LN\u0104 \u015aRODA 30.03.2022 18.00 &#8211; MSZA \u015aWI\u0118TA Z NAUK\u0104 OG\u00d3LN\u0104 ORAZ B\u0141OGOS\u0141AWIE\u0143STWEM KO\u0143CZ\u0104CYM REKOLEKCJE<\/p>\n","protected":false},"author":1,"featured_media":0,"comment_status":"closed","ping_status":"closed","sticky":false,"template":"","format":"standard","meta":{"footnotes":""},"categories":[1],"tags":[],"class_list":{"0":"post-19514","1":"post","2":"type-post","3":"status-publish","4":"format-standard","6":"category-uncategorized"},"brizy_media":[],"_links":{"self":[{"href":"http:\/\/www.franciszek-walcz.pl\/index.php?rest_route=\/wp\/v2\/posts\/19514","targetHints":{"allow":["GET"]}}],"collection":[{"href":"http:\/\/www.franciszek-walcz.pl\/index.php?rest_route=\/wp\/v2\/posts"}],"about":[{"href":"http:\/\/www.franciszek-walcz.pl\/index.php?rest_route=\/wp\/v2\/types\/post"}],"author":[{"embeddable":true,"href":"http:\/\/www.franciszek-walcz.pl\/index.php?rest_route=\/wp\/v2\/users\/1"}],"replies":[{"embeddable":true,"href":"http:\/\/www.franciszek-walcz.pl\/index.php?rest_route=%2Fwp%2Fv2%2Fcomments&post=19514"}],"version-history":[{"count":2,"href":"http:\/\/www.franciszek-walcz.pl\/index.php?rest_route=\/wp\/v2\/posts\/19514\/revisions"}],"predecessor-version":[{"id":19516,"href":"http:\/\/www.franciszek-walcz.pl\/index.php?rest_route=\/wp\/v2\/posts\/19514\/revisions\/19516"}],"wp:attachment":[{"href":"http:\/\/www.franciszek-walcz.pl\/index.php?rest_route=%2Fwp%2Fv2%2Fmedia&parent=19514"}],"wp:term":[{"taxonomy":"category","embeddable":true,"href":"http:\/\/www.franciszek-walcz.pl\/index.php?rest_route=%2Fwp%2Fv2%2Fcategories&post=19514"},{"taxonomy":"post_tag","embeddable":true,"href":"http:\/\/www.franciszek-walcz.pl\/index.php?rest_route=%2Fwp%2Fv2%2Ftags&post=19514"}],"curies":[{"name":"wp","href":"https:\/\/api.w.org\/{rel}","templated":true}]}}