{"id":19520,"date":"2022-03-24T21:14:44","date_gmt":"2022-03-24T20:14:44","guid":{"rendered":"http:\/\/www.franciszek-walcz.pl\/?p=19520"},"modified":"2022-03-24T21:14:44","modified_gmt":"2022-03-24T20:14:44","slug":"uroczystosc-zwiastowania-panskiego","status":"publish","type":"post","link":"http:\/\/www.franciszek-walcz.pl\/?p=19520","title":{"rendered":"Uroczysto\u015b\u0107 Zwiastowania Pa\u0144skiego"},"content":{"rendered":"<p>\u201eAnio\u0142 Pa\u0144ski zwiastowa\u0142 Pannie Maryi\u201d \u2013 to s\u0142owa modlitwy, do kt\u00f3rej wzywa nas codziennie bicie dzwon\u00f3w na wie\u017cy ko\u015bcio\u0142a. Dzi\u015b liturgia zatrzymuje nasz\u0105 uwag\u0119 przy wydarzeniu, kt\u00f3rego otoczenie zauwa\u017cy\u0107 nie mog\u0142o, a kt\u00f3re sta\u0142o si\u0119 kluczowe dla historii zbawienia. Ludzko\u015b\u0107 udr\u0119czona w\u0142asnym grzechem z t\u0119sknot\u0105 wyczekiwa\u0142a Mesjasza \u2013 Zbawiciela. B\u00f3g odpowiada na to pragnienie ludu przymierza poprzez proroka Izajasza \u2013 \u201e<em>Dlatego Pan sam da wam znak: Oto Panna pocznie i porodzi syna, i nazwie go imieniem Emmanuel, albowiem B\u00f3g z nami\u201d.\u00a0<\/em>I w\u0142a\u015bnie s\u0142yszymy w dzisiejszej Ewangelii o wydarzeniach, kt\u00f3re s\u0105 wype\u0142nieniem Bo\u017cej obietnicy: Oto poczniesz i porodzisz Syna\u201d.<\/p>\n<p>Jest tylko pewna przeszkoda, na kt\u00f3r\u0105 wskazuje sama Maryja: \u201e<em>Jak\u017ce si\u0119 to stanie skoro nie znam m\u0119\u017ca?\u201d.\u00a0<\/em>Przeszkoda, jak s\u0142usznie zauwa\u017ca Maryja, po ludzku niepokonalna. Ale anio\u0142 potwierdzaj\u0105c racj\u0119 Maryi r\u00f3wnocze\u015bnie m\u00f3wi, \u017ce \u201e<em>dla Boga [\u2026] nie ma nic niemo\u017cliwego\u201d.\u00a0<\/em>To, co si\u0119 dokona, b\u0119dzie dzie\u0142em Ducha \u015awi\u0119tego.<\/p>\n<p>\u201e<em>Oto ja, s\u0142u\u017cebnica Pa\u0144ska \u2013 niech mi si\u0119 stanie wed\u0142ug s\u0142owa twego\u201d.\u00a0<\/em>Maryja \u015bwiadomie s\u0142ucha Bo\u017cego pos\u0142a\u0144ca. Prosta kobieta z narodu izraelskiego, ludu obietnicy otwiera swoje serce na s\u0142owo Bo\u017ce. Przyjmuje je z ca\u0142kowitym oddaniem. I czyni to jako osoba w pe\u0142ni wolna, w spos\u00f3b ca\u0142kowicie wolny i \u015bwiadomy przyj\u0119cia wszystkich konsekwencji wyboru: \u201e\/\u00a0<em>pocz\u0119\u0142a z Ducha \u015awi\u0119tego\u201d.\u00a0<\/em>W ten spos\u00f3b objawiaj\u0105c ca\u0142ej ludzko\u015bci, wszystkim pokoleniom, jakie skutki rodzi wolne przyj\u0119cie s\u0142owa Bo\u017cego przez cz\u0142owieka. Ta zwi\u0119z\u0142a odpowied\u017a Maryi to s\u0142owa, kt\u00f3re odwr\u00f3ci\u0142y bieg historii.<\/p>\n<p>Na p\u00f3\u0142kach ksi\u0119garskich le\u017c\u0105 ksi\u0105\u017ceczki i opas\u0142e tomy z imionami ludzi, kt\u00f3rzy ukszta\u0142towali bieg historii. Niekiedy trafia si\u0119 w spisie tre\u015bci Jezus z Nazaretu, rzadko \u015bw. Pawe\u0142. A przecie\u017c pierwsze miejsce w\u015br\u00f3d ludzi zajmuje pokorna s\u0142u\u017cebnica Pa\u0144ska.<\/p>\n<p>Jej wolny, \u015bwiadomy wyb\u00f3r nieznanej przysz\u0142o\u015bci, ale z ufno\u015bci\u0105, \u017ce u Boga wszystko jest mo\u017cliwe, otwiera nowy rozdzia\u0142 historii ludzko\u015bci. Czyn Ewy chc\u0105cej osi\u0105gn\u0105\u0107 wiedz\u0119 r\u00f3wn\u0105 Bogu, zostaje przezwyci\u0119\u017cony decyzj\u0105 Maryi sk\u0142adaj\u0105cej sw\u00f3j los w r\u0119ce Wszechmog\u0105cego. A przecie\u017c ju\u017c wkr\u00f3tce decyzja jej dozna niezrozumienia nawet ze strony najbli\u017cszego jej prawego J\u00f3zefa.<\/p>\n<p>Dlaczego dzieci Ko\u015bcio\u0142a tak ch\u0119tnie odmawiaj\u0105 t\u0119 modlitw\u0119? Co oznacza dla mnie g\u0142os anio\u0142a, kt\u00f3ry pozdrawia Maryj\u0119: \u201eJeste\u015b pe\u0142na \u0142aski\u201d, \u201ePan jest z Tob\u0105\u201d? Przecie\u017c czuj\u0119 w swej naturze stale cie\u0144 rajskiej decyzji Ewy. Decyzja Nowej Ewy przywraca mi wolno\u015b\u0107, otwiera drog\u0119 do zaufania Bogu. Jest to modlitwa wychwalaj\u0105ca Boga za dar \u017cycia. Dlatego dzi\u015b obchodzimy tak\u017ce Dzie\u0144 \u017cycia \u2013 dzie\u0144 opowiedzenia si\u0119 za \u017cyciem, tym niezwyk\u0142ym darem uczestnictwa w Stw\u00f3rczej mocy Boga.<\/p>\n<p>Czy mog\u0119 za Ni\u0105 z wiar\u0105 powt\u00f3rzy\u0107 te s\u0142owa, z wiar\u0105 chwali\u0107 Boga, kt\u00f3ry wybra\u0142 Maryj\u0119 na matk\u0119 Boga? A skoro Maryja jest wybrana spo\u015br\u00f3d wszystkich ludzi, skoro jest Niepokalana, to staje si\u0119 dla mnie wzorem.<\/p>\n<p>\u201eI pocz\u0119\u0142a z Ducha \u015awi\u0119tego\u201d.<\/p>\n<p>To w dniu Zwiastowania rozpocz\u0119\u0142o wype\u0142nianie si\u0119 Tajemnicy Wcielenia. Jej zgoda, jej akceptacja staje si\u0119 dla nas szko\u0142\u0105 \u017cycia chrze\u015bcija\u0144skiego \u2013 \u017cycia ze s\u0142uchania s\u0142owa Bo\u017cego i wype\u0142niania go. Stajemy przed jej wizerunkiem obecnym w ka\u017cdym domu \u2013 bo ci\u0105gle t\u0119sknimy za na\u015bladowaniem jej \u201etak\u201d. Tak jak Ewa pragn\u0105c ub\u00f3stwi\u0107 siebie swoim \u201enie\u201d wypowiedzianym Bogu oddali\u0142a si\u0119 od Niego, tak Maryja swoim \u201etak\u201d wprowadza nas na drog\u0119 pos\u0142usze\u0144stwa, drog\u0119 wyzwalaj\u0105c\u0105 nasz\u0105 ludzk\u0105 natur\u0119 z niewoli grzechu.<\/p>\n<p>Wcze\u015bniej, b\u0105d\u017a p\u00f3\u017aniej; o \u015bwicie, albo o zmierzchu; w rozta\u0144czeniu, albo w ekstazie \u2013 przyjdzie Pan. Przyjdzie do niedowiarka i do wierz\u0105cego. Przyjdzie i rozja\u015bni to, co zakryte, i tchnie nadzieje tam, gdzie jej ju\u017c mo\u017ce dawno nie by\u0142o.<\/p>\n<p>Jest cichy, pokorny, spokojny. I pewnie te\u017c dlatego na wst\u0119pie powie: \u201eNie l\u0119kaj si\u0119\u201d. Pewnie te\u017c dlatego tak cz\u0119sto b\u0119dzie powtarza\u0142, te w\u0142a\u015bnie s\u0142owa do Piotra i Marii Magdaleny, przed i po zmartwychwstaniu. Dziwne, \u017ce w\u0142a\u015bnie owo wezwanie: \u201eNie l\u0119kaj si\u0119\u201d zepnie klamr\u0105 ca\u0142e pos\u0142anie Mesjasza.<\/p>\n<p>Tak \u2013 przychodzi B\u00f3g, jako Ten, \u201ekt\u00f3ry nie \u0142amie trzciny nad\u0142amanej, kt\u00f3ry nie gasi knotka o nik\u0142ym p\u0142omieniu\u201d. Przyjdzie i powie: Znalaz\u0142e\u015b \u0142ask\u0119 u Boga. On daje \u0142ask\u0119 zawsze, ka\u017cdemu; bez wzgl\u0119du na to, kto kim jest, i co ze sob\u0105 przynosi. Powie ka\u017cdemu: Przesta\u0144 si\u0119 l\u0119ka\u0107, bo w\u0142a\u015bnie znalaz\u0142e\u015b \u0142ask\u0119.<\/p>\n<p>A wi\u0119c przesta\u0144 si\u0119 szarpa\u0107, a wi\u0119c przesta\u0144 si\u0119 niepokoi\u0107, bo przecie\u017c nawet, gdyby uczynili zamach na twoje cia\u0142o, to duszy zabra\u0107 nie mog\u0105.<\/p>\n<p>Przyjdzie, jako Ten, kt\u00f3ry powierzy ci Siebie. I pewnie dlatego m\u00f3wi: \u201ePoczniesz i porodzisz&#8230;\u201d. Zdumiewaj\u0105ce. B\u00f3g powierza si\u0119 cz\u0142owiekowi. B\u00f3g oddaje si\u0119 w r\u0119ce cz\u0142owieka \u2013 tak, jak rzecz; tak, jak co\u015b, co mog\u0119 ze sob\u0105 zabra\u0107 i ponie\u015b\u0107 daleko.<\/p>\n<p>I wcale nie potrzeba Mu wielkich s\u0142\u00f3w, ani wielkich deklaracji; raczej trzeba tylko serca prostego, czystego; raczej potrzeba Mu tylko u\u015bmiechu i dobrego s\u0142owa.<\/p>\n<p>I tak oto zamieszkuje B\u00f3g w ludzkich sercach. I to chyba w\u0142a\u015bnie dlatego m\u00f3wi przy Zwiastowaniu: \u201eB\u00f3g z nami\u201d \u2013 \u201eEmmanuel\u201d. Ten, kt\u00f3ry si\u0119 powierzy\u0142 cz\u0142owiekowi, od cz\u0142owieka nie odchodzi. B\u00f3g z nami, wbrew wszystkiemu i wbrew wszystkim, kt\u00f3rzy si\u0119 potrafi\u0105 ci\u0105gle, cynicznie u\u015bmiecha\u0107, i kt\u00f3rym si\u0119 wydaje, \u017ce rusz\u0105 z posad bry\u0142\u0119 tego \u015bwiata.<\/p>\n<p>B\u00f3g jest z nami. Emmanuel. I kt\u00f3\u017c przeciw nam? I kto nas mo\u017ce od\u0142\u0105czy\u0107 od mi\u0142o\u015bci Jezusa Chrystusa?<\/p>\n<p>\u201eJak si\u0119 to stanie?\u201d \u2013 pytam ja, cz\u0142owiek s\u0142aby, cz\u0142owiek tak cz\u0119sto si\u0119 potykaj\u0105cy, zanurzony w tym wiecznym, ci\u0105g\u0142ym upadaniu. A On m\u00f3wi: Duch przyjdzie, zst\u0105pi na ciebie. Bo ka\u017cdy, kto zosta\u0142 dotkni\u0119ty przez Boga, ten te\u017c jest otoczony Jego mi\u0142o\u015bci\u0105, i temu przecie\u017c ju\u017c nic sta\u0107 si\u0119 nie mo\u017ce.<\/p>\n<p>\u201eFiat\u201d \u2013 niech si\u0119 tak stanie; niech tak b\u0119dzie, \u017ce B\u00f3g zacznie mieszka\u0107 w moim sercu. Niech si\u0119 tak stanie, \u017ce serce zostanie przepe\u0142nione nadziej\u0105, przeogromn\u0105 nadziej\u0105; tak\u0105, kt\u00f3rej nie wyma\u017c\u0105 \u017cadne pot\u0119gi tego \u015bwiata.<\/p>\n<p>\u201eFiat\u201d \u2013 niech si\u0119 tak stanie. \u201ePanie, do kog\u00f3\u017c p\u00f3jdziemy? Ty masz s\u0142owa \u017cycia wiecznego\u201d.<\/p>\n<p>Takie jest to Zwiastowanie Roku Pa\u0144skiego 2012. Oto przyszed\u0142 Mesjasz do naszych serc. &#8230; w zwoju ksi\u0119gi napisano&#8230;., abym spe\u0142nia\u0142 wole Twoj\u0105, Bo\u017ce\u201d. Oto id\u0119&#8230; Mo\u017ce niepozornie, mo\u017ce czasem upadaj\u0105c&#8230; i gdzie\u015b tam, na dnie serca powoli dochodzi go g\u0142osu wielkie wo\u0142anie: \u201eWielbi dusza moja Pana&#8230;\u201d. Niech si\u0119 stanie, w moim \u017cyciu, tu i teraz, Zwiastowanie Pa\u0144skie.<\/p>\n","protected":false},"excerpt":{"rendered":"<p>\u201eAnio\u0142 Pa\u0144ski zwiastowa\u0142 Pannie Maryi\u201d \u2013 to s\u0142owa modlitwy, do kt\u00f3rej wzywa nas codziennie bicie dzwon\u00f3w na wie\u017cy ko\u015bcio\u0142a. Dzi\u015b liturgia zatrzymuje nasz\u0105 uwag\u0119 przy wydarzeniu, kt\u00f3rego otoczenie zauwa\u017cy\u0107 nie mog\u0142o, a kt\u00f3re sta\u0142o si\u0119 kluczowe dla historii zbawienia. Ludzko\u015b\u0107 udr\u0119czona w\u0142asnym grzechem z t\u0119sknot\u0105 wyczekiwa\u0142a Mesjasza \u2013 Zbawiciela. B\u00f3g odpowiada na to pragnienie ludu przymierza poprzez proroka Izajasza \u2013 \u201eDlatego Pan sam da wam znak: Oto Panna pocznie i porodzi syna, i nazwie go imieniem Emmanuel, albowiem B\u00f3g z nami\u201d.\u00a0I w\u0142a\u015bnie s\u0142yszymy w dzisiejszej Ewangelii o wydarzeniach, kt\u00f3re s\u0105 wype\u0142nieniem Bo\u017cej obietnicy: Oto poczniesz i porodzisz Syna\u201d. Jest tylko pewna przeszkoda, na kt\u00f3r\u0105 wskazuje sama Maryja: \u201eJak\u017ce si\u0119 to stanie skoro nie znam m\u0119\u017ca?\u201d.\u00a0Przeszkoda, jak s\u0142usznie zauwa\u017ca Maryja, po ludzku niepokonalna. Ale anio\u0142 potwierdzaj\u0105c racj\u0119 Maryi r\u00f3wnocze\u015bnie m\u00f3wi, \u017ce \u201edla Boga [\u2026] nie ma nic niemo\u017cliwego\u201d.\u00a0To, co si\u0119 dokona, b\u0119dzie dzie\u0142em Ducha \u015awi\u0119tego. \u201eOto ja, s\u0142u\u017cebnica Pa\u0144ska \u2013 niech&hellip;<\/p>\n<p> <a class=\"more-link\" href=\"http:\/\/www.franciszek-walcz.pl\/?p=19520\">Czytaj dalej<\/a><\/p>\n","protected":false},"author":1,"featured_media":0,"comment_status":"closed","ping_status":"closed","sticky":false,"template":"","format":"standard","meta":{"footnotes":""},"categories":[5],"tags":[],"class_list":{"0":"post-19520","1":"post","2":"type-post","3":"status-publish","4":"format-standard","6":"category-artykuly"},"brizy_media":[],"_links":{"self":[{"href":"http:\/\/www.franciszek-walcz.pl\/index.php?rest_route=\/wp\/v2\/posts\/19520","targetHints":{"allow":["GET"]}}],"collection":[{"href":"http:\/\/www.franciszek-walcz.pl\/index.php?rest_route=\/wp\/v2\/posts"}],"about":[{"href":"http:\/\/www.franciszek-walcz.pl\/index.php?rest_route=\/wp\/v2\/types\/post"}],"author":[{"embeddable":true,"href":"http:\/\/www.franciszek-walcz.pl\/index.php?rest_route=\/wp\/v2\/users\/1"}],"replies":[{"embeddable":true,"href":"http:\/\/www.franciszek-walcz.pl\/index.php?rest_route=%2Fwp%2Fv2%2Fcomments&post=19520"}],"version-history":[{"count":1,"href":"http:\/\/www.franciszek-walcz.pl\/index.php?rest_route=\/wp\/v2\/posts\/19520\/revisions"}],"predecessor-version":[{"id":19521,"href":"http:\/\/www.franciszek-walcz.pl\/index.php?rest_route=\/wp\/v2\/posts\/19520\/revisions\/19521"}],"wp:attachment":[{"href":"http:\/\/www.franciszek-walcz.pl\/index.php?rest_route=%2Fwp%2Fv2%2Fmedia&parent=19520"}],"wp:term":[{"taxonomy":"category","embeddable":true,"href":"http:\/\/www.franciszek-walcz.pl\/index.php?rest_route=%2Fwp%2Fv2%2Fcategories&post=19520"},{"taxonomy":"post_tag","embeddable":true,"href":"http:\/\/www.franciszek-walcz.pl\/index.php?rest_route=%2Fwp%2Fv2%2Ftags&post=19520"}],"curies":[{"name":"wp","href":"https:\/\/api.w.org\/{rel}","templated":true}]}}