{"id":19639,"date":"2022-04-02T12:02:35","date_gmt":"2022-04-02T10:02:35","guid":{"rendered":"http:\/\/www.franciszek-walcz.pl\/?p=19639"},"modified":"2022-04-02T12:05:33","modified_gmt":"2022-04-02T10:05:33","slug":"v-niedziela-wielkiego-postu-i-zaslanianie-krzyzy","status":"publish","type":"post","link":"http:\/\/www.franciszek-walcz.pl\/?p=19639","title":{"rendered":"V niedziela Wielkiego Postu i zas\u0142anianie krzy\u017cy"},"content":{"rendered":"<p><strong>Zapraszamy do kr\u00f3tkiej refleksji na temat symboliki zwi\u0105zanej z V niedziel\u0105 Wielkiego Postu oraz z histori\u0105 zas\u0142aniania krzy\u017cy w naszych \u015bwi\u0105tyniach. Czy wiemy sk\u0105d wzi\u0105\u0142 si\u0119 ten zwyczaj i co oznacza?<\/strong><\/p>\n<p>V niedziela Wielkiego Postu wprowadza nas bardzo subtelnie w wymiar pasyjny tego okresu. Ju\u017c od poniedzia\u0142ku podczas Mszy \u015awi\u0119tych b\u0119dziemy si\u0119 modli\u0107 prefacj\u0105 o m\u0119ce Pa\u0144skiej. Natomiast w kolekcie (modlitwie przed czytaniami) V niedzieli kierujemy do Pana takie s\u0142owa: \u201eUdziel nam \u0142aski aby\u015bmy gorliwie na\u015bladowali mi\u0142o\u015b\u0107 Twojego Syna, kt\u00f3ry odda\u0142 w\u0142asne \u017cycie za zabawienie \u015bwiata\u201d.<\/p>\n<p>Wielki Post jest na\u015bladowaniem mi\u0142o\u015bci Chrystusa, gdy\u017c wyra\u017ca on w naszych postanowieniach mi\u0142o\u015b\u0107 do Boga, kt\u00f3rego chcemy uczci\u0107 przez wielkopostne praktyki oraz mi\u0142osierdzie wobec cz\u0142owieka, gdy\u017c jak m\u00f3wi\u0142 \u015bw. Augustyn, \u201eWstrzemi\u0119\u017aliwo\u015b\u0107 wasza niech b\u0119dzie pokarmem dla biednych\u201d. Czas Wielkiego Postu jest promocj\u0105 cz\u0142owiecze\u0144stwa, dyspozycyjno\u015bci\u0105 wobec bli\u017aniego.<\/p>\n<p>W V niedziel\u0119 Wielkiego Postu zwraca nasz\u0105 uwag\u0119 fakt, i\u017c nie widzimy krzy\u017ca \u2013 jest zas\u0142oni\u0119ty. Jednak Chrystus nas widzi, nawet je\u015bli jeste\u015bmy w ciemno\u015bciach podobnych do ciemno\u015bci grobu \u0141azarza, kt\u00f3rego wskrzesza Chrystus w Ewangelii.<\/p>\n<p>W liturgii utrwali\u0142 si\u0119 zwyczaj zas\u0142aniania krzy\u017cy w V niedziel\u0119 Wielkiego Postu. Ju\u017c w XI w. w wielu ko\u015bcio\u0142ach zas\u0142aniano ca\u0142e o\u0142tarze wielk\u0105 zas\u0142on\u0105 na czas przygotowania do \u015bwi\u0105t paschalnych. Zas\u0142ona by\u0142a symbolem \u017calu i pokuty, kt\u00f3rym cz\u0142owiek powinien si\u0119 odda\u0107, aby mu wolno by\u0142o znowu popatrze\u0107 na Boski majestat po okresie oczyszczenia.<\/p>\n<p>Natomiast w XIII w. pojawi\u0142 si\u0119 zwyczaj zas\u0142aniania krzy\u017cy na czas rozwa\u017cania m\u0119ki Pa\u0144skiej. Poniewa\u017c w \u015bredniowieczu krzy\u017ce by\u0142y wysadzane z\u0142otem i per\u0142ami, a Chrystus by\u0142 ukazywany jako Zwyci\u0119ski Zmartwychwsta\u0142y Pan, przys\u0142aniano je ze wzgl\u0119du na swego rodzaju post dla oczu.<\/p>\n<p>Dzi\u015b zas\u0142aniamy krzy\u017c by zat\u0119skni\u0107 za widokiem ukrzy\u017cowanego Pana. By w jakim\u015b stopniu zdystansowa\u0107 si\u0119 do widoku krzy\u017ca, aby na nowo na niego spojrze\u0107 w Wielki Pi\u0105tek, gdy zostanie ods\u0142oni\u0119ty na naszych oczach w obrz\u0119dzie adoracji krzy\u017ca. Dlatego ju\u017c dzi\u015b, maj\u0105c przed naszymi oczami zas\u0142oni\u0119ty krzy\u017c, zat\u0119sknijmy za obliczem naszego Pana, kt\u00f3ry chce si\u0119 nam na nowo ukaza\u0107 i w dzisiejszej liturgii i w kolejnych dniach Wielkiego Postu. Tak jak Chrystus Pan pozwoli\u0142 na nowo spojrze\u0107 na \u015bwiat wskrzeszonemu \u0141azarzowi, r\u00f3wnie\u017c my dzi\u0119ki \u017cyciu, kt\u00f3rego nam udziela B\u00f3g w \u015awi\u0119tej Liturgii, inaczej sp\u00f3jrzmy na otaczaj\u0105c\u0105 nas rzeczywisto\u015b\u0107.<\/p>\n<p>ks. <em>Marcin Dr\u0105g OFMConv<\/em><\/p>\n","protected":false},"excerpt":{"rendered":"<p>Zapraszamy do kr\u00f3tkiej refleksji na temat symboliki zwi\u0105zanej z V niedziel\u0105 Wielkiego Postu oraz z histori\u0105 zas\u0142aniania krzy\u017cy w naszych \u015bwi\u0105tyniach. Czy wiemy sk\u0105d wzi\u0105\u0142 si\u0119 ten zwyczaj i co oznacza? V niedziela Wielkiego Postu wprowadza nas bardzo subtelnie w wymiar pasyjny tego okresu. Ju\u017c od poniedzia\u0142ku podczas Mszy \u015awi\u0119tych b\u0119dziemy si\u0119 modli\u0107 prefacj\u0105 o m\u0119ce Pa\u0144skiej. Natomiast w kolekcie (modlitwie przed czytaniami) V niedzieli kierujemy do Pana takie s\u0142owa: \u201eUdziel nam \u0142aski aby\u015bmy gorliwie na\u015bladowali mi\u0142o\u015b\u0107 Twojego Syna, kt\u00f3ry odda\u0142 w\u0142asne \u017cycie za zabawienie \u015bwiata\u201d. Wielki Post jest na\u015bladowaniem mi\u0142o\u015bci Chrystusa, gdy\u017c wyra\u017ca on w naszych postanowieniach mi\u0142o\u015b\u0107 do Boga, kt\u00f3rego chcemy uczci\u0107 przez wielkopostne praktyki oraz mi\u0142osierdzie wobec cz\u0142owieka, gdy\u017c jak m\u00f3wi\u0142 \u015bw. Augustyn, \u201eWstrzemi\u0119\u017aliwo\u015b\u0107 wasza niech b\u0119dzie pokarmem dla biednych\u201d. Czas Wielkiego Postu jest promocj\u0105 cz\u0142owiecze\u0144stwa, dyspozycyjno\u015bci\u0105 wobec bli\u017aniego. W V niedziel\u0119 Wielkiego Postu zwraca nasz\u0105 uwag\u0119 fakt, i\u017c nie widzimy krzy\u017ca \u2013 jest zas\u0142oni\u0119ty. Jednak Chrystus&hellip;<\/p>\n<p> <a class=\"more-link\" href=\"http:\/\/www.franciszek-walcz.pl\/?p=19639\">Czytaj dalej<\/a><\/p>\n","protected":false},"author":1,"featured_media":0,"comment_status":"closed","ping_status":"closed","sticky":false,"template":"","format":"standard","meta":{"footnotes":""},"categories":[5],"tags":[],"class_list":{"0":"post-19639","1":"post","2":"type-post","3":"status-publish","4":"format-standard","6":"category-artykuly"},"brizy_media":[],"_links":{"self":[{"href":"http:\/\/www.franciszek-walcz.pl\/index.php?rest_route=\/wp\/v2\/posts\/19639","targetHints":{"allow":["GET"]}}],"collection":[{"href":"http:\/\/www.franciszek-walcz.pl\/index.php?rest_route=\/wp\/v2\/posts"}],"about":[{"href":"http:\/\/www.franciszek-walcz.pl\/index.php?rest_route=\/wp\/v2\/types\/post"}],"author":[{"embeddable":true,"href":"http:\/\/www.franciszek-walcz.pl\/index.php?rest_route=\/wp\/v2\/users\/1"}],"replies":[{"embeddable":true,"href":"http:\/\/www.franciszek-walcz.pl\/index.php?rest_route=%2Fwp%2Fv2%2Fcomments&post=19639"}],"version-history":[{"count":2,"href":"http:\/\/www.franciszek-walcz.pl\/index.php?rest_route=\/wp\/v2\/posts\/19639\/revisions"}],"predecessor-version":[{"id":19641,"href":"http:\/\/www.franciszek-walcz.pl\/index.php?rest_route=\/wp\/v2\/posts\/19639\/revisions\/19641"}],"wp:attachment":[{"href":"http:\/\/www.franciszek-walcz.pl\/index.php?rest_route=%2Fwp%2Fv2%2Fmedia&parent=19639"}],"wp:term":[{"taxonomy":"category","embeddable":true,"href":"http:\/\/www.franciszek-walcz.pl\/index.php?rest_route=%2Fwp%2Fv2%2Fcategories&post=19639"},{"taxonomy":"post_tag","embeddable":true,"href":"http:\/\/www.franciszek-walcz.pl\/index.php?rest_route=%2Fwp%2Fv2%2Ftags&post=19639"}],"curies":[{"name":"wp","href":"https:\/\/api.w.org\/{rel}","templated":true}]}}