{"id":20032,"date":"2022-04-16T13:26:33","date_gmt":"2022-04-16T11:26:33","guid":{"rendered":"http:\/\/www.franciszek-walcz.pl\/?p=20032"},"modified":"2022-04-16T14:19:45","modified_gmt":"2022-04-16T12:19:45","slug":"wielka-sobota-prawda-o-zmartwychwstaniu","status":"publish","type":"post","link":"http:\/\/www.franciszek-walcz.pl\/?p=20032","title":{"rendered":"Wielka Sobota &#8211; Prawda o Zmartwychwstaniu"},"content":{"rendered":"<p class=\"western\" align=\"left\"><span style=\"color: #ffffff;\"><span style=\"font-family: Times New Roman, serif;\"><span style=\"font-size: large;\">Cisza Wielkiej Soboty, w kt\u00f3rej jak gdyby wyra\u017ca si\u0119 zdumie\u00adnie natury nad spoczywaj\u0105cym w grobie Zbawicielem, przygoto\u00adwuje nas na wybuch rado\u015bci paschalnej, kt\u00f3ra osi\u0105ga szczyt w dzi\u00adsiejszej liturgii. Jest ona streszczeniem istoty chrze\u015bcija\u0144stwa. Wydarzenia, kt\u00f3re dokona\u0142y si\u0119 w Jerozolimie prawie dwa tysi\u0105ce lat temu, tej w\u0142a\u015bnie Nocy, da\u0142y podstaw\u0119 do okre\u015blenia jej mianem Wielkiej. Czterdzie\u015bci dni przygotowania paschalnego prowadzi\u0142o do prze\u017cycia tego w\u0142a\u015bnie \u015bwi\u0119ta. Misja Jezusa Chrystusa ukazuje si\u0119 w pe\u0142ni w perspektywie zdarzenia Wielkiej Nocy. Nasza \u017cyciowa pielgrzymka, jej rado\u015bci i trudy nabieraj\u0105 w\u0142a\u015bciwego znaczenia tylko wtedy, gdy spogl\u0105damy na nie w \u015bwietle Zmartwychwstania Chrystusa.<\/span><\/span><\/span><\/p>\n<p class=\"western\" align=\"left\"><span style=\"color: #ffffff;\"><span style=\"font-family: Times New Roman, serif;\"><span style=\"font-size: large;\">Staro\u017cytna tradycja chrze\u015bcija\u0144ska Noc t\u0119 okre\u015bla\u0142a mianem Wigilii, czyli czuwaniem. Aby podkre\u015bli\u0107 taki charakter spotkania, wierni przynosili \u015bwiece, kt\u00f3re zapalane od pascha\u0142u wyra\u017ca\u0142y postaw\u0119 oczekiwania na Pana, kt\u00f3ry zapowiedzia\u0142 powr\u00f3t w chwa\u00adle. Liturgia \u015bwiat\u0142a stanowi pierwsz\u0105 cz\u0119\u015b\u0107 obrz\u0119d\u00f3w Wigilii Pas\u00adchalnej. Po niej nast\u0119puje liturgia S\u0142owa, w tym dniu szczeg\u00f3lnie bogata, ukazuj\u0105ca wype\u0142nienie si\u0119 obietnic Boga w historii Jego spotka\u0144 ze swoim ludem: od stworzenia \u015bwiata, poprzez dzieje Narodu Wybranego a\u017c po Nowe Przymierze z Ko\u015bcio\u0142em za\u0142o\u017co\u00adnym przez Jezusa Chrystusa. Staro\u017cytne wsp\u00f3lnoty chrze\u015bcijan wykorzystywa\u0142y czterdzie\u015bci dni czuwania paschalnego jako czas intensywnego przygotowania kandydat\u00f3w do chrztu \u015bwi\u0119tego. Noc Paschalna by\u0142a momentem uroczystego sprawowania tego sakra\u00admentu. Ta cz\u0119\u015b\u0107 liturgii u\u015bwiadamia nam, \u017ce to w\u0142a\u015bnie dzi\u0119ki ofierze Chrystusa mo\u017cemy zaliczy\u0107 si\u0119 do rodziny Bo\u017cej, gdzie poprzez chrzest \u015bwi\u0119ty stajemy si\u0119 dzie\u0107mi Boga. Rado\u015b\u0107 ze zjed\u00adnoczenia z Ojcem wyra\u017ca si\u0119 udzia\u0142em w liturgii eucharystycznej stanowi\u0105cej ostatni\u0105 cz\u0119\u015b\u0107 dzisiejszych obrz\u0119d\u00f3w. Chrystus po\u00adprzez \u015bmier\u0107 i Zmartwychwstanie pokona\u0142 najwi\u0119kszego wroga cz\u0142owieka &#8211; szatana, a wraz z nim grzech. Karmi\u0105c si\u0119 Cia\u0142em Pa\u0144skim, mamy ju\u017c tu, na ziemi, udzia\u0142 w Jego zwyci\u0119stwie i r\u0119kojmi\u0119 pe\u0142nego zjednoczenia po tym \u017cyciu w Kr\u00f3lestwie Jezusa Chrystusa.<\/span><\/span><\/span><\/p>\n<p class=\"western\" align=\"left\"><span style=\"color: #ffffff;\"><span style=\"font-family: Times New Roman, serif;\"><span style=\"font-size: large;\">Cud Zmartwychwstania dokona\u0142 si\u0119 pod os\u0142on\u0105 nocy. Dlatego dzisiejsze \u015bwi\u0119to nosi t\u0119 w\u0142a\u015bnie nazw\u0119. Nikt z ludzi nie by\u0142 \u015bwiadkiem faktu Zmartwychwstania. Dla najbli\u017cszych i przyjaci\u00f3\u0142 Mistrza z Nazaretu \u015bwiadectwem cudu by\u0142 otwarty i pusty gr\u00f3b. Kobiety, kt\u00f3re przysz\u0142y odda\u0107 &#8222;ostatni\u0105 pos\u0142ug\u0119&#8221; Cia\u0142u Jezusa sta\u0142y si\u0119 pierwszymi \u015bwiadkami cudu. Zmartwychwstanie Jezusa, kt\u00f3re mo\u017ce by\u0107 wyja\u015bnione tylko faktem bezpo\u015bredniej interwencji Boga, Stw\u00f3rcy i Pana natury, zadziwia r\u00f3wnie\u017c sposobem jego proklamacji. Z ludzkiej perspektywy najmocniejszym argumentem na potwierdzenie prawdziwo\u015bci misji ze strony Jezusa by\u0142oby pokazanie si\u0119 Pi\u0142atowi i Sanhedrynowi w Swoim Zmartwychwsta\u00ad\u0142ym Ciele. B\u00f3g jednak daleki jest od takiego sposobu pos\u00adt\u0119powania. Do wsp\u00f3\u0142pracy w dziele Objawienia zaprasza cz\u0142owie\u00adka. Grono najbli\u017cszych uczni\u00f3w, tych, kt\u00f3rych przygotowa\u0142 w czasie dzia\u0142alno\u015bci publicznej w swojej &#8222;szkole&#8221;, ma by\u0107 \u015bwiadkami najwi\u0119kszego\u00a0cudu w dziejach ludzko\u015bci. Jeszcze raz okazuje si\u0119,\u00a0\u017ce B\u00f3g\u00a0dzia\u0142a w ciszy, z \u0142agodno\u015bci\u0105 i cierpliwo\u015bci\u0105. Pozwala si\u0119\u00a0znale\u017a\u0107\u00a0tym, kt\u00f3rzy z wytrwa\u0142o\u015bci\u0105 pod\u0105\u017caj\u0105 Jego \u015bladami.<\/span><\/span><\/span><\/p>\n<p class=\"western\" align=\"left\"><span style=\"color: #ffffff;\"><span style=\"font-family: Times New Roman, serif;\"><span style=\"font-size: large;\">&#8222;Pan naprawd\u0119 zmartwychwsta\u0142, Alleluja!&#8221; Chrystus um\u0119czo\u00adny i ukrzy\u017cowany zmartwychwsta\u0142 po trzech dniach i zatrium\u00adfowa\u0142 nad \u015bmierci\u0105, nad si\u0142ami ciemno\u015bci, nad l\u0119kiem i cier\u00adpieniem&#8230; Jest to \u015bwi\u0119to naszego zbawienia, fundamentalna praw\u00adda naszej wiary, z kt\u00f3rej czerpiemy moc, odwag\u0119 i rado\u015b\u0107 w naszej codziennej chrze\u015bcija\u0144skiej misji g\u0142oszenia \u015bwiatu tej najwa\u017c\u00adniejszej prawdy, \u017ce Chrystus \u017cyje i zbawia!<\/span><\/span><\/span><\/p>\n<p class=\"western\" align=\"left\"><span style=\"color: #ffffff;\"> <span style=\"font-family: Times New Roman, serif;\"><span style=\"font-size: large;\">Dzielimy wi\u0119c mi\u0119dzy sob\u0105 rado\u015b\u0107 p\u0142yn\u0105ca z tego \u015bwi\u0119ta, pr\u00f3\u00adbuj\u0105c mozolnie i konsekwentnie &#8211; dzie\u0144 po dniu &#8211; pokonywa\u0107 ka\u017cd\u0105 pokus\u0119 os\u0142abienia w nas owej rado\u015bci i mocy; pokus\u0119, kt\u00f3ra zrodzi\u0107 si\u0119 mo\u017ce w sercu cz\u0142owieka pod wp\u0142ywem konfrontacji ze z\u0142em obecnym w \u015bwiecie. <\/span><\/span><\/span><\/p>\n<p class=\"western\" align=\"left\"><span style=\"color: #ffffff;\"><span style=\"font-family: Times New Roman, serif;\"><span style=\"font-size: large;\">Pan rzeczywi\u015bcie zmartwychwsta\u0142 i pozosta\u0142 ze swymi ucznia\u00admi, kt\u00f3rzy wyczuwali Jego blisko\u015b\u0107, chocia\u017c nie potrafili Go uchwyci\u0107 ani opisa\u0107 dok\u0142adnie Jego obecno\u015bci. Chrystus Zmar\u00adtwychwsta\u0142y wykracza poza granice \u015bwiata, kt\u00f3ry mo\u017cna bezpo\u015b\u00adrednio uj\u0105\u0107 zmys\u0142ami. St\u0105d niedok\u0142adno\u015bci i pozorne sprzeczno\u015bci w opowiadaniach ewangelijnych o spotkaniach Zmartwychwsta\u0142e\u00adgo ze swymi uczniami, w czasie kt\u00f3rych Jezus wydaje si\u0119 jedno\u00adcze\u015bnie &#8222;by\u0107 i nie by\u0107&#8221;. Ten dyskretny spos\u00f3b opisu zdaje si\u0119 tak\u017ce przemawia\u0107 za prawdziwo\u015bci\u0105 Zmartwychwstania Chrystusa.<\/span><\/span><\/span><\/p>\n<p class=\"western\" align=\"left\"><span style=\"color: #ffffff;\"><span style=\"font-family: Times New Roman, serif;\"><span style=\"font-size: large;\">Pan rzeczywi\u015bcie zmartwychwsta\u0142 i jest obecny w historii jako pierwszy jej autor. Dzi\u0119ki Jego mocy i \u015bwiat\u0142u m\u00f3g\u0142 narodzi\u0107 si\u0119 Ko\u015bci\u00f3\u0142. Zaiste, je\u017celi zaneguje si\u0119 historyczny charakter Zmar\u00adtwychwstania, odbierze mu walor realnego wydarzenia, narodziny Ko\u015bcio\u0142a i wiary staj\u0105 si\u0119 tajemnic\u0105 bardziej niewyt\u0142umaczaln\u0105 ni\u017c samo Zmartwychwstanie.<\/span><\/span><\/span><\/p>\n<p class=\"western\" align=\"left\"><span style=\"color: #ffffff;\"><span style=\"font-family: Times New Roman, serif;\"><span style=\"font-size: large;\">&#8222;Idea, \u017ce imponuj\u0105ca budowla historii chrze\u015bcija\u0144stwa jest niczym ogromna piramida wspieraj\u0105ca si\u0119 niepewnie na fakcie bez znaczenia, jest mniej wiarygodna ni\u017c stwierdzenie, \u017ce Zmartwych\u00adwstanie mia\u0142o faktycznie miejsce w historii, por\u00f3wnywalne do tego, kt\u00f3re mu przyznaje Nowy Testament&#8221; (C.H. Dodd).<\/span><\/span><\/span><\/p>\n<p class=\"western\" align=\"left\"><span style=\"color: #ffffff;\"><span style=\"font-family: Times New Roman, serif;\"><span style=\"font-size: large;\">Pan rzeczywi\u015bcie zmartwychwsta\u0142!<\/span><\/span><\/span><\/p>\n<p class=\"western\" align=\"left\"><span style=\"color: #ffffff;\"> <span style=\"font-family: Times New Roman, serif;\"><span style=\"font-size: large;\">M\u00f3dlmy si\u0119 i \u017cyczmy sobie dzisiaj, aby Chrystus obdarzy\u0142 nas wiar\u0105 w Jego Zmartwychwstanie i pozwoli\u0142 do\u015bwiadczy\u0107 Jego obecno\u015bci. W ten spos\u00f3b b\u0119dziemy mogli przezwyci\u0119\u017cy\u0107 ka\u017cd\u0105 roz\u00adpacz i smutek i by\u0107 zwiastunami nadziei i budowniczymi cywiliza\u00adcji \u017cycia. <\/span><\/span><\/span><\/p>\n","protected":false},"excerpt":{"rendered":"<p>Cisza Wielkiej Soboty, w kt\u00f3rej jak gdyby wyra\u017ca si\u0119 zdumie\u00adnie natury nad spoczywaj\u0105cym w grobie Zbawicielem, przygoto\u00adwuje nas na wybuch rado\u015bci paschalnej, kt\u00f3ra osi\u0105ga szczyt w dzi\u00adsiejszej liturgii. Jest ona streszczeniem istoty chrze\u015bcija\u0144stwa. Wydarzenia, kt\u00f3re dokona\u0142y si\u0119 w Jerozolimie prawie dwa tysi\u0105ce lat temu, tej w\u0142a\u015bnie Nocy, da\u0142y podstaw\u0119 do okre\u015blenia jej mianem Wielkiej. Czterdzie\u015bci dni przygotowania paschalnego prowadzi\u0142o do prze\u017cycia tego w\u0142a\u015bnie \u015bwi\u0119ta. Misja Jezusa Chrystusa ukazuje si\u0119 w pe\u0142ni w perspektywie zdarzenia Wielkiej Nocy. Nasza \u017cyciowa pielgrzymka, jej rado\u015bci i trudy nabieraj\u0105 w\u0142a\u015bciwego znaczenia tylko wtedy, gdy spogl\u0105damy na nie w \u015bwietle Zmartwychwstania Chrystusa. Staro\u017cytna tradycja chrze\u015bcija\u0144ska Noc t\u0119 okre\u015bla\u0142a mianem Wigilii, czyli czuwaniem. Aby podkre\u015bli\u0107 taki charakter spotkania, wierni przynosili \u015bwiece, kt\u00f3re zapalane od pascha\u0142u wyra\u017ca\u0142y postaw\u0119 oczekiwania na Pana, kt\u00f3ry zapowiedzia\u0142 powr\u00f3t w chwa\u00adle. Liturgia \u015bwiat\u0142a stanowi pierwsz\u0105 cz\u0119\u015b\u0107 obrz\u0119d\u00f3w Wigilii Pas\u00adchalnej. Po niej nast\u0119puje liturgia S\u0142owa, w tym dniu szczeg\u00f3lnie bogata, ukazuj\u0105ca wype\u0142nienie si\u0119 obietnic&hellip;<\/p>\n<p> <a class=\"more-link\" href=\"http:\/\/www.franciszek-walcz.pl\/?p=20032\">Czytaj dalej<\/a><\/p>\n","protected":false},"author":1,"featured_media":0,"comment_status":"closed","ping_status":"closed","sticky":false,"template":"","format":"standard","meta":{"footnotes":""},"categories":[5],"tags":[],"class_list":{"0":"post-20032","1":"post","2":"type-post","3":"status-publish","4":"format-standard","6":"category-artykuly"},"brizy_media":[],"_links":{"self":[{"href":"http:\/\/www.franciszek-walcz.pl\/index.php?rest_route=\/wp\/v2\/posts\/20032","targetHints":{"allow":["GET"]}}],"collection":[{"href":"http:\/\/www.franciszek-walcz.pl\/index.php?rest_route=\/wp\/v2\/posts"}],"about":[{"href":"http:\/\/www.franciszek-walcz.pl\/index.php?rest_route=\/wp\/v2\/types\/post"}],"author":[{"embeddable":true,"href":"http:\/\/www.franciszek-walcz.pl\/index.php?rest_route=\/wp\/v2\/users\/1"}],"replies":[{"embeddable":true,"href":"http:\/\/www.franciszek-walcz.pl\/index.php?rest_route=%2Fwp%2Fv2%2Fcomments&post=20032"}],"version-history":[{"count":2,"href":"http:\/\/www.franciszek-walcz.pl\/index.php?rest_route=\/wp\/v2\/posts\/20032\/revisions"}],"predecessor-version":[{"id":20094,"href":"http:\/\/www.franciszek-walcz.pl\/index.php?rest_route=\/wp\/v2\/posts\/20032\/revisions\/20094"}],"wp:attachment":[{"href":"http:\/\/www.franciszek-walcz.pl\/index.php?rest_route=%2Fwp%2Fv2%2Fmedia&parent=20032"}],"wp:term":[{"taxonomy":"category","embeddable":true,"href":"http:\/\/www.franciszek-walcz.pl\/index.php?rest_route=%2Fwp%2Fv2%2Fcategories&post=20032"},{"taxonomy":"post_tag","embeddable":true,"href":"http:\/\/www.franciszek-walcz.pl\/index.php?rest_route=%2Fwp%2Fv2%2Ftags&post=20032"}],"curies":[{"name":"wp","href":"https:\/\/api.w.org\/{rel}","templated":true}]}}