{"id":20199,"date":"2022-04-23T10:06:48","date_gmt":"2022-04-23T08:06:48","guid":{"rendered":"http:\/\/www.franciszek-walcz.pl\/?p=20199"},"modified":"2022-04-23T10:06:48","modified_gmt":"2022-04-23T08:06:48","slug":"ii-niedziela-wielkanocna-swieto-bozego-milosierdzia","status":"publish","type":"post","link":"http:\/\/www.franciszek-walcz.pl\/?p=20199","title":{"rendered":"II NIEDZIELA WIELKANOCNA \u2013 \u015awi\u0119to Bo\u017cego Mi\u0142osierdzia"},"content":{"rendered":"<p>Na dzisiejsz\u0105 2. Niedziel\u0119 Wielkanocn\u0105, zwan\u0105 Niedziel\u0105 Mi\u0142osierdzia, ko\u0144cz\u0105c\u0105 Oktaw\u0119 Zmartwychwstania Pana, \u015bw. Jan daje nam wspania\u0142\u0105 syntez\u0119 wiary. Podkre\u015bla, \u017ce zadaniem ka\u017cdego cz\u0142owieka jest uwierzy\u0107 w Jezusa Chrystusa jako Mesjasza pos\u0142anego przez Boga. Ta wiara \u015bci\u015ble wi\u0105\u017ce si\u0119 z m\u0119k\u0105, \u015bmierci\u0105 i\u00a0 zmartwychwstaniem Jezusa. Jest to wiara, kt\u00f3ra otwiera perspektywy \u017cycia wiecznego, do kt\u00f3rego wszyscy jeste\u015bmy powo\u0142ani. Zmartwychwstanie jest wydarzeniem, w kt\u00f3re trzeba uwierzy\u0107 i kt\u00f3re trzeba przyj\u0105\u0107 jako fakt, bo na nim osadza si\u0119 nasze chrze\u015bcija\u0144skie \u017cycie.<\/p>\n<p>Ewangelie w tych dniach ukazuj\u0105 jak t\u0119 drog\u0119 do wiary przemierzali ci, kt\u00f3rzy byli blisko Jezusa. R\u00f3wnie\u017c im nie by\u0142o \u0142atwo. Patrzyli na Jego znaki i cuda, s\u0142uchali Jego nauczania, a mimo tego nie byli w stanie zrozumie\u0107 Jego \u015bmierci, a tym bardziej uwierzy\u0107 w Jego zmartwychwstanie. Nie mogli poj\u0105\u0107 dlaczego B\u00f3g, kt\u00f3rego Jezus nazywa\u0142 Ojcem, pozwoli\u0142, aby ludzie skazali Go na okrutn\u0105 \u015bmier\u0107 przez ukrzy\u017cowanie.<\/p>\n<p>W wierze nie wszystko da si\u0119 wyja\u015bni\u0107 logicznie i rozumowo. Wiara nie jest nauk\u0105. Wiara jest postaw\u0105 ca\u0142kowitego zaufania Bogu, jest bezwarunkowym zdaniem si\u0119 na wol\u0119 Bo\u017c\u0105. B\u00f3g nigdy nie skrzywdzi cz\u0142owieka. B\u00f3g chce tylko i wy\u0142\u0105cznie dobra dla cz\u0142owieka. W\u0142a\u015bnie z mi\u0142o\u015bci do cz\u0142owieka, dla jego zbawienia, B\u00f3g pozwoli\u0142, aby Jego Syn, Jezus, zawis\u0142 na krzy\u017cu. B\u00f3g kocha cz\u0142owieka do szale\u0144stwa i dlatego dla dobra cz\u0142owieka nie oszcz\u0119dzi\u0142 cierpienia nawet Swojemu Synowi.<\/p>\n<p>B\u00f3g, kt\u00f3ry uczyni\u0142 dla cz\u0142owieka tak wiele, w zamian oczekuje od niego wiary. Oczekuje wiary, kt\u00f3ra jest owocem zawierzenia Jezusowi, wyboru Jezusa, Jego nauczania i Jego woli. Dar wiary cz\u0142owiek otrzymuje od Boga, dlatego nigdy nie powinien dyktowa\u0107 Bogu jak ta wiara ma wygl\u0105da\u0107, nie powinien Boga poprawia\u0107, ani m\u00f3wi\u0107 co B\u00f3g powinien lub nie powinien, w przeciwnym razie pope\u0142nia\u0142by grzech pychy. O jako\u015bci wiary decyduje B\u00f3g, ale troska o jej rozw\u00f3j i umacnianie nale\u017cy do cz\u0142owieka. Prawdziwa wiara wyrasta z pokornego trwania pod krzy\u017cem, przez kt\u00f3ry Jezus zbawia cz\u0142owieka, i z odwa\u017cnego niesienia tego krzy\u017ca oraz dawania o nim \u015bwiadectwa.<\/p>\n<p>Przyk\u0142ad niewiast i uczni\u00f3w, o kt\u00f3rych w tych dniach opowiada\u0142y Ewangelie, s\u0105 dla nas \u017cywym \u015bwiadectwem drogi do wiary i jej umocnienia. Widzieli\u015bmy Piotra i Jana, kt\u00f3rzy potrzebowali wej\u015b\u0107 do pustego grobu, aby uwierzy\u0107, \u017ce Mesjasz zmartwychwsta\u0142. Podobnie i pozostali Aposto\u0142owie \u201euradowali si\u0119, gdy ujrzeli Pana\u201d, to znaczy uwierzyli, gdy im si\u0119 ukaza\u0142 w Wieczerniku. Wreszcie Tomasza , kt\u00f3ry chce dotkn\u0105\u0107, sprawdzi\u0107 osobi\u015bcie, w\u0142o\u017cy\u0107 palec w przebity bok Zmartwychwsta\u0142ego Pana&#8230;\u00a0 Jezus wychodzi mu naprzeciw i pokazuje swoje rany\u2026 \u201ezobacz moje r\u0119ce. Podnie\u015b r\u0119k\u0119 i w\u0142\u00f3\u017c w m\u00f3j bok, i nie b\u0105d\u017a niedowiarkiem, lecz wierz\u0105cym\u201d .<\/p>\n<p>Te ostatnie s\u0142owa odnosz\u0105 si\u0119 do nas, kt\u00f3rzy nie mamy mo\u017cliwo\u015bci naocznego zobaczenia Jezusa tak, jak Aposto\u0142owie. Wierzymy jednak dzi\u0119ki \u015bwiadectwu naszych rodzic\u00f3w, cz\u0119sto dziadk\u00f3w, s\u0105siad\u00f3w, przyjaci\u00f3\u0142, kap\u0142an\u00f3w i wielu innych, kt\u00f3rzy swoim dobrym przyk\u0142adem ukszta\u0142towali nasz\u0105 wiar\u0119. Gdy, jako chrze\u015bcijanie dajemy \u015bwiadectwo wiary, wype\u0142niamy polecenie zmartwychwsta\u0142ego Chrystusa, aby i\u015b\u0107 i naucza\u0107 wszystkie narody ziemi.<\/p>\n<p>Jezus uczyni\u0142 nas spadkobiercami i uczestnikami tej wielkiej misji, jak\u0105 sam zapocz\u0105tkowa\u0142, a po swojej \u015bmierci i zmartwychwstaniu, powierzy\u0142 do realizacji swoim uczniom a\u017c do sko\u0144czenia \u015bwiata. T\u0119 misj\u0119 wype\u0142niamy gdy g\u0142osimy zmartwychwsta\u0142ego Chrystusa, gdy umacniamy w sobie postaw\u0119 wiary, gdy dajemy \u015bwiadectwo \u017cycia wiar\u0105, gdy uczestniczymy w \u017cyciu Ko\u015bcio\u0142a i korzystamy z sakrament\u00f3w, gdy okazujemy innym mi\u0142o\u015b\u0107, gdy \u017cyjemy zgodnie z zasadami moralnymi, gdy przebaczamy innym\u2026 Czy\u017c nie jest to wielki gest zaufania Jezusa wzgl\u0119dem ka\u017cdego z nas?<\/p>\n<p>Tylko Jezus wie, ile os\u00f3b odnalaz\u0142o lub umocni\u0142o swoj\u0105 wiar\u0119 dzi\u0119ki naszemu \u015bwiadectwu wiary, dzi\u0119ki odwadze z jak\u0105 j\u0105 wyznajemy! To bardzo wa\u017cne, aby\u015bmy zadbali o ten przekaz najpierw we w\u0142asnym domu rodzinnym, w \u015brodowisku naszego codziennego bytowania i pracy. Wa\u017cne, aby\u015bmy si\u0119 nie wstydzili wiary, nie dyspensowali od przekazywania jej innym. Kiedy tego nie czynimy, kiedy rodzice m\u00f3wi\u0105 do swoich dzieci, aby nie sz\u0142y na Msz\u0119 \u015bw., na katechez\u0119, na spotkanie modlitewne\u2026 zadajemy Jezusowi cierpienie i sprzeniewierzamy Jego zaufani do nas.<\/p>\n<p>B\u00f3g, jednak pe\u0142en mi\u0142osierdzia, kt\u00f3ry zna nasze serce, chce je nieustannie oczyszcza\u0107 z wszelkich s\u0142abo\u015bci grzechowych. O tym w\u0142a\u015bnie m\u00f3wi\u0142 Jezus do S. Faustyny, kiedy zleci\u0142 jej namalowanie obrazu Jezusa Mi\u0142osiernego i ustanowienie Niedzieli Mi\u0142osierdzia. Chcia\u0142 w ten spos\u00f3b da\u0107 wszystkim mo\u017cliwo\u015b\u0107 przenikni\u0119cia do serca mi\u0142o\u015bci Bo\u017cej.<\/p>\n<p>Jedno z objawieni S. Faustynie mia\u0142o miejsce w 1936 r. w Ostrej Bramie w Wilnie, podczas uroczysto\u015bci Triduum, na kt\u00f3re z kazaniami by\u0142 zaproszony ks. Micha\u0142 Sopo\u0107ko, spowiednik S. Faustyny. W\u00f3wczas to po raz pierwszy zosta\u0142 wystawiony do publicznego kultu obraz Jezusa Mi\u0142osiernego (namalowany w 1935r.). S. Faustyna, kt\u00f3ra by\u0142a obecna na uroczysto\u015bciach, odnotowa\u0142a potem w swoim Dzienniczku: \u201eKiedy [ks. Sopo\u0107ko] zacz\u0105\u0142 m\u00f3wi\u0107 o tym wielkim mi\u0142osierdziu Pa\u0144skim, obraz ten przybra\u0142 \u017cyw\u0105 posta\u0107 i promienie te przenika\u0142y do serc ludzi zgromadzonych, jednak nie w r\u00f3wniej mierze, jedni otrzymywali wi\u0119cej, a drudzy mniej\u201d.<\/p>\n<p>Nast\u0119pnie, Jezus wyja\u015bni\u0142, \u017ce s\u0105 to promienie mi\u0142osierdzia, jakie rozdziela dla tych, kt\u00f3rzy pragn\u0105 mi\u0142osierdzia dost\u0105pi\u0107. Za\u015b w pa\u017adzierniku 1937 roku Jezus zwracaj\u0105c si\u0119 do S. Faustyny, powiedzia\u0142: \u201eB\u0142agaj Mojego mi\u0142osierdzia szczeg\u00f3lnie dla grzesznik\u00f3w i cho\u0107 przez kr\u00f3tki moment zag\u0142\u0119biaj si\u0119 w Mojej m\u0119ce, szczeg\u00f3lnie w Moim opuszczeniu w chwili konania. Jest to godzina wielkiego mi\u0142osierdzia dla \u015bwiata ca\u0142ego\u201d (Dz. 1320).<\/p>\n<p>Dzisiejsza Niedziela Mi\u0142osierdzia przypomina nam, \u017ce mi\u0142osierdzie jest owocem Bo\u017cej mi\u0142o\u015bci do nas. Jest ono jak pot\u0119\u017cny ogie\u0144, kt\u00f3ry wypala w cz\u0142owieku grzech i otwiera przed nim bramy zbawienia. Jest nam dana jego pot\u0119\u017cny or\u0119\u017c w walce z grzechem. Nieustannie oczyszcza nasze serce z grzech\u00f3w i nape\u0142nia je mi\u0142o\u015bci\u0105 Bo\u017c\u0105, pozwala spojrze\u0107 na drugiego cz\u0142owieka i na \u015bwiat oczami Boga. Jest wi\u0119c dla nas wielka pomoc\u0105 w naszym codziennym chrze\u015bcija\u0144skim \u017cyciu.<\/p>\n<p>\/\u2026\/We\u017amijcie Ducha \u015awi\u0119tego!\u201d. Te s\u0142owa s\u0105 skierowane do ka\u017cdego z nas. Jak kiedy\u015b do Aposto\u0142\u00f3w, tak dzi\u015b Zmartwychwsta\u0142y Chrystus posy\u0142a nas w mocy Ducha \u015awi\u0119tego, aby\u015bmy byli \u015bwiadkami zmartwychwstania. We\u017amijcie Ducha \u015awi\u0119tego i sta\u0144cie si\u0119 aposto\u0142ami Zmartwychwstania Jezusa i Jego mi\u0142osierdzia. Podejmuj\u0105c zaproszenie Jezusa, g\u0142o\u015bmy Mi\u0142osierdzie Bo\u017ce swoj\u0105 postaw\u0105, swoimi czynami i swoim chrze\u015bcija\u0144skim \u015bwiadectwem. Sta\u0144my si\u0119 drog\u0105 Mi\u0142osierdzia na kt\u00f3rej grzesz\u0105cy i w\u0105tpi\u0105cy b\u0119d\u0105 mogli odnale\u017a\u0107 Jezusa Mi\u0142osiernego!<\/p>\n","protected":false},"excerpt":{"rendered":"<p>Na dzisiejsz\u0105 2. Niedziel\u0119 Wielkanocn\u0105, zwan\u0105 Niedziel\u0105 Mi\u0142osierdzia, ko\u0144cz\u0105c\u0105 Oktaw\u0119 Zmartwychwstania Pana, \u015bw. Jan daje nam wspania\u0142\u0105 syntez\u0119 wiary. Podkre\u015bla, \u017ce zadaniem ka\u017cdego cz\u0142owieka jest uwierzy\u0107 w Jezusa Chrystusa jako Mesjasza pos\u0142anego przez Boga. Ta wiara \u015bci\u015ble wi\u0105\u017ce si\u0119 z m\u0119k\u0105, \u015bmierci\u0105 i\u00a0 zmartwychwstaniem Jezusa. Jest to wiara, kt\u00f3ra otwiera perspektywy \u017cycia wiecznego, do kt\u00f3rego wszyscy jeste\u015bmy powo\u0142ani. Zmartwychwstanie jest wydarzeniem, w kt\u00f3re trzeba uwierzy\u0107 i kt\u00f3re trzeba przyj\u0105\u0107 jako fakt, bo na nim osadza si\u0119 nasze chrze\u015bcija\u0144skie \u017cycie. Ewangelie w tych dniach ukazuj\u0105 jak t\u0119 drog\u0119 do wiary przemierzali ci, kt\u00f3rzy byli blisko Jezusa. R\u00f3wnie\u017c im nie by\u0142o \u0142atwo. Patrzyli na Jego znaki i cuda, s\u0142uchali Jego nauczania, a mimo tego nie byli w stanie zrozumie\u0107 Jego \u015bmierci, a tym bardziej uwierzy\u0107 w Jego zmartwychwstanie. Nie mogli poj\u0105\u0107 dlaczego B\u00f3g, kt\u00f3rego Jezus nazywa\u0142 Ojcem, pozwoli\u0142, aby ludzie skazali Go na okrutn\u0105 \u015bmier\u0107 przez ukrzy\u017cowanie. W wierze nie wszystko da&hellip;<\/p>\n<p> <a class=\"more-link\" href=\"http:\/\/www.franciszek-walcz.pl\/?p=20199\">Czytaj dalej<\/a><\/p>\n","protected":false},"author":1,"featured_media":0,"comment_status":"closed","ping_status":"closed","sticky":false,"template":"","format":"standard","meta":{"footnotes":""},"categories":[5],"tags":[],"class_list":{"0":"post-20199","1":"post","2":"type-post","3":"status-publish","4":"format-standard","6":"category-artykuly"},"brizy_media":[],"_links":{"self":[{"href":"http:\/\/www.franciszek-walcz.pl\/index.php?rest_route=\/wp\/v2\/posts\/20199","targetHints":{"allow":["GET"]}}],"collection":[{"href":"http:\/\/www.franciszek-walcz.pl\/index.php?rest_route=\/wp\/v2\/posts"}],"about":[{"href":"http:\/\/www.franciszek-walcz.pl\/index.php?rest_route=\/wp\/v2\/types\/post"}],"author":[{"embeddable":true,"href":"http:\/\/www.franciszek-walcz.pl\/index.php?rest_route=\/wp\/v2\/users\/1"}],"replies":[{"embeddable":true,"href":"http:\/\/www.franciszek-walcz.pl\/index.php?rest_route=%2Fwp%2Fv2%2Fcomments&post=20199"}],"version-history":[{"count":1,"href":"http:\/\/www.franciszek-walcz.pl\/index.php?rest_route=\/wp\/v2\/posts\/20199\/revisions"}],"predecessor-version":[{"id":20200,"href":"http:\/\/www.franciszek-walcz.pl\/index.php?rest_route=\/wp\/v2\/posts\/20199\/revisions\/20200"}],"wp:attachment":[{"href":"http:\/\/www.franciszek-walcz.pl\/index.php?rest_route=%2Fwp%2Fv2%2Fmedia&parent=20199"}],"wp:term":[{"taxonomy":"category","embeddable":true,"href":"http:\/\/www.franciszek-walcz.pl\/index.php?rest_route=%2Fwp%2Fv2%2Fcategories&post=20199"},{"taxonomy":"post_tag","embeddable":true,"href":"http:\/\/www.franciszek-walcz.pl\/index.php?rest_route=%2Fwp%2Fv2%2Ftags&post=20199"}],"curies":[{"name":"wp","href":"https:\/\/api.w.org\/{rel}","templated":true}]}}