{"id":20315,"date":"2022-05-07T11:37:27","date_gmt":"2022-05-07T09:37:27","guid":{"rendered":"http:\/\/www.franciszek-walcz.pl\/?p=20315"},"modified":"2022-05-07T11:37:27","modified_gmt":"2022-05-07T09:37:27","slug":"czwarta-niedziela-wielkanocna-niedziela-dobrego-pasterza","status":"publish","type":"post","link":"http:\/\/www.franciszek-walcz.pl\/?p=20315","title":{"rendered":"Czwarta Niedziela Wielkanocna, Niedziela Dobrego Pasterza"},"content":{"rendered":"<p align=\"left\"><span style=\"color: #252324;\"><span style=\"font-family: Georgia;\"><span style=\"font-size: large;\">Zasadniczy tematem Ewangelii 4 Ndz. Wielkanocnej to temat pasterza. Tego, kt\u00f3ry ma prowadzi\u0107.\u00a0<\/span><\/span><\/span><span style=\"color: #252324;\"><span style=\"font-family: Georgia;\"><span style=\"font-size: large;\"><i>Ja jestem dobrym Pasterzem<\/i><\/span><\/span><\/span><span style=\"color: #252324;\"><span style=\"font-family: Georgia;\"><span style=\"font-size: large;\">. Jezus sam si\u0119 nam przedstawia. \u017beby\u015bmy wiedzieli, kim On jest, m\u00f3wi:\u00a0<\/span><\/span><\/span><span style=\"color: #252324;\"><span style=\"font-family: Georgia;\"><span style=\"font-size: large;\"><i>Ja jestem dobrym Pasterzem<\/i><\/span><\/span><\/span><span style=\"color: #252324;\"><span style=\"font-family: Georgia;\"><span style=\"font-size: large;\">. Jezus przedstawia si\u0119, \u017ceby\u015bmy si\u0119 nie pomylili, \u017ceby\u015bmy czego\u015b innego, lub kogo\u015b innego nie wzi\u0119li za Jezusa. <\/span><\/span><\/span><\/p>\n<p align=\"left\"><span style=\"color: #252324;\"><span style=\"font-family: Georgia;\"><span style=\"font-size: large;\">M\u00f3wi:\u00a0<\/span><\/span><\/span><span style=\"color: #252324;\"><span style=\"font-family: Georgia;\"><span style=\"font-size: large;\"><i>Ja jestem dobrym Pasterzem<\/i><\/span><\/span><\/span><span style=\"color: #252324;\"><span style=\"font-family: Georgia;\"><span style=\"font-size: large;\">\u00a0i od razu podaje, co to znaczy by\u0107 Dobrym Pasterzem. Dobry Pasterz oddaje \u017cycie za swoje owce.<\/span><\/span><\/span><\/p>\n<p align=\"left\"><span style=\"color: #252324;\"><span style=\"font-family: Georgia;\"><span style=\"font-size: large;\">Pytaj\u0105 niekt\u00f3rzy: jak nas ten Ko\u015bci\u00f3\u0142 prowadzi, nie pozwalaj\u0105c na in vitro, antykoncepcj\u0119, mieszkanie razem przed \u015blubem, nie pozwalaj\u0105c na rozwody, ka\u017c\u0105c si\u0119 m\u0119czy\u0107 ze sob\u0105 a\u017c do \u015bmierci?! <\/span><\/span><\/span><\/p>\n<p align=\"left\"><span style=\"color: #252324;\"><span style=\"font-family: Georgia;\"><span style=\"font-size: large;\">A Jezus m\u00f3wi:\u00a0<\/span><\/span><\/span><span style=\"color: #252324;\"><span style=\"font-family: Georgia;\"><span style=\"font-size: large;\"><i>Ja jestem dobrym Pasterzem.\u00a0<\/i><\/span><\/span><\/span><span style=\"color: #252324;\"><span style=\"font-family: Georgia;\"><span style=\"font-size: large;\">Ko\u015bci\u00f3\u0142 jest tak\u017ce Dobrym Pasterzem. To nasza pycha sprawia, \u017ce nie chcemy si\u0119 podda\u0107 Dobremu Pasterzowi, bo mamy oczekiwania wed\u0142ug swojej m\u0105dro\u015bci, a nie wed\u0142ug m\u0105dro\u015bci Bo\u017cej. A Jezus \u2013 Dobry Pasterz, cz\u0119sto prowadzi nas inn\u0105 drog\u0105 ni\u017c si\u0119 spodziewamy. Ale mo\u017cemy by\u0107 pewni, \u017ce zawsze obiera \u015bcie\u017cki najlepsze dla nas.<\/span><\/span><\/span><\/p>\n<p align=\"left\"><span style=\"color: #252324;\"><span style=\"font-family: Georgia;\"><span style=\"font-size: large;\">Wielu pasterzy chce nas dzisiaj prowadzi\u0107. Prowadz\u0105 nas przez telewizj\u0119, Internet, pas\u0105 nas znajomi w szkole, czy w pracy. Ale jeden jest tylko Dobry Pasterz. I On zna swoje owce. On nas zna zawsze lepiej ni\u017c my sami siebie znamy i daje nam to, co jest nam najbardziej potrzebne.<\/span><\/span><\/span><\/p>\n<p align=\"left\"><span style=\"color: #252324;\"><span style=\"font-family: Georgia;\"><span style=\"font-size: large;\">Dzi\u015b dzi\u0119kujemy Chrystusowi za to, \u017ce jest naszym Pasterzem. I dzi\u0119kujemy, \u017ce ca\u0142y czas powo\u0142uje nowych pasterzy, kt\u00f3rzy w Jego imieniu prowadz\u0105 Bo\u017c\u0105 owczarni\u0119. Dzi\u0119kujemy za biskup\u00f3w, kap\u0142an\u00f3w, kleryk\u00f3w. Modlimy si\u0119 za zmar\u0142ych kap\u0142an\u00f3w, kt\u00f3rzy potrzebuj\u0105 Mi\u0142osierdzia Bo\u017cego.<\/span><\/span><\/span><\/p>\n<p align=\"left\"><span style=\"color: #252324;\"><span style=\"font-family: Georgia;\"><span style=\"font-size: large;\">Funkcj\u0119 pasterzowania Jezus powierzy\u0142 w swoim imieniu biskupom i kap\u0142anom. Chcemy si\u0119 zastanowi\u0107 nad kap\u0142a\u0144stwem na wz\u00f3r Jezusa \u2013 Dobrego Pasterza, ale nie po to, by naszych kap\u0142an\u00f3w-pasterzy os\u0105dza\u0107 lub oprawia\u0107 w z\u0142ote ramy, ale by si\u0119 za nich modli\u0107: o gorliwo\u015b\u0107, o wytrwa\u0142o\u015b\u0107, wierno\u015b\u0107 powo\u0142aniu, o szacunek i mi\u0142o\u015b\u0107 do ludzi, mi\u0142o\u015b\u0107 do Chrystusowego Ko\u015bcio\u0142a.<\/span><\/span><\/span><\/p>\n<p align=\"left\"><span style=\"color: #252324;\"><span style=\"font-family: Georgia;\"><span style=\"font-size: large;\">W wydanej przed kilkunastu laty ma\u0142ej ksi\u0105\u017ceczce\u00a0<\/span><\/span><\/span><span style=\"color: #252324;\"><span style=\"font-family: Georgia;\"><span style=\"font-size: large;\"><i>Listy dzieci do Boga<\/i><\/span><\/span><\/span><span style=\"color: #252324;\"><span style=\"font-family: Georgia;\"><span style=\"font-size: large;\">\u00a0znajduje si\u0119 list ma\u0142ej Basi:<\/span><\/span><\/span><\/p>\n<p align=\"left\"><span style=\"color: #252324;\"><span style=\"font-family: Georgia;\"><span style=\"font-size: large;\"><i>Kochany Panie Bo\u017ce!<\/i><\/span><\/span><\/span><\/p>\n<p align=\"left\"><span style=\"color: #252324;\"><span style=\"font-family: Georgia;\"><span style=\"font-size: large;\"><i>Czy nasz ksi\u0105dz jest Twoim przyjacielem, czy tylko znajomym z pracy?<\/i><\/span><\/span><\/span><\/p>\n<p align=\"left\"><span style=\"color: #252324;\"><span style=\"font-family: Georgia;\"><span style=\"font-size: large;\"><i>Twoja Basia<\/i><\/span><\/span><\/span><\/p>\n<p align=\"left\"><span style=\"color: #252324;\"><span style=\"font-family: Georgia;\"><span style=\"font-size: large;\">To, czy nasi pasterze b\u0119d\u0105 przyjaci\u00f3\u0142mi Boga, zale\u017cy w du\u017cym stopniu od naszej modlitwy. Niech sprowokuje nas to, by modli\u0107 si\u0119 do Boga za naszych pasterzy. Czy\u0144my to w dzisiejsz\u0105 niedziel\u0119 szczeg\u00f3lnie gor\u0105co. Kto\u015b kiedy\u015b powiedzia\u0142, \u017ce takich mamy kap\u0142an\u00f3w, jakich sobie wymodlimy.<\/span><\/span><\/span><\/p>\n<p align=\"left\"><span style=\"color: #252324;\"><span style=\"font-family: Georgia;\"><span style=\"font-size: large;\">Potrzebujemy pasterzy, przewodnik\u00f3w na drodze wiary, Chrystusowych \u015bwiadk\u00f3w, g\u0142osz\u0105cych Bo\u017ce napomnienia. Potrzebujemy ich sakramentalnej pos\u0142ugi i braterskiej obecno\u015bci. Potrzebujemy ich przy o\u0142tarzu, w konfesjonale, w szkole, w szpitalu, dost\u0119pnych pod kom\u00f3rk\u0105 i w Internecie. Potrzebuje ich Chrystus.<\/span><\/span><\/span><\/p>\n<p align=\"left\"><span style=\"color: #252324;\"><span style=\"font-family: Georgia;\"><span style=\"font-size: large;\">\u015aw. kap\u0142an Jan Maria Vianney m\u00f3wi\u0142: \u201ewidz\u0105c z daleka wie\u017c\u0119 ko\u015bcieln\u0105, pomy\u015bl zawsze, \u017ce mieszka tam Jezus. A jak to si\u0119 sta\u0142o, \u017ce m\u00f3g\u0142 tam zamieszka\u0107? Kap\u0142an tam wszed\u0142 i odprawi\u0142 Msz\u0119 \u015bwi\u0119t\u0105. <\/span><\/span><\/span><\/p>\n<p align=\"left\"><span style=\"color: #252324;\"><span style=\"font-family: Georgia;\"><span style=\"font-size: large;\">Kiedy kto\u015b chce zniszczy\u0107 religi\u0119, najpierw atakuje kap\u0142an\u00f3w, gdy\u017c tam, gdzie nie ma kap\u0142ana, nie ma ju\u017c ofiary Mszy \u015bwi\u0119tej, nie ma kultu Bo\u017cego.<\/span><\/span><\/span><\/p>\n<p align=\"left\"><span style=\"color: #252324;\"><span style=\"font-family: Georgia;\"><span style=\"font-size: large;\">Gdyby nie by\u0142o sakramentu kap\u0142a\u0144stwa, nie mieliby\u015bmy Pana w\u015br\u00f3d nas.<\/span><\/span><\/span><\/p>\n<p align=\"left\"><span style=\"color: #252324;\"><span style=\"font-family: Georgia;\"><span style=\"font-size: large;\">Kto bowiem w\u0142o\u017cy\u0142 Go do tabernakulum? Kap\u0142an.<\/span><\/span><\/span><\/p>\n<p align=\"left\"><span style=\"color: #252324;\"><span style=\"font-family: Georgia;\"><span style=\"font-size: large;\">Kto przyj\u0105\u0142 nasze dusze do spo\u0142eczno\u015bci Ko\u015bcio\u0142a, kiedy\u015bmy si\u0119 narodzili? Kap\u0142an.<\/span><\/span><\/span><\/p>\n<p align=\"left\"><span style=\"color: #252324;\"><span style=\"font-family: Georgia;\"><span style=\"font-size: large;\">Kto karmi je, by mia\u0142y si\u0142\u0119 do ziemskiego pielgrzymowania? Kap\u0142an.<\/span><\/span><\/span><\/p>\n<p align=\"left\"><span style=\"color: #252324;\"><span style=\"font-family: Georgia;\"><span style=\"font-size: large;\">Kto przygotuje je, aby mog\u0142y stan\u0105\u0107 przed Bogiem w chwili \u015bmierci? Kap\u0142an.<\/span><\/span><\/span><\/p>\n<p align=\"left\"><span style=\"color: #252324;\"><span style=\"font-family: Georgia;\"><span style=\"font-size: large;\">A kiedy dusza popadnie w grzech \u015bmiertelny, kto j\u0105 wskrzesi do \u017cycia? Kto przywr\u00f3ci jej spok\u00f3j sumienia? Tylko kap\u0142an\u201d.<\/span><\/span><\/span><\/p>\n<p align=\"left\"><span style=\"color: #252324;\"><span style=\"font-family: Georgia;\"><span style=\"font-size: large;\">Chrystus ca\u0142y czas powo\u0142uje. Chocia\u017c wydawa\u0107 by si\u0119 mog\u0142o, \u017ce ostatnio jakby mniej by\u0142o tych, kt\u00f3rzy chc\u0105 p\u00f3j\u015b\u0107 za Bo\u017cym g\u0142osem powo\u0142ania. <\/span><\/span><\/span><\/p>\n<p align=\"left\"><span style=\"color: #252324;\"><span style=\"font-family: Georgia;\"><span style=\"font-size: large;\">Wida\u0107 to chocia\u017cby po coraz mniejszej liczbie kleryk\u00f3w w seminarium. Bo dzisiejszy \u015bwiat nie sprzyja takiemu wyborowi. G\u0142os powo\u0142uj\u0105cego Chrystusa zdaje si\u0119 by\u0107 zag\u0142uszany przez inne g\u0142osy. A propozycja, by p\u00f3j\u015b\u0107 za Jezusem i ofiarowa\u0107 Mu swoje \u017cycie, mo\u017ce wydawa\u0107 si\u0119 zbyt trudna i zbyt wymagaj\u0105ca. <\/span><\/span><\/span><\/p>\n<p align=\"left\"><span style=\"color: #252324;\"><span style=\"font-family: Georgia;\"><span style=\"font-size: large;\">Ale od narzekania na wsp\u00f3\u0142czesne czasy nie przyb\u0119dzie nam pasterzy. Nie przyb\u0119dzie ich te\u017c od usilnego namawiania m\u0142odych ludzi do wst\u0105pienia do seminarium.<\/span><\/span><\/span><\/p>\n<p align=\"left\"><span style=\"color: #252324;\"><span style=\"font-family: Georgia;\"><span style=\"font-size: large;\">Co wi\u0119c mamy czyni\u0107? Odpowied\u017a daje nam Ewangelia:\u00a0<\/span><\/span><\/span><span style=\"color: #252324;\"><span style=\"font-family: Georgia;\"><span style=\"font-size: large;\"><i>Pro\u015bcie Pana \u017cniwa, aby wyprawi\u0142 robotnik\u00f3w na \u017cniwo swoje.<\/i><\/span><\/span><\/span><span style=\"color: #252324;\"><span style=\"font-family: Georgia;\"><span style=\"font-size: large;\">\u00a0Modlitwa to najbardziej podstawowy spos\u00f3b budzenia powo\u0142a\u0144, spos\u00f3b dost\u0119pny ka\u017cdemu.<\/span><\/span><\/span><\/p>\n<p align=\"left\"><span style=\"color: #252324;\"><span style=\"font-family: Georgia;\"><span style=\"font-size: large;\">M\u00f3dlmy si\u0119 za pos\u0142uguj\u0105cych w Bo\u017cej owczarni i za tych, kt\u00f3rzy do tej pracy si\u0119 przygotowuj\u0105. M\u00f3dlmy si\u0119, by w \u017cyciu byli podobni do Chrystusa \u2013 Dobrego Pasterza.<\/span><\/span><\/span><\/p>\n","protected":false},"excerpt":{"rendered":"<p>Zasadniczy tematem Ewangelii 4 Ndz. Wielkanocnej to temat pasterza. Tego, kt\u00f3ry ma prowadzi\u0107.\u00a0Ja jestem dobrym Pasterzem. Jezus sam si\u0119 nam przedstawia. \u017beby\u015bmy wiedzieli, kim On jest, m\u00f3wi:\u00a0Ja jestem dobrym Pasterzem. Jezus przedstawia si\u0119, \u017ceby\u015bmy si\u0119 nie pomylili, \u017ceby\u015bmy czego\u015b innego, lub kogo\u015b innego nie wzi\u0119li za Jezusa. M\u00f3wi:\u00a0Ja jestem dobrym Pasterzem\u00a0i od razu podaje, co to znaczy by\u0107 Dobrym Pasterzem. Dobry Pasterz oddaje \u017cycie za swoje owce. Pytaj\u0105 niekt\u00f3rzy: jak nas ten Ko\u015bci\u00f3\u0142 prowadzi, nie pozwalaj\u0105c na in vitro, antykoncepcj\u0119, mieszkanie razem przed \u015blubem, nie pozwalaj\u0105c na rozwody, ka\u017c\u0105c si\u0119 m\u0119czy\u0107 ze sob\u0105 a\u017c do \u015bmierci?! A Jezus m\u00f3wi:\u00a0Ja jestem dobrym Pasterzem.\u00a0Ko\u015bci\u00f3\u0142 jest tak\u017ce Dobrym Pasterzem. To nasza pycha sprawia, \u017ce nie chcemy si\u0119 podda\u0107 Dobremu Pasterzowi, bo mamy oczekiwania wed\u0142ug swojej m\u0105dro\u015bci, a nie wed\u0142ug m\u0105dro\u015bci Bo\u017cej. A Jezus \u2013 Dobry Pasterz, cz\u0119sto prowadzi nas inn\u0105 drog\u0105 ni\u017c si\u0119 spodziewamy. Ale mo\u017cemy by\u0107 pewni, \u017ce zawsze obiera \u015bcie\u017cki najlepsze&hellip;<\/p>\n<p> <a class=\"more-link\" href=\"http:\/\/www.franciszek-walcz.pl\/?p=20315\">Czytaj dalej<\/a><\/p>\n","protected":false},"author":1,"featured_media":0,"comment_status":"closed","ping_status":"closed","sticky":false,"template":"","format":"standard","meta":{"footnotes":""},"categories":[5],"tags":[],"class_list":{"0":"post-20315","1":"post","2":"type-post","3":"status-publish","4":"format-standard","6":"category-artykuly"},"brizy_media":[],"_links":{"self":[{"href":"http:\/\/www.franciszek-walcz.pl\/index.php?rest_route=\/wp\/v2\/posts\/20315","targetHints":{"allow":["GET"]}}],"collection":[{"href":"http:\/\/www.franciszek-walcz.pl\/index.php?rest_route=\/wp\/v2\/posts"}],"about":[{"href":"http:\/\/www.franciszek-walcz.pl\/index.php?rest_route=\/wp\/v2\/types\/post"}],"author":[{"embeddable":true,"href":"http:\/\/www.franciszek-walcz.pl\/index.php?rest_route=\/wp\/v2\/users\/1"}],"replies":[{"embeddable":true,"href":"http:\/\/www.franciszek-walcz.pl\/index.php?rest_route=%2Fwp%2Fv2%2Fcomments&post=20315"}],"version-history":[{"count":1,"href":"http:\/\/www.franciszek-walcz.pl\/index.php?rest_route=\/wp\/v2\/posts\/20315\/revisions"}],"predecessor-version":[{"id":20316,"href":"http:\/\/www.franciszek-walcz.pl\/index.php?rest_route=\/wp\/v2\/posts\/20315\/revisions\/20316"}],"wp:attachment":[{"href":"http:\/\/www.franciszek-walcz.pl\/index.php?rest_route=%2Fwp%2Fv2%2Fmedia&parent=20315"}],"wp:term":[{"taxonomy":"category","embeddable":true,"href":"http:\/\/www.franciszek-walcz.pl\/index.php?rest_route=%2Fwp%2Fv2%2Fcategories&post=20315"},{"taxonomy":"post_tag","embeddable":true,"href":"http:\/\/www.franciszek-walcz.pl\/index.php?rest_route=%2Fwp%2Fv2%2Ftags&post=20315"}],"curies":[{"name":"wp","href":"https:\/\/api.w.org\/{rel}","templated":true}]}}