{"id":20382,"date":"2022-05-12T20:20:25","date_gmt":"2022-05-12T18:20:25","guid":{"rendered":"http:\/\/www.franciszek-walcz.pl\/?p=20382"},"modified":"2022-05-12T20:20:48","modified_gmt":"2022-05-12T18:20:48","slug":"objawienia-w-fatimie-znak-dany-naszej-epoce","status":"publish","type":"post","link":"http:\/\/www.franciszek-walcz.pl\/?p=20382","title":{"rendered":"Objawienia w Fatimie &#8211; znak dany naszej epoce"},"content":{"rendered":"<p><strong>Matka Bo\u017ca jako pos\u0142anka przybywa z nieba i spe\u0142nia tak\u0105 rol\u0119, jak w Starym Testamencie spe\u0142niali prorocy, kt\u00f3rzy przypominali Izraelitom o wierno\u015bci przymierzu<\/strong><\/p>\n<p>Gdy patrzymy na ca\u0142\u0105 histori\u0119 chrze\u015bcija\u0144stwa, mamy do czynienia z dosy\u0107 du\u017c\u0105 liczb\u0105 objawie\u0144. Nie wszystkie by\u0142y tak kanonicznie badane i zatwierdzane jak dzisiaj, chocia\u017cby objawienia w Licheniu, czy objawienie Maryi \u015bw. Maksymilianowi Kolbe w Pabianicach. Nie przeprowadzano dok\u0142adnego badania\u00a0tych objawie\u0144. Trudno jest wi\u0119c jednoznacznie powiedzie\u0107, czy akurat teraz jest tych objawie\u0144 wi\u0119cej. Niew\u0105tpliwie, objawienia, kt\u00f3re wyst\u0105pi\u0142y w ostatnim czasie, s\u0105 bardzo znane i bardzo wa\u017cne. S\u0105 one adresowane do ca\u0142ej ludzko\u015bci. Na przyk\u0142ad, objawienia w Lourdes \u2013 Maryja objawia si\u0119 we Francji. Profesorowie z Sorbony badaj\u0105 cudowne uzdrowienia i dzi\u0119ki temu wiadomo\u015b\u0107 ta dociera to do ca\u0142ego \u015bwiata. Je\u017celi bowiem \u015bwiatowej s\u0142awy autorytety lekarskie nie s\u0105 w stanie w naturalny spos\u00f3b wyt\u0142umaczy\u0107 tych cud\u00f3w i sami si\u0119 nawracaj\u0105, to ta wiadomo\u015b\u0107 dociera do wielu ludzi. To samo dzieje si\u0119 w przypadku Fatimy.<\/p>\n<p>Zadajmy sobie pytanie, dlaczego te objawienia wyst\u0119puj\u0105 cz\u0119\u015bciej? Dlaczego tak si\u0119 dzieje? Niestety pocz\u0105wszy od rewolucji francuskiej poprzez rozprzestrzenianie si\u0119 ateizmu i materializmu, nasz \u015bwiat odszed\u0142 od Boga tak daleko, \u017ce Chrystus posy\u0142a nam swoj\u0105 Matk\u0119 po to, aby\u015bmy do Niego powr\u00f3cili. To jest pow\u00f3d, dla kt\u00f3rego te objawienia s\u0105 cz\u0119stsze i obejmuj\u0105ce swoim przes\u0142aniem ca\u0142y \u015bwiat.<\/p>\n<p><strong>Na czym polega szczeg\u00f3lna rola objawie\u0144 fatimskich?<\/strong><\/p>\n<p>Objawienia maryjne w Fatimie s\u0105 znakiem czasu, danym naszej epoce. Maryja nie objawia si\u0119 przypadkowo \u2013 dzieje si\u0119 to w okre\u015blonym miejscu i czasie, z okre\u015blonym or\u0119dziem. Bardzo jasno jednak rozr\u00f3\u017cniamy \u201eobjawienie publiczne\u201d od \u201eobjawie\u0144 prywatnych\u201d.<\/p>\n<p>\u201dObjawienie publiczne\u201d jest zapisane w Pi\u015bmie \u015awi\u0119tym, przykazane w pe\u0142ni przez Chrystusa. Nikt lepiej i pe\u0142niej nie objawi nam tajemnicy Pana Boga ni\u017c Chrystus. Wiemy natomiast, \u017ce s\u0105 objawienia maryjne, w kt\u00f3rych Jezus posy\u0142a swoj\u0105 Matk\u0119 wraz ze wskazaniami dla ludzi danej epoki. Sam Chrystus te\u017c si\u0119 objawia, chocia\u017cby w XVII wieku \u015bw. Ma\u0142gorzacie Marii Alacoque, kt\u00f3ra mia\u0142a wizj\u0119 Serca Bo\u017cego. Pan Jezus objawi\u0142 siostrze Faustynie &#8211; kult Mi\u0142osierdzia Bo\u017cego, podany jako ostateczne przygotowanie i ratunek dla \u015bwiata, poprzedzaj\u0105cy powt\u00f3rne Jego przyj\u015bcie.<\/p>\n<p>Tak samo, objawienia Matki Bo\u017cej s\u0105 takim znakiem czasu. Chrystus w Ewangelii m\u00f3wi, \u017ce ludzie\u00a0<em>umiej\u0105 rozpoznawa\u0107 pogod\u0119, a nie umiej\u0105 \u00a0rozpoznawa\u0107 znak\u00f3w czasu.\u00a0<\/em>\u00a0Objawienia fatimskie s\u0105 w\u0142a\u015bnie znakiem czasu. Jeste\u015bmy zobowi\u0105zani do ich przyj\u0119cia. Jest to wo\u0142anie Matki Bo\u017cej, naszej Matki po to, aby\u015bmy nie zostali pot\u0119pieni, by\u015bmy powr\u00f3cili do Boga i przestali Go obra\u017ca\u0107. Zauwa\u017cmy, \u017ce objawienie te zawiera istot\u0119 chrze\u015bcija\u0144stwa \u2013 wzywa do mi\u0142o\u015bci Boga oraz do mi\u0142o\u015bci do bli\u017aniego. Jest to wezwanie do powrotu do dekalogu. Jest to wezwanie do powrotu do Pana Boga, a tak\u017ce wezwanie do modlitw za grzesznik\u00f3w, aby\u015bmy zar\u00f3wno my, jak i nasi bli\u017ani nie zmarnowali \u017cycia, nie zostali pot\u0119pieni, ale mogli osi\u0105gn\u0105\u0107 \u017cycie wieczne.<\/p>\n<p><strong>Jak mo\u017cna wyt\u0142umaczy\u0107 wyj\u0105tkowo\u015b\u0107 kultu maryjnego w Polsce?<\/strong><\/p>\n<p>Je\u017celi chodzi o Polsk\u0119, to rzeczywi\u015bcie chlubimy si\u0119 tym, \u017ce nasz kraj jest krajem maryjnym. Natomiast,. takich narod\u00f3w maryjnych jak Polacy jest wi\u0119c wiele. Musimy wi\u0119c patrze\u0107 na siebie z pewn\u0105 pokor\u0105. Najwi\u0119cej sanktuari\u00f3w i \u015bwi\u0105t maryjnych by\u0142o w staro\u017cytnej Etiopii, Abisynii. Sk\u0105d si\u0119 bierze ten wyj\u0105tkowy kult maryjny w Polsce?<\/p>\n<p>Ca\u0142a historia Polski o tym m\u00f3wi, poczynaj\u0105c od pierwszych ko\u015bcio\u0142\u00f3w, kt\u00f3re by\u0142y wznoszone ku czci Matki Bo\u017cej Wniebowzi\u0119tej, przez nasz\u00a0<em>de facto\u00a0<\/em>pierwszy hymn narodowy, \u201eBogurodzic\u0119\u201d. Szczeg\u00f3lnie widoczny jest zwi\u0105zek kultu maryjnego z obron\u0105 naszej to\u017csamo\u015bci narodowej. Zauwa\u017cmy, \u017ce przez wiele wiek\u00f3w byli\u015bmy politycznie osaczeni przez pa\u0144stwa niekatolickie. Na p\u00f3\u0142noc i na zach\u00f3d od siebie mieli\u015bmy protestant\u00f3w, na Wschodzie prawos\u0142awn\u0105 Rosj\u0119, na po\u0142udniowym Wschodzie przez wieki muzu\u0142ma\u0144sk\u0105 Turcj\u0119. Z historycznego punktu widzenia, obrona naszej to\u017csamo\u015bci narodowej wi\u0105za\u0142a si\u0119 z obron\u0105 wiary i na odwr\u00f3t. Wiemy, \u017ce zaborcy, wprowadzaj\u0105c rusyfikacj\u0119 czy germanizacj\u0119, prowadzili tak\u017ce walk\u0119 z Ko\u015bcio\u0142em. To do\u015bwiadczenie historyczne sprawi\u0142o, \u017ce kult Matki Bo\u017cej jest w\u0142a\u015bnie tak silny. Warto przypomnie\u0107, \u017ce to nie my sami wybrali\u015bmy sobie Maryj\u0119 na Kr\u00f3low\u0105, ale Ona sama objawiaj\u0105c si\u0119 w\u0142oskiemu jezuicie, s\u0142udze bo\u017cemu o. Juliszowi Mancinelliemu w XVII w. w Neapolu, wyrazi\u0142a pragnienie, aby nazywa\u0142 j\u0105 \u201eKr\u00f3low\u0105 Polski\u201d. Ojciec Mancinelli by\u0142 mistrzem nowicjatu \u015bw. Stanis\u0142awa Kostki. Po objawieniu Matki Bo\u017cej przyby\u0142 on z pielgrzymk\u0105 do naszego kraju, na dw\u00f3r Zygmunta III Wazy. Na pami\u0105tk\u0119 tego wydarzenia na Ko\u015bciele Mariackim w Krakowie zosta\u0142a umieszczona korona dla Maryi, jako dla naszej Kr\u00f3lowej. Kr\u00f3l Jan Kazimierz w czasie potopu szwedzkiego uroczy\u015bcie og\u0142osi\u0142 Maryj\u0119 Kr\u00f3low\u0105 Polski i p\u00f3\u017aniej, w okresie zagro\u017cenia, wielokrotnie tej opieki do\u015bwiadczali\u015bmy, czego przyk\u0142adem jest Odsiecz Wiede\u0144ska, w kontek\u015bcie obrony przed islamem, czy te\u017c Cud nad Wis\u0142\u0105 w roku 1920. Widzimy wi\u0119c, \u017ce gdy oddawali\u015bmy si\u0119 pod Jej wstawiennictwo, Ona przychodzi\u0142a nam z pomoc\u0105.<\/p>\n<p>Co do liczby sanktuari\u00f3w maryjnych, to w innych krajach katolickich r\u00f3wnie\u017c stanowi\u0105 one wi\u0119kszo\u015b\u0107. Ksi\u0105dz Prymas Stefan Wyszy\u0144ski nazwa\u0142 kiedy\u015b polskie sanktuaria takimi stanicami kryzysowymi, kt\u00f3re broni\u0105 naszej ojczyzny i s\u0105 umocnieniem wiary. Wiemy, \u017ce sanktuaria odgrywaj\u0105 szczeg\u00f3ln\u0105 rol\u0119 i jednocz\u0105 nar\u00f3d. Pielgrzymujemy tam, zanosimy nasze pro\u015bby i otrzymujemy \u0142aski. St\u0105d, sanktuaria maj\u0105 znaczenie nie tylko dla naszego \u017cycia indywidualnego, ale tak\u017ce pe\u0142ni\u0105 rol\u0119 wsp\u00f3lnototw\u00f3rcz\u0105 w stosunku do ca\u0142ego narodu. T\u0119 misj\u0119 pe\u0142ni przede wszystkim Jasna G\u00f3ra.<\/p>\n<p><strong>Czy objawieniom maryjnym mo\u017cna w uprawniony spos\u00f3b przypisywa\u0107 kontekst polityczny?<\/strong><\/p>\n<p>M\u00f3wi\u0105c o objawieniach maryjnych, nale\u017cy pami\u0119ta\u0107, \u017ce s\u0105 one or\u0119dziem Pana Boga do ludzko\u015bci. Matka Bo\u017ca jako pos\u0142anka przybywa z nieba i spe\u0142nia tak\u0105 rol\u0119, jak w Starym Testamencie spe\u0142niali prorocy. Wiemy, \u017ce w Starym Testamencie B\u00f3g posy\u0142a\u0142 prorok\u00f3w, \u017ceby przypominali Izraelitom o wierno\u015bci przymierzu.\u00a0 Zapowiadali oni kary, je\u017celi Nar\u00f3d Wybrany si\u0119 nie nawr\u00f3ci, a b\u0142ogos\u0142awienie w przypadku, gdy dojdzie do nawr\u00f3cenia.<\/p>\n<p>Mo\u017cna powiedzie\u0107, \u017ce wsp\u00f3\u0142czesne objawienia maryjne, zw\u0142aszcza objawienia fatimskie, maj\u0105 ten sam charakter prorocki \u2013 s\u0105 wezwaniem do nawr\u00f3cenia ludzko\u015bci, zwiastuj\u0105 te\u017c\u00a0 konsekwencje naszych czyn\u00f3w. Je\u017celi ludzko\u015b\u0107 si\u0119 nawr\u00f3ci \u2013 nastanie pok\u00f3j. W przeciwnym przypadku, b\u0119dzie kara. Wiemy, \u017ce tak\u0105 kar\u0105 by\u0142o chocia\u017cby rozprzestrzenianie si\u0119 b\u0142\u0119d\u00f3w Rosji, ekspansja komunizmu; a tak\u017ce II wojna \u015bwiatowa. My\u015bl\u0119, \u017ce dopiero w takim kontek\u015bcie mo\u017cemy spojrze\u0107 na to, na ile objawienia (konkretnie objawienia fatimskie), znajduj\u0105 swoj\u0105 realizacj\u0119 tak\u017ce w wydarzeniach historycznych i politycznych. Je\u017celi spojrzymy na przyk\u0142ad na przebieg II wojny \u015bwiatowej, to wiemy, \u017ce papie\u017c Pius XII odda\u0142 \u015bwiat Niepokalanemu Sercu Maryi pod koniec 1942 roku. I w\u00f3wczas, prawie natychmiast nast\u0105pi\u0142y zmiany w przebiegu tej wojny. Przy czym, g\u0142\u00f3wne kl\u0119ski Niemcy hitlerowskie i ich sojusznicy ponosili w \u015bwi\u0119ta maryjne, poczynaj\u0105c od kapitulacji pod Stalingradem 2 lutego 1943r, a\u00a0 ko\u0144cz\u0105c na kapitulacji Japonii 15 sierpnia 1945r. W tym kontek\u015bcie, mo\u017cna powiedzie\u0107, \u017ce or\u0119dzie, kt\u00f3re przekazuje nam Pan B\u00f3g przez Maryj\u0119, przek\u0142ada si\u0119 r\u00f3wnie\u017c na \u017cycie polityczne \u015bwiata.\u00a0 Podobnie, upadek komunizmu mia\u0142 miejsce po tym, jak Jan Pawe\u0142 drugi dokona\u0142 aktu po\u015bwi\u0119cenia \u015bwiata Niepokalanemu Sercu Maryi w roku 1984. Mo\u017cna powiedzie\u0107, \u017ce polityka jest tutaj konsekwencj\u0105 sfery religijnej. Nale\u017cy jednak pami\u0119ta\u0107, \u017ce obok kontekstu politycznego, chodzi przede wszystkim o powr\u00f3t ludzko\u015bci do Boga. Je\u017celi system polityczny, ideologia walczy z Bogiem i oddala od niego, tak jak w przypadku komunizmu, to jego upadek \u2013 jako konsekwencja aktu zawierzenia Niepokalanemu Sercu Maryi, przynosi te\u017c skutki polityczne.<\/p>\n<p>W objawieniach maryjnych, kiedy Matka Bo\u017ca pojawia si\u0119 w Lourdes czy w Fatimie, g\u0142\u00f3wnym przes\u0142aniem jest zawsze powr\u00f3t do Pana Boga i wierno\u015bci Jego przykazaniom. Chodzi o w\u0142a\u015bciwe przygotowanie si\u0119 na ten moment w \u017cyciu ka\u017cdego cz\u0142owieka, jakim jest \u015bmier\u0107, aby\u015bmy w ka\u017cdej chwili mogli odej\u015b\u0107 do Pana Boga w stanie \u0142aski u\u015bwi\u0119caj\u0105cej. Obietnica Matki Bo\u017cej, zw\u0142aszcza ta dotycz\u0105ca praktykowania nabo\u017ce\u0144stw \u201ePierwszych \u00a0sob\u00f3t miesi\u0105ca\u201d, dotyczy Jej przyj\u015bcia z pomoc\u0105 w chwili naszej \u015bmierci. Przes\u0142anie Maryi m\u00f3wi wi\u0119c o potrzebie naszej gotowo\u015bci na ten moment, a tak\u017ce o Jej wstawiennictwie za nas grzesznik\u00f3w. Matka Bo\u017ca objawia si\u0119 wi\u0119c w trosce o zbawienie wszystkich ludzi.<\/p>\n","protected":false},"excerpt":{"rendered":"<p>Matka Bo\u017ca jako pos\u0142anka przybywa z nieba i spe\u0142nia tak\u0105 rol\u0119, jak w Starym Testamencie spe\u0142niali prorocy, kt\u00f3rzy przypominali Izraelitom o wierno\u015bci przymierzu Gdy patrzymy na ca\u0142\u0105 histori\u0119 chrze\u015bcija\u0144stwa, mamy do czynienia z dosy\u0107 du\u017c\u0105 liczb\u0105 objawie\u0144. Nie wszystkie by\u0142y tak kanonicznie badane i zatwierdzane jak dzisiaj, chocia\u017cby objawienia w Licheniu, czy objawienie Maryi \u015bw. Maksymilianowi Kolbe w Pabianicach. Nie przeprowadzano dok\u0142adnego badania\u00a0tych objawie\u0144. Trudno jest wi\u0119c jednoznacznie powiedzie\u0107, czy akurat teraz jest tych objawie\u0144 wi\u0119cej. Niew\u0105tpliwie, objawienia, kt\u00f3re wyst\u0105pi\u0142y w ostatnim czasie, s\u0105 bardzo znane i bardzo wa\u017cne. S\u0105 one adresowane do ca\u0142ej ludzko\u015bci. Na przyk\u0142ad, objawienia w Lourdes \u2013 Maryja objawia si\u0119 we Francji. Profesorowie z Sorbony badaj\u0105 cudowne uzdrowienia i dzi\u0119ki temu wiadomo\u015b\u0107 ta dociera to do ca\u0142ego \u015bwiata. Je\u017celi bowiem \u015bwiatowej s\u0142awy autorytety lekarskie nie s\u0105 w stanie w naturalny spos\u00f3b wyt\u0142umaczy\u0107 tych cud\u00f3w i sami si\u0119 nawracaj\u0105, to ta wiadomo\u015b\u0107 dociera do wielu ludzi. To&hellip;<\/p>\n<p> <a class=\"more-link\" href=\"http:\/\/www.franciszek-walcz.pl\/?p=20382\">Czytaj dalej<\/a><\/p>\n","protected":false},"author":1,"featured_media":0,"comment_status":"closed","ping_status":"closed","sticky":false,"template":"","format":"standard","meta":{"footnotes":""},"categories":[5],"tags":[],"class_list":{"0":"post-20382","1":"post","2":"type-post","3":"status-publish","4":"format-standard","6":"category-artykuly"},"brizy_media":[],"_links":{"self":[{"href":"http:\/\/www.franciszek-walcz.pl\/index.php?rest_route=\/wp\/v2\/posts\/20382","targetHints":{"allow":["GET"]}}],"collection":[{"href":"http:\/\/www.franciszek-walcz.pl\/index.php?rest_route=\/wp\/v2\/posts"}],"about":[{"href":"http:\/\/www.franciszek-walcz.pl\/index.php?rest_route=\/wp\/v2\/types\/post"}],"author":[{"embeddable":true,"href":"http:\/\/www.franciszek-walcz.pl\/index.php?rest_route=\/wp\/v2\/users\/1"}],"replies":[{"embeddable":true,"href":"http:\/\/www.franciszek-walcz.pl\/index.php?rest_route=%2Fwp%2Fv2%2Fcomments&post=20382"}],"version-history":[{"count":1,"href":"http:\/\/www.franciszek-walcz.pl\/index.php?rest_route=\/wp\/v2\/posts\/20382\/revisions"}],"predecessor-version":[{"id":20383,"href":"http:\/\/www.franciszek-walcz.pl\/index.php?rest_route=\/wp\/v2\/posts\/20382\/revisions\/20383"}],"wp:attachment":[{"href":"http:\/\/www.franciszek-walcz.pl\/index.php?rest_route=%2Fwp%2Fv2%2Fmedia&parent=20382"}],"wp:term":[{"taxonomy":"category","embeddable":true,"href":"http:\/\/www.franciszek-walcz.pl\/index.php?rest_route=%2Fwp%2Fv2%2Fcategories&post=20382"},{"taxonomy":"post_tag","embeddable":true,"href":"http:\/\/www.franciszek-walcz.pl\/index.php?rest_route=%2Fwp%2Fv2%2Ftags&post=20382"}],"curies":[{"name":"wp","href":"https:\/\/api.w.org\/{rel}","templated":true}]}}