{"id":20395,"date":"2022-05-14T16:24:16","date_gmt":"2022-05-14T14:24:16","guid":{"rendered":"http:\/\/www.franciszek-walcz.pl\/?p=20395"},"modified":"2022-05-14T16:24:16","modified_gmt":"2022-05-14T14:24:16","slug":"5-niedziela-wielkanocna-przykazanie-nowe-daje-wam","status":"publish","type":"post","link":"http:\/\/www.franciszek-walcz.pl\/?p=20395","title":{"rendered":"5. Niedziela Wielkanocna  \u2013 Przykazanie nowe daj\u0119 wam"},"content":{"rendered":"<p>Ilu to ju\u017c ludzi marzy\u0142o o stworzeniu nowego, lepszego \u015bwiata. Ju\u017c od pocz\u0105tku dziej\u00f3w ludzko\u015bci marzono o szcz\u0119\u015bliwym raju na ziemi. Istnia\u0142o i istnieje wiele teorii , kt\u00f3re z dum\u0105 g\u0142osi\u0142y i g\u0142osz\u0105, \u017ce odnalaz\u0142y prawd\u0119. I co? Jedne przecz\u0105 drugim. Zdarza si\u0119, \u017ce nie trzeba d\u0142ugo czeka\u0107, aby rzekoma prawda uznana zosta\u0142a za nieaktual\u00adn\u0105, przestarza\u0142\u0105, nadaj\u0105c\u0105 si\u0119 do lamusa ludzkich pomy\u0142ek, b\u0142\u0119d\u00f3w i wypa\u00adcze\u0144.<\/p>\n<p>Pomimo naszych szczerych intencji i zabieg\u00f3w w walce z n\u0119dz\u0105, ciemnot\u0105 i zacofaniem, chocia\u017c pr\u00f3bujemy budowa\u0107 sprawiedliwo\u015b\u0107, pok\u00f3j i tolerancj\u0119 &#8211; to nasze zabieganie i budowa\u00adnie przepe\u0142nione jest l\u0119kiem, poczuciem zagro\u017cenia, niepokojem i niepewno\u015b\u00adci\u0105 czy podj\u0119li\u015bmy w\u0142a\u015bciw\u0105 decyzj\u0119? Bywa, \u017ce cz\u0142owiek nie widzi sensu w tym, co czyni. Coraz bardziej jest osamotniony i odczuwa ten bezsens. Tak\u017ce wspaniale rozwijaj\u0105ca si\u0119 medycyna cz\u0119sto jest bezradna wobec cierpienia, chor\u00f3b i \u015bmierci. Dlatego unosi si\u0119 z tej ziemi ku niebu niemy krzyk, o kt\u00f3rym m\u00f3wi znana pie\u015b\u0144:<\/p>\n<p>\u201eGrzech nas oszpeci\u0142 i w n\u0119dznej postaci<\/p>\n<p>Stoim przed Tob\u0105, jakby tr\u0119dowaci.<\/p>\n<p>O, spojrzyj, spojrzyj na lud Tw\u00f3j zn\u0119kany<\/p>\n<p>I ze\u015blij Tego, co ma by\u0107 zes\u0142any&#8221;.<\/p>\n<p>Chrze\u015bcija\u0144stwo od samego pocz\u0105tku wskazywa\u0142o na Chrystusa i Jego Ewangeli\u0119, chc\u0105c pokaza\u0107 gdzie i jak nale\u017cy realizowa\u0107 ludzk\u0105 t\u0119sknot\u0119 za doskona\u0142o\u015bci\u0105. To, co by\u0142o aktualne w pierwszych wiekach chrze\u015bcija\u0144stwa jest aktualne i dzisiaj. Wsp\u00f3\u0142czesnemu cz\u0142owiekowi &#8211; zagubionemu, marz\u0105cemu o szcz\u0119\u015bciu, zal\u0119knionemu, cier\u00adpi\u0105cemu, zastraszonemu, prze\u015bladowanemu &#8211; Ko\u015bci\u00f3\u0142 zawsze ukazuje Pismo \u015bwi\u0119te i Krzy\u017c.<\/p>\n<p>Kto\u015b powie: oto jeszcze jedno pocieszenie, jeszcze jedna wizja, kt\u00f3ra pragnie uszcz\u0119\u015bliwi\u0107 cz\u0142owieka. Czy\u017cby s\u0142owa Apokalipsy by\u0142y utopi\u0105?<\/p>\n<p>Apokalipsa stwierdza:<\/p>\n<p>\u201eI us\u0142ysza\u0142em dono\u015bny g\u0142os m\u00f3wi\u0105cy od tronu:<\/p>\n<p>Oto przybytek Boga z lud\u017ami: i zamieszka wraz z nimi.<\/p>\n<p>i b\u0119d\u0105 oni Jego ludem, a On b\u0119dzie \u201eBogiem z nimi&#8221;&#8230;&#8221;.<\/p>\n<p>Wielu my\u015bli, \u017ce to nast\u0105pi w bli\u017cszej lub dalszej przysz\u0142o\u015bci. Tymczasem ta nowa rzeczywisto\u015b\u0107 dokonuje si\u0119 teraz, w tym \u015bwiecie bezsensu i cierpienia a przede wszystkim w nas. Chrze\u015bcijanin przez chrzest \u015bwi\u0119ty sta\u0142 si\u0119 nowym stworzeniem. To nowe stworzenie musi mie\u0107 nowe zasady, nowe przykaza\u00adnie, nowe prawo.<\/p>\n<p>W dzisiejszej Ewangelii \u015bwi\u0119tej m\u00f3wi nam o tym nowym przykazaniu Pan Jezus:<\/p>\n<p>\u201eDaj\u0119 wam przykazanie nowe, aby\u015bcie si\u0119 wzajemnie mi\u0142owali tak, jak Ja was umi\u0142owa\u0142em; &#8230; Po tym wszyscy poznaj\u0105, \u017ce\u015bcie uczniami moimi, je\u015bli b\u0119dziecie si\u0119 wzajemnie mi\u0142owali&#8221;.<\/p>\n<p>Wprawdzie to przykazanie by\u0142o ju\u017c znane w Starym Testamencie: \u201eB\u0119dziesz mi\u0142owa\u0142 swego bli\u017aniego jak siebie samego&#8230;&#8221;, ale to Chrystus nada\u0142 mu now\u0105 tre\u015b\u0107 i interpretacj\u0119. Wskazuj\u0105c na siebie, m\u00f3wi: \u201eMi\u0142ujcie si\u0119&#8230; jak ja was umi\u0142owa\u0142em&#8221;. Jest to nowy punkt odniesienia.<\/p>\n<p>Ta mi\u0142o\u015b\u0107 jest nam ukazywana i dawana przede wszystkim w Eucharystii. Ten Sakrament, kt\u00f3ry trwa od wieczernika jest wpisany w dzieje ca\u0142ego \u015awiata i w dzieje ka\u017cdego cz\u0142owieka. Ko\u015bci\u00f3\u0142 uczy, \u017ce Sakrament Eucharystii jest Sakramentem-Ofiary i Sakramentem-Komuni\u0105, i Sakramentem-Obecno\u015bci\u0105. A mi\u0142o\u015b\u0107, kt\u00f3ra rodzi si\u0119 w nas w Eucharystii i dzi\u0119ki Eucharystii, te\u017c w nas rozwija si\u0119. gruntuje i umacnia.<\/p>\n<p>Mi\u0142o\u015b\u0107 Chrystusa ma to do siebie, \u017ce wci\u0105\u017c domaga si\u0119 czego\u015b wi\u0119cej, nowego po\u015bwi\u0119cenia, nowego ducha.<\/p>\n<p>Je\u017celi \u017cyjemy z Chrystusem to ju\u017c nie umieramy, bo w nas jest \u017cycie wieczne. To do nas odnosz\u0105 si\u0119 pe\u0142ne nadziei s\u0142owa Apokalipsy:<\/p>\n<p>\u201eI otrze z ich oczu wszelk\u0105 \u0142z\u0119, a \u015bmierci ju\u017c odt\u0105d nie b\u0119dzie. Ani \u017ca\u0142oby, ni krzyku, ni trudu ju\u017c odt\u0105d nie b\u0119dzie, bo pierwsze rzeczy przemin\u0119\u0142y&#8230;&#8221;. Przyjmijmy , Bracia i Siostry, te s\u0142owa z wiar\u0105, nadziej\u0105 i mi\u0142o\u015bci\u0105.<\/p>\n","protected":false},"excerpt":{"rendered":"<p>Ilu to ju\u017c ludzi marzy\u0142o o stworzeniu nowego, lepszego \u015bwiata. Ju\u017c od pocz\u0105tku dziej\u00f3w ludzko\u015bci marzono o szcz\u0119\u015bliwym raju na ziemi. Istnia\u0142o i istnieje wiele teorii , kt\u00f3re z dum\u0105 g\u0142osi\u0142y i g\u0142osz\u0105, \u017ce odnalaz\u0142y prawd\u0119. I co? Jedne przecz\u0105 drugim. Zdarza si\u0119, \u017ce nie trzeba d\u0142ugo czeka\u0107, aby rzekoma prawda uznana zosta\u0142a za nieaktual\u00adn\u0105, przestarza\u0142\u0105, nadaj\u0105c\u0105 si\u0119 do lamusa ludzkich pomy\u0142ek, b\u0142\u0119d\u00f3w i wypa\u00adcze\u0144. Pomimo naszych szczerych intencji i zabieg\u00f3w w walce z n\u0119dz\u0105, ciemnot\u0105 i zacofaniem, chocia\u017c pr\u00f3bujemy budowa\u0107 sprawiedliwo\u015b\u0107, pok\u00f3j i tolerancj\u0119 &#8211; to nasze zabieganie i budowa\u00adnie przepe\u0142nione jest l\u0119kiem, poczuciem zagro\u017cenia, niepokojem i niepewno\u015b\u00adci\u0105 czy podj\u0119li\u015bmy w\u0142a\u015bciw\u0105 decyzj\u0119? Bywa, \u017ce cz\u0142owiek nie widzi sensu w tym, co czyni. Coraz bardziej jest osamotniony i odczuwa ten bezsens. Tak\u017ce wspaniale rozwijaj\u0105ca si\u0119 medycyna cz\u0119sto jest bezradna wobec cierpienia, chor\u00f3b i \u015bmierci. Dlatego unosi si\u0119 z tej ziemi ku niebu niemy krzyk, o kt\u00f3rym m\u00f3wi znana pie\u015b\u0144: \u201eGrzech&hellip;<\/p>\n<p> <a class=\"more-link\" href=\"http:\/\/www.franciszek-walcz.pl\/?p=20395\">Czytaj dalej<\/a><\/p>\n","protected":false},"author":1,"featured_media":0,"comment_status":"closed","ping_status":"closed","sticky":false,"template":"","format":"standard","meta":{"footnotes":""},"categories":[5],"tags":[],"class_list":{"0":"post-20395","1":"post","2":"type-post","3":"status-publish","4":"format-standard","6":"category-artykuly"},"brizy_media":[],"_links":{"self":[{"href":"http:\/\/www.franciszek-walcz.pl\/index.php?rest_route=\/wp\/v2\/posts\/20395","targetHints":{"allow":["GET"]}}],"collection":[{"href":"http:\/\/www.franciszek-walcz.pl\/index.php?rest_route=\/wp\/v2\/posts"}],"about":[{"href":"http:\/\/www.franciszek-walcz.pl\/index.php?rest_route=\/wp\/v2\/types\/post"}],"author":[{"embeddable":true,"href":"http:\/\/www.franciszek-walcz.pl\/index.php?rest_route=\/wp\/v2\/users\/1"}],"replies":[{"embeddable":true,"href":"http:\/\/www.franciszek-walcz.pl\/index.php?rest_route=%2Fwp%2Fv2%2Fcomments&post=20395"}],"version-history":[{"count":1,"href":"http:\/\/www.franciszek-walcz.pl\/index.php?rest_route=\/wp\/v2\/posts\/20395\/revisions"}],"predecessor-version":[{"id":20396,"href":"http:\/\/www.franciszek-walcz.pl\/index.php?rest_route=\/wp\/v2\/posts\/20395\/revisions\/20396"}],"wp:attachment":[{"href":"http:\/\/www.franciszek-walcz.pl\/index.php?rest_route=%2Fwp%2Fv2%2Fmedia&parent=20395"}],"wp:term":[{"taxonomy":"category","embeddable":true,"href":"http:\/\/www.franciszek-walcz.pl\/index.php?rest_route=%2Fwp%2Fv2%2Fcategories&post=20395"},{"taxonomy":"post_tag","embeddable":true,"href":"http:\/\/www.franciszek-walcz.pl\/index.php?rest_route=%2Fwp%2Fv2%2Ftags&post=20395"}],"curies":[{"name":"wp","href":"https:\/\/api.w.org\/{rel}","templated":true}]}}