{"id":20548,"date":"2022-05-28T11:10:46","date_gmt":"2022-05-28T09:10:46","guid":{"rendered":"http:\/\/www.franciszek-walcz.pl\/?p=20548"},"modified":"2022-05-28T11:10:46","modified_gmt":"2022-05-28T09:10:46","slug":"o-wniebowstapieniu-panskim","status":"publish","type":"post","link":"http:\/\/www.franciszek-walcz.pl\/?p=20548","title":{"rendered":"O WNIEBOWST\u0104PIENIU PA\u0143SKIM"},"content":{"rendered":"<p>\u015bw. Augustyn w kazaniu na dzie\u0144 Wniebowst\u0105pienia wo\u0142a\u0142 \u201eW dniu dzisiejszym nasz Pan, Jezus Chrystus, wst\u0105pi\u0142 do nieba: pod\u0105\u017cajmy tam sercem razem z Nim\u201d \u2013. Id\u0105c za wskaz\u00f3wk\u0105 \u015bw. Augustyna kierujemy nasz wzrok ku niebu. Dzi\u015b radujemy si\u0119, prze\u017cywaj\u0105c uroczysto\u015b\u0107 Wniebowst\u0105pienia Chrystusa, kt\u00f3ry 40 dni po zmartwychwstaniu pe\u0142en chwa\u0142y wst\u0119puje do nieba. W s\u0142owach oracji kap\u0142a\u0144skiej s\u0142yszymy modlitewn\u0105 pro\u015bb\u0119 do Boga: \u201espraw, prosimy, aby\u015bmy r\u00f3wnie\u017c duchem przebywali w niebie\u201d.<\/p>\n<p><strong>Jezus wst\u0105pi\u0142 do nieba na spos\u00f3b chwalebny, \u2013 mo\u017cemy powiedzie\u0107 \u2013 spektakularny, jawny!<\/strong>\u00a0W ten spos\u00f3b wskaza\u0142 nam i wci\u0105\u017c wskazuje kierunek naszej ziemskiej w\u0119dr\u00f3wki, ziemskiej pielgrzymki, kt\u00f3rym jest \u017cycie wieczne. Ukazuje te\u017c sens naszych ziemskich trud\u00f3w i cierpie\u0144, by\u015bmy i my kiedy\u015b zakr\u00f3lowali z Nim w niebie.<\/p>\n<p>Dzisiejsza uroczysto\u015b\u0107 jest wi\u0119c dla nas sposobno\u015bci\u0105, by\u015bmy podj\u0119li refleksj\u0119 nad \u017cyciem wiecznym, nad naszym przeznaczeniem do \u017cycia wiecznego.\u00a0<strong>Swoim Wniebowst\u0105pieniem bowiem Jezus pokazuje nasz\u0105 godno\u015b\u0107 i wywy\u017csza nasz\u0105 ludzk\u0105 natur\u0119.<\/strong>\u00a0On \u2013 G\u0142owa Ko\u015bcio\u0142a, czyli Jego Mistycznego Cia\u0142a. Przypominamy wi\u0119c sobie, \u017ce poprzez chrzest \u015bw. stali\u015bmy si\u0119 OBYWATELAMI NIEBA. Ju\u017c nie jeste\u015bmy dzie\u0107mi tego \u015bwiata, ale wieczno\u015bci! Jeste\u015bmy wykupieni dla nieba za cen\u0119 Ofiary \u2013 M\u0119ki i \u015amierci Pana. W\u0142\u0105czeni w Chrystusa przez \u0142ask\u0119 chrztu, wraz z nim mamy kiedy\u015b wej\u015b\u0107 do chwa\u0142y nieba!\u00a0<strong>Ta ziemia jest dla nas\u00a0<\/strong><em><strong>obczyzn\u0105<\/strong><\/em><strong>, a niebo jest\u00a0<\/strong><em><strong>ojczyzn\u0105<\/strong><\/em><strong>.<\/strong>\u00a0Dlatego \u015bw. Cyryl Aleksandryjski napisa\u0142:\u00a0<strong>\u201eNie jeste\u015bmy ju\u017c tylko lud\u017ami, lecz dzie\u0107mi Bo\u017cymi i lud\u017ami niebia\u0144skimi, bo stali\u015bmy si\u0119 uczestnikami Boskiej natury\u201d.<\/strong><\/p>\n<p>W ten dzie\u0144, kiedy mamy wpatrywa\u0107 si\u0119 w niebo, zadajmy sobie pytanie:\u00a0<strong>Czy powa\u017cnie my\u015blimy o wieczno\u015bci?<\/strong>\u00a0Czy zbieramy zas\u0142ugi na wieczno\u015b\u0107, \u017cyj\u0105c w pe\u0142nej trosce o rozw\u00f3j \u017cycia duchowego, trwaj\u0105c w \u0142asce u\u015bwi\u0119caj\u0105cej? Niestety, nierzadko\u00a0<strong>zag\u0142uszeni zgie\u0142kiem wsp\u00f3\u0142czesnego \u015bwiata zapominamy o wieczno\u015bci\u2026<\/strong>\u00a0Dzisiejszy \u017cyj\u0105cy w zawrotnym tempie cz\u0142owiek nie potrafi ju\u017c cz\u0119sto trwa\u0107 w ciszy\u2026 wys\u0142ucha\u0107 kazania\u2026 skoncentrowa\u0107 si\u0119 na modlitwie\u2026\u00a0<strong>Uroczysto\u015b\u0107 Wniebowst\u0105pienia Pana nak\u0142ania nas do tego, by zwolni\u0107 tempo \u017cycia i spojrze\u0107 w niebo, gdzie zasiada Chrystus po prawicy Ojca.<\/strong>\u00a0Zach\u0119ca nas, by powa\u017cnie pomy\u015ble\u0107 o wieczno\u015bci i obudzi\u0107 na nowo \u015bwiadomo\u015b\u0107, \u017ce \u017cycie na ziemi jest do niej przygotowaniem. Mo\u017ce czas na nowo odkry\u0107 prawd\u0119 naszej wiary:\u00a0<strong>\u201eDusza ludzka jest nie\u015bmiertelna\u201d<\/strong>, a tak\u017ce prawd\u0119 wiary o naszym przysz\u0142ym zmartwychwstaniu? W czasie kiedy prze\u017cywamy setn\u0105 rocznic\u0119 urodzin \u015bw. Jana Paw\u0142a II, przypomnijmy sobie s\u0142owa z wadowickiego zegara: \u201eCzas ucieka, wieczno\u015b\u0107 czeka\u201d.<\/p>\n<p><strong>Dzi\u015b te\u017c w jaki\u015b spos\u00f3b wracamy do chrztu, poprzez kt\u00f3ry B\u00f3g uczyni\u0142 nas dziedzicami nieba.\u00a0<\/strong>W miejsce grzechu pierworodnego otrzymali\u015bmy \u0142ask\u0119 niewinno\u015bci, stan \u0142aski u\u015bwi\u0119caj\u0105cej. Symbolizowa\u0142a to bia\u0142a szata, kt\u00f3r\u0105 na nas na\u0142o\u017cono.\u00a0<strong>Ta bia\u0142a szata, czyli stan \u0142aski u\u015bwi\u0119caj\u0105cej, jest konieczna, by wej\u015b\u0107 do nieba.\u00a0<\/strong>Trzeba nam wi\u0119c trwa\u0107 w nieustannej gotowo\u015bci, \u017cyj\u0105c w \u0142asce. A je\u015bli zdarzy si\u0119 grzech ci\u0119\u017cki, kt\u00f3ry por\u00f3wna\u0107 mo\u017cemy do\u00a0<strong>gwa\u0142townego zerwania tej bia\u0142ej szaty z duszy,<\/strong>\u00a0w\u00a0<strong>spowiedzi \u015bw. B\u00f3g ponownie przyobleka nas t\u0105 bia\u0142\u0105 szat\u0105 \u0142aski u\u015bwi\u0119caj\u0105cej, czyni\u0105c nas na nowo dziedzicami nieba.<\/strong>\u00a0Niezwyk\u0142e s\u0105 s\u0142owa \u015bw. Paw\u0142a z Listu do Kolosan:\u00a0<em>\u201eJe\u015bli wi\u0119c razem z Chrystusem powstali\u015bcie z martwych, szukajcie tego, co w g\u00f3rze, gdzie przebywa Chrystus, zasiadaj\u0105cy po prawicy Boga. D\u0105\u017ccie do tego, co w g\u00f3rze, nie do tego, co na ziemi\u201d\u00a0<\/em>(Kol 3,1-2).<\/p>\n<p><strong>Ziemskie sprawy, problemy\u2026 nie mog\u0105 nam zas\u0142oni\u0107 perspektywy wiecznego \u017cycia.<\/strong>\u00a0To bowiem grozi utrat\u0105 nieba!\u00a0<strong>\u017bycie ziemskie jest pr\u00f3b\u0105 dla ludzkiej duszy, czy zdo\u0142a si\u0119 wznie\u015b\u0107 ponad materi\u0119 i zat\u0119skni\u0107 za Bogiem<\/strong>, czy te\u017c sp\u0119dzi ten \u017cywot zanurzona w rozkoszach i przyjemno\u015bciach tego \u015bwiata, zapominaj\u0105c o Bogu. Czy b\u0119dzie zbiera\u0107 zas\u0142ugi, czyli dobre czyny w \u0142asce u\u015bwi\u0119caj\u0105cej dla Boga czy b\u0119dzie zbiera\u0107 grzechy na w\u0142asne pot\u0119pienie\u2026<\/p>\n<p><strong>Trzeba nam wi\u0119c pomy\u015ble\u0107 powa\u017cnie o \u015bmierci, czyli o oddzieleniu duszy od cia\u0142a.<\/strong>\u00a0Ten moment to b\u0119dzie przej\u015bcie do wieczno\u015bci i nikt nie wie kiedy on nast\u0105pi. B\u0119dzie to przej\u015bcie z \u015bwiata widzialnego do tego, co niewidzialne, co nieprzemijaj\u0105ce!\u00a0<strong>Po \u015bmierci czeka nas tzw. s\u0105d szczeg\u00f3\u0142owy<\/strong>, czyli podsumowanie ca\u0142ego \u017cycia: z ka\u017cdej my\u015bli, s\u0142owa, czynu, zaniedba\u0144\u2026 padnie pytanie S\u0119dziego o grzechy \u015bmiertelne i powszednie oraz pokut\u0119 za nie, a tak\u017ce o \u0142aski, jakie otrzymali\u015bmy od Boga. Zaraz po \u015bmierci dusza nasza stanie przed Chrystusem i zostanie rozliczona z czasu ziemskiego \u017cycia<strong>.\u00a0Wed\u0142ug stanu naszej duszy i naszych uczynk\u00f3w zapadnie wyrok na wieki!<\/strong>\u00a0Od tego wyroku nie b\u0119dzie odwo\u0142ania, bo nie ma wy\u017cszej instancji s\u0105downiczej ni\u017c B\u00f3g. Jak\u017ce wa\u017cne jest wi\u0119c, by by\u0107 nieustannie gotowym na wieczno\u015b\u0107.<\/p>\n<p>Jaka jest jednak \u015bwiadomo\u015b\u0107 rzeczy ostatecznych u dzisiejszego katolika? Kiedy\u015b podczas kol\u0119dy powiedzia\u0142em pewnej osobie, kt\u00f3ra dawno nie by\u0142a u spowiedzi: \u201eCzas pomy\u015ble\u0107 o wieczno\u015bci\u201d. Odpowied\u017a brzmia\u0142a:\u00a0<strong>\u201eProsz\u0119 ksi\u0119dza, ja nie wiem czy do\u017cyj\u0119 jutra, a b\u0119d\u0119 my\u015ble\u0107 o wieczno\u015bci?\u201d<\/strong>. A w\u0142a\u015bnie dlatego musimy my\u015ble\u0107 o wieczno\u015bci, poniewa\u017c nie wiemy czy do\u017cyjemy jutra.\u00a0<strong>Niekt\u00f3rzy kwituj\u0105 spraw\u0119 wieczno\u015bci m\u00f3wi\u0105c, \u017ce \u201ei tak nie wiadomo czy co\u015b tam jest\u201d.<\/strong>\u00a0Czy wi\u0119c naprawd\u0119 wierz\u0105 w Chrystusa, kt\u00f3ry zmartwychwsta\u0142 w\u0142asn\u0105 moc\u0105, a 40 dni p\u00f3\u017aniej chwalebnie wst\u0105pi\u0142 do nieba?\u00a0<strong>To w\u0142a\u015bnie osoba Jezusa Chrystusa, jego czyny i s\u0142owa s\u0105 gwarancj\u0105 i fundamentem naszej wiary w \u017cycie wieczne, kt\u00f3re t\u0142umaczy nam Ko\u015bci\u00f3\u0142.\u00a0Dlaczego wi\u0119c dzi\u015b tylu katolik\u00f3w \u017cyje tak, jakby tu mia\u0142o si\u0119 sko\u0144czy\u0107 wszystko, jakby celem \u017cycia mia\u0142 by\u0107 gr\u00f3b?<\/strong>\u00a0Poprzez chrzest \u015bw. stali si\u0119 obywatelami nieba, ale w og\u00f3le o tym niebie i powo\u0142aniu do \u015bwi\u0119to\u015bci nie my\u015bl\u0105 powa\u017cnie! Zachowuj\u0105 si\u0119 jakby tu by\u0142a ich wieczna ojczyzna. Zapominaj\u0105 o realno\u015bci \u015bwiata niewidzialnego, do kt\u00f3rego Chrystus chwalebnie wst\u0105pi\u0142!<\/p>\n<p>Trzeba nam dzi\u015b zatrzyma\u0107 si\u0119 i spojrze\u0107 w niebo! To co nas czeka w niebie \u2013 m\u00f3wi \u015bw. Augustyn \u2013 mie\u015bci si\u0119 w jednozg\u0142oskowym wyrazie:\u00a0<em>B\u00f3g<\/em>\u201d.\u00a0<strong>Istot\u0105 wi\u0119c nieba jest sam B\u00f3g w Tr\u00f3jcy Przenaj\u015bwi\u0119tszej, kt\u00f3rego zobaczymy twarz\u0105 w twarz. B\u0119dziemy Go kontemplowa\u0107 i zachwyca\u0107 si\u0119 Nim na wieki, ka\u017cdy wed\u0142ug ilo\u015bci zdobytych zas\u0142ug, a wi\u0119c na odpowiednim stopniu chwa\u0142y!<\/strong><\/p>\n<p><strong>Niech dzisiejsza uroczysto\u015b\u0107 Wniebowst\u0105pienia rozpali w nas pragnienie nieba!<\/strong>\u00a0Cho\u0107 jest to droga trudna, ale nagroda wielka! Jest to droga krzy\u017ca, cierpienia, ofiar, szarej codzienno\u015bci, przykaza\u0144, modlitwy, sakrament\u00f3w, przebaczenia\u2026\u00a0<strong>Zmartwychwsta\u0142y Chrystus wst\u0119puj\u0105cy do nieba przypomina nam, \u017ce naszym celem nie jest gr\u00f3b, ale uczestnictwo w \u017cyciu Boga w niebie!\u00a0<\/strong>Przy swym Wniebowst\u0105pieniu s\u0142owami anio\u0142\u00f3w zapewnia nas o swoim chwalebnym powrocie w Dniu Ostatecznym, kt\u00f3ry b\u0119dzie r\u00f3wnie\u017c czasem naszego przysz\u0142ego zmartwychwstania, ostatecznego ca\u0142kowitego zwyci\u0119stwa dobra nad z\u0142em!<\/p>\n<p><strong>W kontek\u015bcie obecnego czasu, kt\u00f3ry tak wiele serc nape\u0142nia trwog\u0105, pami\u0119tajmy o tym, kto ma na \u015bwiecie pe\u0142n\u0105 w\u0142adz\u0119, kto jest Kr\u00f3lem \u015bwiata!<\/strong>\u00a0On jest ca\u0142y czas z nami, w swoim Ko\u015bciele, w sakramentach, a przede wszystkim w Sakramencie O\u0142tarza. Nie opuszcza zbola\u0142ej ludzko\u015bci. Pami\u0119tajmy wi\u0119c o ostatnich s\u0142owach naszego Pana, kiedy by\u0142 na ziemi.<\/p>\n","protected":false},"excerpt":{"rendered":"<p>\u015bw. Augustyn w kazaniu na dzie\u0144 Wniebowst\u0105pienia wo\u0142a\u0142 \u201eW dniu dzisiejszym nasz Pan, Jezus Chrystus, wst\u0105pi\u0142 do nieba: pod\u0105\u017cajmy tam sercem razem z Nim\u201d \u2013. Id\u0105c za wskaz\u00f3wk\u0105 \u015bw. Augustyna kierujemy nasz wzrok ku niebu. Dzi\u015b radujemy si\u0119, prze\u017cywaj\u0105c uroczysto\u015b\u0107 Wniebowst\u0105pienia Chrystusa, kt\u00f3ry 40 dni po zmartwychwstaniu pe\u0142en chwa\u0142y wst\u0119puje do nieba. W s\u0142owach oracji kap\u0142a\u0144skiej s\u0142yszymy modlitewn\u0105 pro\u015bb\u0119 do Boga: \u201espraw, prosimy, aby\u015bmy r\u00f3wnie\u017c duchem przebywali w niebie\u201d. Jezus wst\u0105pi\u0142 do nieba na spos\u00f3b chwalebny, \u2013 mo\u017cemy powiedzie\u0107 \u2013 spektakularny, jawny!\u00a0W ten spos\u00f3b wskaza\u0142 nam i wci\u0105\u017c wskazuje kierunek naszej ziemskiej w\u0119dr\u00f3wki, ziemskiej pielgrzymki, kt\u00f3rym jest \u017cycie wieczne. Ukazuje te\u017c sens naszych ziemskich trud\u00f3w i cierpie\u0144, by\u015bmy i my kiedy\u015b zakr\u00f3lowali z Nim w niebie. Dzisiejsza uroczysto\u015b\u0107 jest wi\u0119c dla nas sposobno\u015bci\u0105, by\u015bmy podj\u0119li refleksj\u0119 nad \u017cyciem wiecznym, nad naszym przeznaczeniem do \u017cycia wiecznego.\u00a0Swoim Wniebowst\u0105pieniem bowiem Jezus pokazuje nasz\u0105 godno\u015b\u0107 i wywy\u017csza nasz\u0105 ludzk\u0105 natur\u0119.\u00a0On \u2013 G\u0142owa Ko\u015bcio\u0142a, czyli&hellip;<\/p>\n<p> <a class=\"more-link\" href=\"http:\/\/www.franciszek-walcz.pl\/?p=20548\">Czytaj dalej<\/a><\/p>\n","protected":false},"author":1,"featured_media":0,"comment_status":"closed","ping_status":"closed","sticky":false,"template":"","format":"standard","meta":{"footnotes":""},"categories":[5],"tags":[],"class_list":{"0":"post-20548","1":"post","2":"type-post","3":"status-publish","4":"format-standard","6":"category-artykuly"},"brizy_media":[],"_links":{"self":[{"href":"http:\/\/www.franciszek-walcz.pl\/index.php?rest_route=\/wp\/v2\/posts\/20548","targetHints":{"allow":["GET"]}}],"collection":[{"href":"http:\/\/www.franciszek-walcz.pl\/index.php?rest_route=\/wp\/v2\/posts"}],"about":[{"href":"http:\/\/www.franciszek-walcz.pl\/index.php?rest_route=\/wp\/v2\/types\/post"}],"author":[{"embeddable":true,"href":"http:\/\/www.franciszek-walcz.pl\/index.php?rest_route=\/wp\/v2\/users\/1"}],"replies":[{"embeddable":true,"href":"http:\/\/www.franciszek-walcz.pl\/index.php?rest_route=%2Fwp%2Fv2%2Fcomments&post=20548"}],"version-history":[{"count":1,"href":"http:\/\/www.franciszek-walcz.pl\/index.php?rest_route=\/wp\/v2\/posts\/20548\/revisions"}],"predecessor-version":[{"id":20549,"href":"http:\/\/www.franciszek-walcz.pl\/index.php?rest_route=\/wp\/v2\/posts\/20548\/revisions\/20549"}],"wp:attachment":[{"href":"http:\/\/www.franciszek-walcz.pl\/index.php?rest_route=%2Fwp%2Fv2%2Fmedia&parent=20548"}],"wp:term":[{"taxonomy":"category","embeddable":true,"href":"http:\/\/www.franciszek-walcz.pl\/index.php?rest_route=%2Fwp%2Fv2%2Fcategories&post=20548"},{"taxonomy":"post_tag","embeddable":true,"href":"http:\/\/www.franciszek-walcz.pl\/index.php?rest_route=%2Fwp%2Fv2%2Ftags&post=20548"}],"curies":[{"name":"wp","href":"https:\/\/api.w.org\/{rel}","templated":true}]}}