{"id":20585,"date":"2022-06-04T09:02:10","date_gmt":"2022-06-04T07:02:10","guid":{"rendered":"http:\/\/www.franciszek-walcz.pl\/?p=20585"},"modified":"2022-06-04T09:02:10","modified_gmt":"2022-06-04T07:02:10","slug":"12-obietnic-pana-jezusa-danych-ludzkosci-w-wizji-sw-malgorzaty-alacoque","status":"publish","type":"post","link":"http:\/\/www.franciszek-walcz.pl\/?p=20585","title":{"rendered":"12 obietnic Pana Jezusa danych ludzko\u015bci w wizji \u015bw. Ma\u0142gorzaty Alacoque"},"content":{"rendered":"<p><strong>Pan Jezus pokazuj\u0105c jej swoje Serce pe\u0142ne ognia, rzek\u0142 do niej: \u201cMoje Boskie Serce tak p\u0142onie mi\u0142o\u015bci\u0105 ku ludziom, \u017ce nie mo\u017ce d\u0142u\u017cej utrzyma\u0107 tych p\u0142omieni gorej\u0105cych, zamkni\u0119tych w moim \u0142onie. Ono pragnie rozla\u0107 je za twoim po\u015brednictwem i pragnie wzbogaci\u0107 ludzi swoimi Bo\u017cymi skarbami\u201d.<\/strong><\/p>\n<p>G\u0142\u00f3wna zas\u0142uga w rozpowszechnianiu si\u0119 nabo\u017ce\u0144stwa do Naj\u015bwi\u0119tszego Serca Pana Jezusa przypada skromnej zakonnicy, \u015bw. Ma\u0142gorzacie Marii Alacoque (1647-1690). W grudniu 1673 roku \u015bw. Ma\u0142gorzata dopuszczona zosta\u0142a do tego, by spocz\u0119\u0142a na Sercu Jezusowym.<\/p>\n<p><strong>Pan Jezus da\u0142 \u015bw. Ma\u0142gorzacie Alacoque dwana\u015bcie obietnic, dotycz\u0105cych czcicieli Jego Serca:<\/strong><br \/>\nDam im \u0142aski, potrzebne w ich stanie.<br \/>\nUstal\u0119 pok\u00f3j w ich rodzinach.<br \/>\nB\u0119d\u0119 ich pociesza\u0142 w utrapieniach.<br \/>\nB\u0119d\u0119 ich pewn\u0105 ucieczk\u0105 w \u017cyciu, a szczeg\u00f3lnie w godzin\u0119 \u015bmierci.<br \/>\nB\u0119d\u0119 im b\u0142ogos\u0142awi\u0142 w ich przedsi\u0119wzi\u0119ciach.<br \/>\nGrzesznicy znajd\u0105 w mym Sercu \u017ar\u00f3d\u0142o i ocean mi\u0142osierdzia.<br \/>\nDusze ozi\u0119b\u0142e stan\u0105 si\u0119 gorliwymi.<br \/>\nDusze gorliwe pr\u0119dko dojd\u0105 do doskona\u0142o\u015bci.<br \/>\nB\u0119d\u0119 b\u0142ogos\u0142awi\u0142 domom, w kt\u00f3rych wizerunek Serca mojego b\u0119dzie czczony.<br \/>\nOsoby, kt\u00f3re b\u0119d\u0105 to nabo\u017ce\u0144stwo rozszerza\u0142y, b\u0119d\u0105 mia\u0142y imi\u0119 swoje wypisane w Sercu moim.<br \/>\nDam kap\u0142anom dar wzruszania serc nawet najzatwardzialszych.<\/p>\n<p>W nadmiarze mi\u0142osierdzia Serca mojego przyrzekam tym wszystkim, kt\u00f3rzy b\u0119d\u0105 komunikowa\u0107 w pierwsze pi\u0105tki miesi\u0105ca przez dziewi\u0119\u0107 miesi\u0119cy z rz\u0119du w intencji wynagrodzenia\u00a0\u017ce mi\u0142o\u015b\u0107 moja udzieli \u0142ask\u0119 pokuty, i\u017c nie umr\u0105 w mojej nie\u0142asce, ani bez Sakrament\u00f3w \u015bwi\u0119tych, a Serce moje b\u0119dzie im pewn\u0105 ucieczk\u0105 w ostatniej godzinie \u017cycia.<\/p>\n<p>\u0179r\u00f3d\u0142o tekstu:<\/p>\n<p><a href=\"http:\/\/www.antoni-kapucyni.pl\/nabozenstwa\/pierwszy-piatek-miesiaca\/\">http:\/\/www.antoni-kapucyni.pl\/nabozenstwa\/pierwszy-piatek-miesiaca\/<\/a><\/p>\n","protected":false},"excerpt":{"rendered":"<p>Pan Jezus pokazuj\u0105c jej swoje Serce pe\u0142ne ognia, rzek\u0142 do niej: \u201cMoje Boskie Serce tak p\u0142onie mi\u0142o\u015bci\u0105 ku ludziom, \u017ce nie mo\u017ce d\u0142u\u017cej utrzyma\u0107 tych p\u0142omieni gorej\u0105cych, zamkni\u0119tych w moim \u0142onie. Ono pragnie rozla\u0107 je za twoim po\u015brednictwem i pragnie wzbogaci\u0107 ludzi swoimi Bo\u017cymi skarbami\u201d. G\u0142\u00f3wna zas\u0142uga w rozpowszechnianiu si\u0119 nabo\u017ce\u0144stwa do Naj\u015bwi\u0119tszego Serca Pana Jezusa przypada skromnej zakonnicy, \u015bw. Ma\u0142gorzacie Marii Alacoque (1647-1690). W grudniu 1673 roku \u015bw. Ma\u0142gorzata dopuszczona zosta\u0142a do tego, by spocz\u0119\u0142a na Sercu Jezusowym. Pan Jezus da\u0142 \u015bw. Ma\u0142gorzacie Alacoque dwana\u015bcie obietnic, dotycz\u0105cych czcicieli Jego Serca: Dam im \u0142aski, potrzebne w ich stanie. Ustal\u0119 pok\u00f3j w ich rodzinach. B\u0119d\u0119 ich pociesza\u0142 w utrapieniach. B\u0119d\u0119 ich pewn\u0105 ucieczk\u0105 w \u017cyciu, a szczeg\u00f3lnie w godzin\u0119 \u015bmierci. B\u0119d\u0119 im b\u0142ogos\u0142awi\u0142 w ich przedsi\u0119wzi\u0119ciach. Grzesznicy znajd\u0105 w mym Sercu \u017ar\u00f3d\u0142o i ocean mi\u0142osierdzia. Dusze ozi\u0119b\u0142e stan\u0105 si\u0119 gorliwymi. Dusze gorliwe pr\u0119dko dojd\u0105 do doskona\u0142o\u015bci. B\u0119d\u0119 b\u0142ogos\u0142awi\u0142 domom, w kt\u00f3rych&hellip;<\/p>\n<p> <a class=\"more-link\" href=\"http:\/\/www.franciszek-walcz.pl\/?p=20585\">Czytaj dalej<\/a><\/p>\n","protected":false},"author":1,"featured_media":0,"comment_status":"closed","ping_status":"closed","sticky":false,"template":"","format":"standard","meta":{"footnotes":""},"categories":[5],"tags":[],"class_list":{"0":"post-20585","1":"post","2":"type-post","3":"status-publish","4":"format-standard","6":"category-artykuly"},"brizy_media":[],"_links":{"self":[{"href":"http:\/\/www.franciszek-walcz.pl\/index.php?rest_route=\/wp\/v2\/posts\/20585","targetHints":{"allow":["GET"]}}],"collection":[{"href":"http:\/\/www.franciszek-walcz.pl\/index.php?rest_route=\/wp\/v2\/posts"}],"about":[{"href":"http:\/\/www.franciszek-walcz.pl\/index.php?rest_route=\/wp\/v2\/types\/post"}],"author":[{"embeddable":true,"href":"http:\/\/www.franciszek-walcz.pl\/index.php?rest_route=\/wp\/v2\/users\/1"}],"replies":[{"embeddable":true,"href":"http:\/\/www.franciszek-walcz.pl\/index.php?rest_route=%2Fwp%2Fv2%2Fcomments&post=20585"}],"version-history":[{"count":1,"href":"http:\/\/www.franciszek-walcz.pl\/index.php?rest_route=\/wp\/v2\/posts\/20585\/revisions"}],"predecessor-version":[{"id":20586,"href":"http:\/\/www.franciszek-walcz.pl\/index.php?rest_route=\/wp\/v2\/posts\/20585\/revisions\/20586"}],"wp:attachment":[{"href":"http:\/\/www.franciszek-walcz.pl\/index.php?rest_route=%2Fwp%2Fv2%2Fmedia&parent=20585"}],"wp:term":[{"taxonomy":"category","embeddable":true,"href":"http:\/\/www.franciszek-walcz.pl\/index.php?rest_route=%2Fwp%2Fv2%2Fcategories&post=20585"},{"taxonomy":"post_tag","embeddable":true,"href":"http:\/\/www.franciszek-walcz.pl\/index.php?rest_route=%2Fwp%2Fv2%2Ftags&post=20585"}],"curies":[{"name":"wp","href":"https:\/\/api.w.org\/{rel}","templated":true}]}}