{"id":20591,"date":"2022-06-04T09:07:51","date_gmt":"2022-06-04T07:07:51","guid":{"rendered":"http:\/\/www.franciszek-walcz.pl\/?p=20591"},"modified":"2022-06-04T09:07:51","modified_gmt":"2022-06-04T07:07:51","slug":"niedziela-zeslania-ducha-swietego","status":"publish","type":"post","link":"http:\/\/www.franciszek-walcz.pl\/?p=20591","title":{"rendered":"Niedziela Zes\u0142ania Ducha \u015awi\u0119tego"},"content":{"rendered":"<p>Pewnego razu nauczycielka religii spyta\u0142a uczni\u00f3w klasy trzeciej podstaw\u00f3wki: kto z was mo\u017ce powiedzie\u0107, czym jest Tr\u00f3jca \u015bw.? I wtedy jeden z uczni\u00f3w, bardzo taki \u017cywy i czujny, odpowiedzia\u0142: ja, prosz\u0119 pani. \u015awi\u0119ta Tr\u00f3jca to Ojciec, Syn i\u2026 go\u0142\u0119bica\u201d.<\/p>\n<p>To wydarzenie ze szkolnej klasy jest \u017cartobliwe, ale mo\u017cna sobie pomy\u015ble\u0107, \u017ce pewnie jest wiele innych os\u00f3b, dla kt\u00f3rych Duch \u015awi\u0119ty to w\u0142a\u015bnie go\u0142\u0119bica. Prawd\u0105 jest, \u017ce w takiej formie zst\u0105pi\u0142 Duch \u015awi\u0119ty na Jezusa podczas chrztu w Jordanie i ukazywany jest w ten spos\u00f3b w sztuce sakralnej, widzimy to w wielu ko\u015bcio\u0142ach. Ale Duch \u015awi\u0119ty to nie go\u0142\u0119bica Duch \u015awi\u0119ty jest trzeci\u0105 osob\u0105 Tr\u00f3jcy \u015bw. i prawdziwym, osobowym Bogiem, i nie mo\u017ce by\u0107 zwyk\u0142ym zwierz\u0119ciem. Go\u0142\u0105b mo\u017ce by\u0107 na przyk\u0142ad symbolem pokoju.<\/p>\n<p>Podczas Ostatniej wieczerzy Jezus czyni uczniom obietnic\u0119: \u201eJa za\u015b b\u0119d\u0119 prosi\u0142 Ojca, a innego Pocieszyciela da wam, aby z wami by\u0142 na zawsze \u2014 Ducha Prawdy\u201d.A troch\u0119 p\u00f3\u017aniej m\u00f3wi: To wam powiedzia\u0142em przebywaj\u0105c w\u015br\u00f3d was. A Pocieszyciel, Duch \u015awi\u0119ty, kt\u00f3rego Ojciec po\u015ble w moim imieniu, On was wszystkiego nauczy i przypomni wam wszystko, co Ja wam powiedzia\u0142em\u201d .<\/p>\n<p>Po zako\u0144czeniu Wieczerzy ponownie sk\u0142ada obietnic\u0119: Po\u017cyteczne jest dla was moje odej\u015bcie. Bo je\u017celi nie odejd\u0119, Pocieszyciel nie przyjdzie do was. A je\u017celi odejd\u0119, po\u015bl\u0119 Go do was; Jeszcze wiele mam wam do powiedzenia, ale teraz \/jeszcze\/ znie\u015b\u0107 nie mo\u017cecie. Gdy za\u015b przyjdzie On, Duch Prawdy, doprowadzi was do ca\u0142ej prawdy; i oznajmi wam rzeczy przysz\u0142e\u201d .<\/p>\n<p>W kalendarzu liturgicznym, po uroczysto\u015bci Wniebowst\u0105pienia, 50 dni po Zmartwychwstaniu, obchodzimy uroczysto\u015b\u0107 Zes\u0142ania Ducha \u015awi\u0119tego.<\/p>\n<p>Jest to pami\u0105tka tego dnia, kiedy aposto\u0142owie przebywali zebrani ponownie w Wieczerniku, a by\u0142a z nimi Maryja. Bali si\u0119 oni wyj\u015b\u0107 na zewn\u0105trz. \u201eNagle da\u0142 si\u0119 s\u0142ysze\u0107 z nieba szum, jakby uderzenie gwa\u0142townego wiatru, i nape\u0142ni\u0142 ca\u0142y dom, w kt\u00f3rym przebywali. Ukaza\u0142y si\u0119 im te\u017c j\u0119zyki jakby z ognia, kt\u00f3re si\u0119 rozdzieli\u0142y, i na ka\u017cdym z nich spocz\u0105\u0142 jeden. I wszyscy zostali nape\u0142nieni Duchem \u015awi\u0119tym\u201d .<\/p>\n<p>Od tego dnia, wszyscy oni, ju\u017c bez l\u0119ku i strachu, wyszli na zewn\u0105trz, aby g\u0142osi\u0107 ca\u0142emu \u015bwiatu Dobra Nowin\u0119 o Jezusie Chrystusie. To Duch \u015awi\u0119ty da\u0142 im moc do wype\u0142nienia tej wielkiej misji \u2013 niesienia S\u0142owa Bo\u017cego wszystkim narodom, udzielaj\u0105c im chrztu w imi\u0119 Ojca i Syna i Ducha \u015awi\u0119tego.<\/p>\n<p>Kim jest zatem Duch \u015awi\u0119ty? Wiemy ju\u017c, \u017ce jest Bogiem, trzeci\u0105 osob\u0105 Tr\u00f3jcy \u015bw. Ko\u015bci\u00f3\u0142 naucza, \u017ce Duch \u015awi\u0119ty jest mi\u0142o\u015bci\u0105 jaka istnieje pomi\u0119dzy Ojcem a Synem. Ona \u2013 ta mi\u0142o\u015b\u0107 Ojca i Syna \u2014 wype\u0142nia nas, gdy przyjmujemy chrzest. To dzi\u0119ki Duchowi \u015awi\u0119temu, tej boskiej mi\u0142o\u015bci, jeste\u015bmy zdolni kocha\u0107 Pana Boga i bli\u017aniego. Duch \u015awi\u0119ty pozwala nam i pomaga wype\u0142ni\u0107 nasze zobowi\u0105zania i zadania jako chrze\u015bcijan, uczni\u00f3w Chrystusa. W og\u00f3le czyni mo\u017cliwym w nas \u017cycie mi\u0142o\u015bci\u0105.<\/p>\n<p>A jakie s\u0105 znaki Ducha \u015awi\u0119tego? To w\u0142a\u015bnie te: wiatr i ogie\u0144. Te symbole wskazuj\u0105 nam na moc Ducha \u015awi\u0119tego. Wiatr jest niewidzialn\u0105 si\u0142\u0105, ale rzeczywist\u0105\u2026 Ogie\u0144 jest moc\u0105 oczyszczaj\u0105c\u0105\u2026 U\u017cywa si\u0119 go na przyk\u0142ad w laboratorium u\u017cywa si\u0119 ognia do sterylizacji narz\u0119dzi medycznych.<\/p>\n<p>Duch \u015awi\u0119ty jest niewidzialn\u0105 i pot\u0119\u017cn\u0105 moc\u0105, kt\u00f3ra zamieszkuje w nas i oczyszcza nas z egoizmu, aby przygotowa\u0107 nas i uczy\u0107 mi\u0142o\u015bci.<\/p>\n<p>Duch \u015awi\u0119ty ma r\u00f3\u017cne imiona, kt\u00f3re znamy z Pisma \u015bw., z Nowego Testamentu: Duch prawdy, Pocieszyciel, Duch Bo\u017cy, Duch \u0141aski, Moc Najwy\u017cszego, Tchnienie Wszechmocnego, Duch Pa\u0144ski.<\/p>\n<p>A co jest Jego misj\u0105? Jest u\u015bwi\u0119cicielem \u2013 u\u015bwi\u0119ca nasze \u017cycie i nasz\u0105 prac\u0119; przebywa w nas jako dawca \u017cycia i mi\u0142o\u015bci; modli si\u0119 w nas, wype\u0142nia nas Bo\u017c\u0105 prawd\u0105 i prowadzi do pe\u0142nej prawdy.<\/p>\n<p>Duch \u015awi\u0119ty obdarza nas swoimi darami. S\u0105 one Bo\u017cymi darami, (\u0142ask\u0105, jak m\u00f3wimy) i to otrzymanymi za darmo, ale bez kt\u00f3rych nie mogliby\u015bmy \u017cy\u0107 jako dzieci Bo\u017ce, chrze\u015bcijanie, uczniowie Chrystusa. I wiemy, \u017ce tych dar\u00f3w jest\u00a07:<\/p>\n<p>&#8211; dar m\u0105dro\u015bci, kt\u00f3ry pozwala nam poj\u0105\u0107 Boskie prawdy i m\u00f3c dokonywa\u0107 w \u017cyciu w\u0142a\u015bciwych ocen i wybiera\u0107 w\u0142a\u015bciwe warto\u015bci.<\/p>\n<p>&#8211; dar rozumu, kt\u00f3ry pozwala nam zrozumie\u0107, w jaki spos\u00f3b dzia\u0142a B\u00f3g w naszym \u017cyciu i dlaczego dzia\u0142a w taki, a nie inny spos\u00f3b<\/p>\n<p>&#8211; dar wiedzy (umiej\u0119tno\u015bci), kt\u00f3ry pozwala nam my\u015ble\u0107 dobrze, we w\u0142a\u015bciwy spos\u00f3b i rozumie\u0107 z wiar\u0105 sprawy ziemskie, sprawy tego \u015bwiata.<\/p>\n<p>&#8211; dar rady, kt\u00f3ry pozwala nam oceni\u0107 w\u0142a\u015bciwie to, co mamy czyni\u0107, ale te\u017c prowadzi\u0107 innych dobrymi drogami i by\u0107 dla innych \u017ar\u00f3d\u0142em dobrych rad<\/p>\n<p>-dar m\u0119stwa, kt\u00f3ry pomaga nam radzi\u0107 sobie z niebezpiecze\u0144stwami i trudno\u015bciami naszego \u017cycia oraz przeciwstawi\u0107 si\u0119 pokusom z\u0142ego\u00a0ducha<\/p>\n<p>&#8211; dar pobo\u017cno\u015bci, kt\u00f3ry pozwala nam kocha\u0107 Boga jako Ojca, a tak\u017ce kocha\u0107 bli\u017anich, pomaga\u0107 im i okazywa\u0107 im szacunek<\/p>\n<p>&#8211; i wreszcie dar boja\u017ani Bo\u017cej, kt\u00f3ry pomaga nam oddala\u0107 si\u0119 od grzechu, okazywa\u0107 nale\u017cn\u0105 Bogu cze\u015b\u0107, da\u0107 Mu nale\u017cne miejsce w naszym \u017cyciu i w \u015bwiecie oraz nigdy nie sprzeciwia\u0107 si\u0119 Jego\u00a0woli.<\/p>\n<p>Duch \u015awi\u0119ty jest pos\u0142any do nas, aby\u015bmy \u017cyli w Jego mocy, aby\u015bmy przepowiadali w jego mocy obecno\u015b\u0107 Jezusa Chrystusa w naszym \u017cyciu. Aby\u015bmy tak \u017cyli w mocy Ducha \u015awi\u0119tego jako chrze\u015bcijanie, by patrz\u0105c na nas, nie m\u00f3wiono, \u017ce Jezus Chrystus jest martwy, \u017ce Jezus Chrystus to tylko historia, ale \u017ce \u017cyje, \u017ce Jezus Chrystus jest naszym Bogiem i Panem, naszym Zbawicielem. I to w\u0142a\u015bnie Duch \u015awi\u0119ty zst\u0119puj\u0105c na Aposto\u0142\u00f3w w Wieczerniku z niezwyk\u0142\u0105 moc\u0105 uzdolni\u0142 ich do g\u0142oszenia ca\u0142emu \u015bwiatu nauki o Jezusie Chrystusie.<\/p>\n<p>Dzisiaj cz\u0119sto jeste\u015bmy lud\u017ami, kt\u00f3rzy boj\u0105 si\u0119 \u015bwiadczy\u0107 o Ewangelii \u2014 bo mo\u017ce nie s\u0105 przekonani do tego, co poznali w Jezusie Chrystusie, mo\u017ce nie s\u0105 przekonani do tego, \u017ce ta Ewangelia to jest droga jedyna, kt\u00f3ra zaprowadzi do szcz\u0119\u015bcia cz\u0142owieka. Duch \u015awi\u0119ty nauczy uczni\u00f3w Jezusa Chrystusa wszelkiej prawdy, bior\u0105c z bogactwa Chrystusowego S\u0142owa. Nauczy\u0142 Aposto\u0142\u00f3w, nauczy\u0142 uczni\u00f3w, si\u0119ga\u0107 do skarbca nauki Jezusa Chrystusa. Zacz\u0119\u0142y przypomina\u0107 im si\u0119 na nowo te wszystkie wydarzenia, kt\u00f3rych do\u015bwiadczyli i prze\u017cyli z Jezusem Chrystusem i zacz\u0119li je na nowo odkrywa\u0107.<\/p>\n<p>Tak wiele by\u0142o Mszy \u015bwi\u0119tych, na kt\u00f3rych g\u0142oszone by\u0142o S\u0142owo Bo\u017ce. Ale, czy twoje \u017cycie, czy moje \u017cycie si\u0119 zmienia? Czy Ewangelia sprawia, \u017ce to \u017cycie staje si\u0119 pi\u0119kne? Nie smutne, jakie\u015b depresyjne, ale pi\u0119kne, nawet wtedy kiedy przychodz\u0105 Krzy\u017ce, kiedy przychodzi trudne do\u015bwiadczenie, kiedy wydaje si\u0119 \u2014 tak jak wydawa\u0142o si\u0119 Aposto\u0142om \u2014 \u017ce wszystko si\u0119 sko\u0144czy\u0142o, \u017ce \u017cycie si\u0119 zawali\u0142o?<\/p>\n<p>Tam gdzie jest Duch Bo\u017cy, tam nie ma miejsca dla l\u0119ku! Duch \u015awi\u0119ty daje nam pozna\u0107 i odczu\u0107, \u017ce jeste\u015bmy w r\u0119kach Boga: cokolwiek by si\u0119 wydarzy\u0142o, Jego niesko\u0144czona mi\u0142o\u015b\u0107 nas nie opuszcza. Przekonujemy si\u0119 o tym, patrz\u0105c na \u015bwiadectwo m\u0119czennik\u00f3w, odwag\u0119 wyznawc\u00f3w wiary, nieustraszony zapa\u0142 misjonarzy, \u015bmia\u0142o\u015b\u0107 g\u0142osicieli S\u0142owa Bo\u017cego, przyk\u0142ad wszystkich \u015bwi\u0119tych.<\/p>\n<p>Pozw\u00f3lmy Duchowi \u015awi\u0119temu \u201ewia\u0107\u201d w nasze \u201e\u017cagle\u201d i prowadzi\u0107 nas! Wyzb\u0105d\u017amy si\u0119 strachu, odrzu\u0107my l\u0119k, zawierzmy Jemu siebie, naszych bliskich. Wo\u0142ajmy z wiar\u0105 i nadziej\u0105: \u201ePrzyjd\u017a, Duchu \u015awi\u0119ty!\u201d, \u00abZe\u015blij Twego Ducha, Panie i odn\u00f3w oblicze\u00a0ziemi!\u00bb<\/p>\n","protected":false},"excerpt":{"rendered":"<p>Pewnego razu nauczycielka religii spyta\u0142a uczni\u00f3w klasy trzeciej podstaw\u00f3wki: kto z was mo\u017ce powiedzie\u0107, czym jest Tr\u00f3jca \u015bw.? I wtedy jeden z uczni\u00f3w, bardzo taki \u017cywy i czujny, odpowiedzia\u0142: ja, prosz\u0119 pani. \u015awi\u0119ta Tr\u00f3jca to Ojciec, Syn i\u2026 go\u0142\u0119bica\u201d. To wydarzenie ze szkolnej klasy jest \u017cartobliwe, ale mo\u017cna sobie pomy\u015ble\u0107, \u017ce pewnie jest wiele innych os\u00f3b, dla kt\u00f3rych Duch \u015awi\u0119ty to w\u0142a\u015bnie go\u0142\u0119bica. Prawd\u0105 jest, \u017ce w takiej formie zst\u0105pi\u0142 Duch \u015awi\u0119ty na Jezusa podczas chrztu w Jordanie i ukazywany jest w ten spos\u00f3b w sztuce sakralnej, widzimy to w wielu ko\u015bcio\u0142ach. Ale Duch \u015awi\u0119ty to nie go\u0142\u0119bica Duch \u015awi\u0119ty jest trzeci\u0105 osob\u0105 Tr\u00f3jcy \u015bw. i prawdziwym, osobowym Bogiem, i nie mo\u017ce by\u0107 zwyk\u0142ym zwierz\u0119ciem. Go\u0142\u0105b mo\u017ce by\u0107 na przyk\u0142ad symbolem pokoju. Podczas Ostatniej wieczerzy Jezus czyni uczniom obietnic\u0119: \u201eJa za\u015b b\u0119d\u0119 prosi\u0142 Ojca, a innego Pocieszyciela da wam, aby z wami by\u0142 na zawsze \u2014 Ducha Prawdy\u201d.A troch\u0119 p\u00f3\u017aniej&hellip;<\/p>\n<p> <a class=\"more-link\" href=\"http:\/\/www.franciszek-walcz.pl\/?p=20591\">Czytaj dalej<\/a><\/p>\n","protected":false},"author":1,"featured_media":0,"comment_status":"closed","ping_status":"closed","sticky":false,"template":"","format":"standard","meta":{"footnotes":""},"categories":[5],"tags":[],"class_list":{"0":"post-20591","1":"post","2":"type-post","3":"status-publish","4":"format-standard","6":"category-artykuly"},"brizy_media":[],"_links":{"self":[{"href":"http:\/\/www.franciszek-walcz.pl\/index.php?rest_route=\/wp\/v2\/posts\/20591","targetHints":{"allow":["GET"]}}],"collection":[{"href":"http:\/\/www.franciszek-walcz.pl\/index.php?rest_route=\/wp\/v2\/posts"}],"about":[{"href":"http:\/\/www.franciszek-walcz.pl\/index.php?rest_route=\/wp\/v2\/types\/post"}],"author":[{"embeddable":true,"href":"http:\/\/www.franciszek-walcz.pl\/index.php?rest_route=\/wp\/v2\/users\/1"}],"replies":[{"embeddable":true,"href":"http:\/\/www.franciszek-walcz.pl\/index.php?rest_route=%2Fwp%2Fv2%2Fcomments&post=20591"}],"version-history":[{"count":1,"href":"http:\/\/www.franciszek-walcz.pl\/index.php?rest_route=\/wp\/v2\/posts\/20591\/revisions"}],"predecessor-version":[{"id":20592,"href":"http:\/\/www.franciszek-walcz.pl\/index.php?rest_route=\/wp\/v2\/posts\/20591\/revisions\/20592"}],"wp:attachment":[{"href":"http:\/\/www.franciszek-walcz.pl\/index.php?rest_route=%2Fwp%2Fv2%2Fmedia&parent=20591"}],"wp:term":[{"taxonomy":"category","embeddable":true,"href":"http:\/\/www.franciszek-walcz.pl\/index.php?rest_route=%2Fwp%2Fv2%2Fcategories&post=20591"},{"taxonomy":"post_tag","embeddable":true,"href":"http:\/\/www.franciszek-walcz.pl\/index.php?rest_route=%2Fwp%2Fv2%2Ftags&post=20591"}],"curies":[{"name":"wp","href":"https:\/\/api.w.org\/{rel}","templated":true}]}}