{"id":2063,"date":"2018-07-28T11:33:43","date_gmt":"2018-07-28T09:33:43","guid":{"rendered":"http:\/\/www.franciszek-walcz.pl\/?p=2063"},"modified":"2018-07-28T11:33:43","modified_gmt":"2018-07-28T09:33:43","slug":"zdumienie-pewnego-chlopca","status":"publish","type":"post","link":"http:\/\/www.franciszek-walcz.pl\/?p=2063","title":{"rendered":"ZDUMIENIE PEWNEGO CH\u0141OPCA"},"content":{"rendered":"<p>Uwa\u017cny s\u0142uchacz niedzielnych czyta\u0144 podczas celebracji eucharystycznej bez trudu zauwa\u017cy charakterystyczn\u0105 prawid\u0142owo\u015b\u0107, \u017ce pierwsze czytanie, zwykle ze Starego Testamentu, i Ewangelia zawsze maj\u0105 wsp\u00f3lny temat. Dzi\u015b jest nim niezwyk\u0142a obfito\u015b\u0107 po\u017cywienia, kt\u00f3ra zapowiada dokonuj\u0105cy si\u0119 na naszych oczach cud Eucharystii.<\/p>\n<p>Chrystus po modlitwie dzi\u0119kczynienia dokona\u0142 cudownego rozmno\u017cenia pi\u0119ciu chleb\u00f3w j\u0119czmiennych i dw\u00f3ch ryb, kt\u00f3re mia\u0142 ze sob\u0105 pewien ch\u0142opiec. Z pewno\u015bci\u0105 jego przezorna matka, daj\u0105c mu prowiant na drog\u0119, gdy chcia\u0142 z bliska zobaczy\u0107 Mistrza z Nazaretu, nie mog\u0142a ani przez moment przypuszcza\u0107, \u017ce jej syn przejdzie do historii zbawienia. Nie wiemy te\u017c, w jaki spos\u00f3b Andrzej, brat Szymona Piotra, dowiedzia\u0142 si\u0119 o jego skromnym prowiancie. Mo\u017ce ch\u0142opiec chcia\u0142 si\u0119 podzieli\u0107 swoim jedzeniem z kt\u00f3rym\u015b ze zg\u0142odnia\u0142ych uczni\u00f3w Jezusa lub innych s\u0142uchaczy tam obecnych? W ka\u017cdym razie u\u017cyczy\u0142 tego, co mia\u0142 wy\u0142\u0105cznie dla siebie.<\/p>\n<p>Opisane w dzisiejszej Ewangelii cudowne rozmno\u017cenie chleba nie tylko wi\u0119c zapowiada Eucharysti\u0119, ale pokazuje zarazem, jak Chrystus stokrotnie pomna\u017ca ka\u017cde nawet najmniejsze dobro w cz\u0142owieku, gdy ten pozwoli Mu dzia\u0142a\u0107.<\/p>\n<h3>W chwili ofiarowania chleba i wina na o\u0142tarzu, sk\u0142adamy Bogu w ofierze nasz\u0105 codzienno\u015b\u0107, w kt\u00f3rej \u2014 mimo s\u0142abo\u015bci i upadk\u00f3w \u2014 s\u0105 tak\u017ce nasze ma\u0142e dobre uczynki. Ufamy, \u017ce Chrystus to dobro pomno\u017cy i duchowo nasyci nim wiele os\u00f3b. Kiedy\u015b nasze zdumienie z tego powodu b\u0119dzie nie mniejsze ni\u017c owego ch\u0142opca z dzisiejszej Ewangelii.<\/h3>\n<p>ks. Marek Chmielewski<\/p>\n","protected":false},"excerpt":{"rendered":"<p>Uwa\u017cny s\u0142uchacz niedzielnych czyta\u0144 podczas celebracji eucharystycznej bez trudu zauwa\u017cy charakterystyczn\u0105 prawid\u0142owo\u015b\u0107, \u017ce pierwsze czytanie, zwykle ze Starego Testamentu, i Ewangelia zawsze maj\u0105 wsp\u00f3lny temat. Dzi\u015b jest nim niezwyk\u0142a obfito\u015b\u0107 po\u017cywienia, kt\u00f3ra zapowiada dokonuj\u0105cy si\u0119 na naszych oczach cud Eucharystii. Chrystus po modlitwie dzi\u0119kczynienia dokona\u0142 cudownego rozmno\u017cenia pi\u0119ciu chleb\u00f3w j\u0119czmiennych i dw\u00f3ch ryb, kt\u00f3re mia\u0142 ze sob\u0105 pewien ch\u0142opiec. Z pewno\u015bci\u0105 jego przezorna matka, daj\u0105c mu prowiant na drog\u0119, gdy chcia\u0142 z bliska zobaczy\u0107 Mistrza z Nazaretu, nie mog\u0142a ani przez moment przypuszcza\u0107, \u017ce jej syn przejdzie do historii zbawienia. Nie wiemy te\u017c, w jaki spos\u00f3b Andrzej, brat Szymona Piotra, dowiedzia\u0142 si\u0119 o jego skromnym prowiancie. Mo\u017ce ch\u0142opiec chcia\u0142 si\u0119 podzieli\u0107 swoim jedzeniem z kt\u00f3rym\u015b ze zg\u0142odnia\u0142ych uczni\u00f3w Jezusa lub innych s\u0142uchaczy tam obecnych? W ka\u017cdym razie u\u017cyczy\u0142 tego, co mia\u0142 wy\u0142\u0105cznie dla siebie. Opisane w dzisiejszej Ewangelii cudowne rozmno\u017cenie chleba nie tylko wi\u0119c zapowiada Eucharysti\u0119, ale pokazuje zarazem, jak&hellip;<\/p>\n<p> <a class=\"more-link\" href=\"http:\/\/www.franciszek-walcz.pl\/?p=2063\">Czytaj dalej<\/a><\/p>\n","protected":false},"author":1,"featured_media":0,"comment_status":"open","ping_status":"open","sticky":false,"template":"","format":"standard","meta":{"footnotes":""},"categories":[5],"tags":[],"class_list":{"0":"post-2063","1":"post","2":"type-post","3":"status-publish","4":"format-standard","6":"category-artykuly"},"brizy_media":[],"_links":{"self":[{"href":"http:\/\/www.franciszek-walcz.pl\/index.php?rest_route=\/wp\/v2\/posts\/2063","targetHints":{"allow":["GET"]}}],"collection":[{"href":"http:\/\/www.franciszek-walcz.pl\/index.php?rest_route=\/wp\/v2\/posts"}],"about":[{"href":"http:\/\/www.franciszek-walcz.pl\/index.php?rest_route=\/wp\/v2\/types\/post"}],"author":[{"embeddable":true,"href":"http:\/\/www.franciszek-walcz.pl\/index.php?rest_route=\/wp\/v2\/users\/1"}],"replies":[{"embeddable":true,"href":"http:\/\/www.franciszek-walcz.pl\/index.php?rest_route=%2Fwp%2Fv2%2Fcomments&post=2063"}],"version-history":[{"count":1,"href":"http:\/\/www.franciszek-walcz.pl\/index.php?rest_route=\/wp\/v2\/posts\/2063\/revisions"}],"predecessor-version":[{"id":2064,"href":"http:\/\/www.franciszek-walcz.pl\/index.php?rest_route=\/wp\/v2\/posts\/2063\/revisions\/2064"}],"wp:attachment":[{"href":"http:\/\/www.franciszek-walcz.pl\/index.php?rest_route=%2Fwp%2Fv2%2Fmedia&parent=2063"}],"wp:term":[{"taxonomy":"category","embeddable":true,"href":"http:\/\/www.franciszek-walcz.pl\/index.php?rest_route=%2Fwp%2Fv2%2Fcategories&post=2063"},{"taxonomy":"post_tag","embeddable":true,"href":"http:\/\/www.franciszek-walcz.pl\/index.php?rest_route=%2Fwp%2Fv2%2Ftags&post=2063"}],"curies":[{"name":"wp","href":"https:\/\/api.w.org\/{rel}","templated":true}]}}