{"id":20700,"date":"2022-06-17T13:38:41","date_gmt":"2022-06-17T11:38:41","guid":{"rendered":"http:\/\/www.franciszek-walcz.pl\/?p=20700"},"modified":"2022-06-17T13:41:22","modified_gmt":"2022-06-17T11:41:22","slug":"boze-cialo-wczoraj-i-dzis-oto-ja-jestem-z-wami","status":"publish","type":"post","link":"http:\/\/www.franciszek-walcz.pl\/?p=20700","title":{"rendered":"BO\u017bE CIA\u0141O WCZORAJ I DZI\u015a &#8211; Oto Ja jestem z wami"},"content":{"rendered":"<p>\u201e<em><strong>Cia\u0142o moje jest prawdziwym pokarmem, a Krew moja jest prawdziwym napojem.<br \/>\nKto spo\u017cywa moje Cia\u0142o i Krew moj\u0105 pije, trwa we Mnie, a Ja w nim\u201d.<\/strong><\/em><\/p>\n<p><strong>Uroczysto\u015b\u0107<\/strong>\u00a0<strong>Naj\u015bwi\u0119tszego Cia\u0142a i Krwi Pa\u0144skiej<\/strong>\u00a0inaczej<strong>\u00a0Bo\u017ce Cia\u0142o<\/strong>\u00a0\u2013 jest to wielkie \u015bwi\u0119to dzi\u0119kczynienia ku czci Naj\u015bwi\u0119tszego Sakramentu, obchodzone jako jedno ze sze\u015bciu \u015bwi\u0105t nakazanych w Ko\u015bciele Katolickim. Katolicy wierz\u0105, \u017ce w 1263 roku mia\u0142 miejsce cud eucharystyczny w Bolsenie, gdy hostia w r\u0119kach w\u0105tpi\u0105cego w konsekracj\u0119 ksi\u0119dza zacz\u0119\u0142a krwawi\u0107. U\u015bwiadamiamy sobie t\u0119 prawd\u0119, \u017ce B\u00f3g w cudowny spos\u00f3b zaopatrzy\u0142 nas na drog\u0119 naszego \u017cycia. Nie tylko umar\u0142 dla naszego zbawienia, ale sta\u0142 si\u0119 te\u017c Pokarmem, kt\u00f3ry mo\u017cemy przyjmowa\u0107 ka\u017cdego dnia. Nie jest to pokarm, jak manna, kt\u00f3ra mia\u0142a zaspokoi\u0107 jedynie g\u0142\u00f3d fizyczny, a kt\u00f3r\u0105 w czasie w\u0119dr\u00f3wki do Ziemi Obiecanej B\u00f3g \u017cywi\u0142 nar\u00f3d wybrany. To jest Pokarm daj\u0105cy \u017cycie wieczne. B\u00f3g staj\u0105cy si\u0119 Cia\u0142em i Krwi\u0105, zar\u00f3wno poprzez wcielenie, jak i przeistoczenie, kt\u00f3re dokonuje si\u0119 w Eucharystii, do dzi\u015b spotyka si\u0119 z niezrozumieniem. Tego misterium cudownej przemiany nie da si\u0119 w pe\u0142ni wyt\u0142umaczy\u0107 s\u0142owami. Zawsze b\u0119dzie ono wymaga\u0142o pokornego kroku wiary, w kt\u00f3rej bardziej zawierzymy S\u0142owu Bo\u017cemu ni\u017c naszym w\u0142asnym zmys\u0142om.\u00a0<strong>\u015aw. Jan Pawe\u0142 II<\/strong>\u00a0w encyklice\u00a0<strong>\u201eEcclesia de Eucharistia\u201d<\/strong>\u00a0napisa\u0142 pi\u0119kne s\u0142owa o tym darze sakramentalnym:\u00a0<em><strong>\u201eKo\u015bci\u00f3\u0142 \u017cyje tylko dzi\u0119ki Eucharystii\u2026\u201d<\/strong><\/em><br \/>\nKiedy\u00a0<strong>Jan Pawe\u0142 II<\/strong>\u00a0by\u0142 tak mocno schorowany, \u017ce nie m\u00f3g\u0142 ju\u017c chodzi\u0107 i porusza\u0142 si\u0119 na specjalnym fotelu, za\u017cyczy\u0142 sobie, aby w Bo\u017ce Cia\u0142o, w czasie procesji ulicami Rzymu\u00a0<em>\/ponad 4 km\/,<\/em>\u00a0na samochodzie \u2013 platformie, przed stoj\u0105c\u0105 na o\u0142tarzu wielk\u0105 monstrancj\u0105 ustawi\u0107 kl\u0119cznik, na kt\u00f3rym on przez kilka godzin adorowa\u0142 Naj\u015bwi\u0119tszy Sakrament. On ukocha\u0142 Eucharysti\u0119 i nie wyobra\u017ca\u0142 sobie, \u017ceby w takim dniu nie by\u0142o go na procesji Bo\u017cego Cia\u0142a.<br \/>\nUczestnicz\u0105c tego dnia w dzi\u0119kczynieniu za dar Eucharystii \u2013 we Mszy \u015aw., w procesji eucharystycznej, tak naprawd\u0119 dajemy dzi\u015b nasze \u015bwiadectwo wiary w realn\u0105 obecno\u015b\u0107\u00a0<strong>Jezusa Naszego Pana w Naj\u015bw. Sakramencie.<\/strong>\u00a0Procesja to przede wszystkim czas na modlitw\u0119, skupienie, wyciszenie i skoncentrowanie na Eucharystii \u2013 to celebracja prawdziwej chrze\u015bcija\u0144skiej rado\u015bci z \u017cywej obecno\u015bci Jezusa po\u015br\u00f3d nas. B\u0119dziemy \u015bpiewa\u0107 w pie\u015bni w czasie procesji:\u00a0<em><strong>\u201eZr\u00f3bmy mu miejsce, Pan idzie z nieba (\u2026) Zagrody nasze widzie\u0107 przychodzi i jak si\u0119 Jego dzieciom powodzi\u201d.\u00a0<\/strong><\/em>Jezus pragnie przynajmniej raz w roku przej\u015b\u0107 po naszej miejscowo\u015bci, aby nam pob\u0142ogos\u0142awi\u0107 w codziennym trudzie i wysi\u0142ku. Chce by\u0107 z nami realnie, bo przecie\u017c powiedzia\u0142:<em><strong>\u00a0\u201eJa jestem z wami po wszystkie dni,\u00a0 a\u017c do sko\u0144czenia \u015bwiata\u201d.<\/strong><\/em><br \/>\n<strong>Papie\u017c Franciszek<\/strong>\u00a0napisa\u0142 aktualn\u0105 my\u015bl na dzisiejsze \u015bwi\u0119to:\u00a0<em><strong>\u201eAdoruj\u0105c Chrystusa realnie obecnego w Eucharystii: czy pozwalam si\u0119 Jemu przekszta\u0142ci\u0107?<\/strong><\/em>\u00a0<em><strong>Eucharystia, b\u0119d\u0105c \u017ar\u00f3d\u0142em mi\u0142o\u015bci dla \u017cycia Ko\u015bcio\u0142a, jest szko\u0142\u0105 mi\u0142o\u015bci i solidarno\u015bci. Ten, kto karmi si\u0119 Chlebem Chrystusa, nie mo\u017ce by\u0107 oboj\u0119tny wobec tych, kt\u00f3rzy nie maj\u0105 chleba powszedniego. A wiemy, \u017ce dzisiaj jest to coraz powa\u017cniejszy problem.\u201d\u00a0<\/strong><\/em><\/p>\n<p>To r\u00f3wnie\u017c wyzwanie dla nas, aby\u015bmy jako chrze\u015bcijanie potrafili zauwa\u017ca\u0107 tych, kt\u00f3rzy s\u0105 w biedzie i aktualnej potrzebie.<br \/>\nJest zawsze taka pokusa , \u017ceby <strong>nikomu si\u0119 nie narazi\u0107,<\/strong>\u00a0<strong>za du\u017co si\u0119 nasz\u0105 pobo\u017cno\u015bci\u0105 nie przem\u0119czy\u0107!<\/strong><br \/>\nTym kt\u00f3rzy nie rozumiej\u0105 znaczenia procesji Bo\u017cego Cia\u0142a, trzeba t\u0142umaczy\u0107 w spos\u00f3b jasny i oczywisty: Ludzie korzystaj\u0105 z tego wyj\u0105tkowego czasu, z weekendu Bo\u017cego Cia\u0142a, wyje\u017cd\u017caj\u0105 rodzinami na wypoczynek, organizuj\u0105 w\u0119dr\u00f3wki g\u00f3rskie, rowerowe, motocyklowe, p\u0142ywaj\u0105 \u017cagl\u00f3wkami , grilluj\u0105, uczestnicz\u0105 w koncertach &#8211; To jest tylko dodatek z racji tego \u015bwi\u0119ta.<\/p>\n<p>Ale niestety tak jest wiara, \u017ce wielu z nich idzie na \u0142atwizn\u0119, nie chce uczestniczy\u0107 w procesji, wielu nie znajduje nawet czasu, aby by\u0107 na Mszy \u015aw. tego dnia. Ca\u0142kowicie odwr\u00f3cony porz\u0105dek. To nie zast\u0105pi realnego spotkania z Bogiem. A przecie\u017c nie by\u0142oby tego wszystkiego, gdyby nie dzisiejsza Uroczysto\u015b\u0107 Bo\u017cego Cia\u0142a, kt\u00f3ra od wielu lat daje nam tak\u017ce t\u0119 przepustk\u0119 \u2013 czyli mo\u017cliwo\u015b\u0107 czasu wolnego.<\/p>\n<p>Oddajmy zatem Bogu to, co nale\u017cy do Boga \u2013 oddajmy mu nasz\u0105 cze\u015b\u0107 i uwielbienie, wszak jeste\u015bmy jego dzie\u0107mi, a on jest naszym Ojcem, a potem radujmy si\u0119 czasem wolnym i rekreacj\u0105 \u2013 a nie odwrotnie. Pro\u015bmy gor\u0105co, aby zaspokoi\u0142 nasze serca i dusze swoj\u0105 \u017cyw\u0105 obecno\u015bci\u0105 po\u015br\u00f3d nas:<br \/>\n\u201e<em><strong>Jezu, Chlebie \u017bywy, kt\u00f3ry zst\u0105pi\u0142e\u015b z nieba, Ty dajesz nam \u017cycie wieczne. Chc\u0119 Ci dzi\u015b ofiarowa\u0107 moj\u0105 wiar\u0119 w to, \u017ce jeste\u015b \u017cywy i prawdziwy pod postaci\u0105 chleba i wina. Naucz mnie jak by\u0107 Twoim \u015bwiadkiem we wsp\u00f3\u0142czesnym \u015bwiecie, pe\u0142nym pokus i przewrotno\u015bci. Umocnij mnie swoim S\u0142owem i Cia\u0142em, aby w misji dawania \u015bwiadectwa trwa\u0142 przez cale moje \u017cycie przy Tobie. Amen\u201d.<\/strong><\/em><\/p>\n","protected":false},"excerpt":{"rendered":"<p>\u201eCia\u0142o moje jest prawdziwym pokarmem, a Krew moja jest prawdziwym napojem. Kto spo\u017cywa moje Cia\u0142o i Krew moj\u0105 pije, trwa we Mnie, a Ja w nim\u201d. Uroczysto\u015b\u0107\u00a0Naj\u015bwi\u0119tszego Cia\u0142a i Krwi Pa\u0144skiej\u00a0inaczej\u00a0Bo\u017ce Cia\u0142o\u00a0\u2013 jest to wielkie \u015bwi\u0119to dzi\u0119kczynienia ku czci Naj\u015bwi\u0119tszego Sakramentu, obchodzone jako jedno ze sze\u015bciu \u015bwi\u0105t nakazanych w Ko\u015bciele Katolickim. Katolicy wierz\u0105, \u017ce w 1263 roku mia\u0142 miejsce cud eucharystyczny w Bolsenie, gdy hostia w r\u0119kach w\u0105tpi\u0105cego w konsekracj\u0119 ksi\u0119dza zacz\u0119\u0142a krwawi\u0107. U\u015bwiadamiamy sobie t\u0119 prawd\u0119, \u017ce B\u00f3g w cudowny spos\u00f3b zaopatrzy\u0142 nas na drog\u0119 naszego \u017cycia. Nie tylko umar\u0142 dla naszego zbawienia, ale sta\u0142 si\u0119 te\u017c Pokarmem, kt\u00f3ry mo\u017cemy przyjmowa\u0107 ka\u017cdego dnia. Nie jest to pokarm, jak manna, kt\u00f3ra mia\u0142a zaspokoi\u0107 jedynie g\u0142\u00f3d fizyczny, a kt\u00f3r\u0105 w czasie w\u0119dr\u00f3wki do Ziemi Obiecanej B\u00f3g \u017cywi\u0142 nar\u00f3d wybrany. To jest Pokarm daj\u0105cy \u017cycie wieczne. B\u00f3g staj\u0105cy si\u0119 Cia\u0142em i Krwi\u0105, zar\u00f3wno poprzez wcielenie, jak i przeistoczenie, kt\u00f3re dokonuje si\u0119 w&hellip;<\/p>\n<p> <a class=\"more-link\" href=\"http:\/\/www.franciszek-walcz.pl\/?p=20700\">Czytaj dalej<\/a><\/p>\n","protected":false},"author":1,"featured_media":0,"comment_status":"closed","ping_status":"closed","sticky":false,"template":"","format":"standard","meta":{"footnotes":""},"categories":[5],"tags":[],"class_list":{"0":"post-20700","1":"post","2":"type-post","3":"status-publish","4":"format-standard","6":"category-artykuly"},"brizy_media":[],"_links":{"self":[{"href":"http:\/\/www.franciszek-walcz.pl\/index.php?rest_route=\/wp\/v2\/posts\/20700","targetHints":{"allow":["GET"]}}],"collection":[{"href":"http:\/\/www.franciszek-walcz.pl\/index.php?rest_route=\/wp\/v2\/posts"}],"about":[{"href":"http:\/\/www.franciszek-walcz.pl\/index.php?rest_route=\/wp\/v2\/types\/post"}],"author":[{"embeddable":true,"href":"http:\/\/www.franciszek-walcz.pl\/index.php?rest_route=\/wp\/v2\/users\/1"}],"replies":[{"embeddable":true,"href":"http:\/\/www.franciszek-walcz.pl\/index.php?rest_route=%2Fwp%2Fv2%2Fcomments&post=20700"}],"version-history":[{"count":1,"href":"http:\/\/www.franciszek-walcz.pl\/index.php?rest_route=\/wp\/v2\/posts\/20700\/revisions"}],"predecessor-version":[{"id":20701,"href":"http:\/\/www.franciszek-walcz.pl\/index.php?rest_route=\/wp\/v2\/posts\/20700\/revisions\/20701"}],"wp:attachment":[{"href":"http:\/\/www.franciszek-walcz.pl\/index.php?rest_route=%2Fwp%2Fv2%2Fmedia&parent=20700"}],"wp:term":[{"taxonomy":"category","embeddable":true,"href":"http:\/\/www.franciszek-walcz.pl\/index.php?rest_route=%2Fwp%2Fv2%2Fcategories&post=20700"},{"taxonomy":"post_tag","embeddable":true,"href":"http:\/\/www.franciszek-walcz.pl\/index.php?rest_route=%2Fwp%2Fv2%2Ftags&post=20700"}],"curies":[{"name":"wp","href":"https:\/\/api.w.org\/{rel}","templated":true}]}}