{"id":20775,"date":"2022-06-24T20:59:45","date_gmt":"2022-06-24T18:59:45","guid":{"rendered":"http:\/\/www.franciszek-walcz.pl\/?p=20775"},"modified":"2022-06-24T20:59:45","modified_gmt":"2022-06-24T18:59:45","slug":"niepokalanego-serca-najswietszej-maryi-panny","status":"publish","type":"post","link":"http:\/\/www.franciszek-walcz.pl\/?p=20775","title":{"rendered":"Niepokalanego Serca Naj\u015bwi\u0119tszej Maryi Panny"},"content":{"rendered":"<p>Dzie\u0144 po uroczysto\u015bci Naj\u015bwi\u0119tszego Serca Pana Jezusa oddajemy cze\u015b\u0107 Niepokalanemu Sercu Maryi.\u00a0Jej Serce jest nierozerwalnie z\u0142\u0105czone z Serce Chrystusa, poniewa\u017c Maryja jest obecna od samego pocz\u0105tku w zbawczej misji swojego Syna, od wcielenia a\u017c do Jego \u015bmierci, zmartwychwstania\u00a0i zes\u0142ania Ducha \u015awi\u0119tego.<\/p>\n<p>Matka Bo\u017ca podczas drugiego objawienia, 13 czerwca 1917 r., powiedzia\u0142a \u0141ucji: \u201ePan Jezus pragnie si\u0119 tob\u0105 pos\u0142u\u017cy\u0107, abym by\u0142a bardziej znana i kochana. Pragnie ustanowi\u0107 na \u015bwiecie kult mojego Niepokalanego Serca. Tym, kt\u00f3rzy przyjm\u0105 to nabo\u017ce\u0144stwo obiecuje zbawienie. Te dusze b\u0119d\u0105 przez Boga kochane, jak kwiaty przeze mnie postawione dla ozdoby Jego tronu\u201d.<br \/>\nNatomiast 13 lipca Maryja poleci\u0142a: \u201eUmartwiajcie si\u0119 za grzesznik\u00f3w i powtarzajcie ci\u0105gle, a szczeg\u00f3lnie w chwili, kiedy dokonujecie ofiary: Jezu to z mi\u0142o\u015bci do Ciebie, za nawr\u00f3cenie grzesznik\u00f3w i dla zado\u015b\u0107uczynienia za grzechy pope\u0142nione przeciwko Niepokalanemu Sercu Maryi\u201d.<br \/>\nWniosek: nale\u017cy m\u00f3wi\u0107 o \u015bcis\u0142ym powi\u0105zaniu kultu Serca Jezusa i Maryi. Obydwa te nabo\u017ce\u0144stwa s\u0105, wed\u0142ug or\u0119dzia fatimskiego, nierozdzielne.<\/p>\n<p>Jak zauwa\u017ca o. Robert Fox w ksi\u0105\u017cce \u201eFatima dzisiaj\u201d, do istoty or\u0119dzia fatimskiego nale\u017cy wezwanie do mi\u0142o\u015bci i wynagradzania Sercu Maryi i r\u00f3wnocze\u015bnie Naj\u015bwi\u0119tszemu Sercu Pana Jezusa.<\/p>\n<p>Hiacynta mawia\u0142a wiele razy, \u017ce Niepokalane Serce Maryi jest drog\u0105 do nieba. Chodzi o prawd\u0119, \u017ce najprostsza droga do Boga wiedzie przez Serce Chrystusowej Matki. Na przyk\u0142ad, Matka Bo\u017ca wyra\u017anie prosi\u0142a: \u201ePo\u015bwi\u0119\u0107cie Rosj\u0119 memu Niepokalanemu Sercu! Ten akt otworzy nad nieprzyjaci\u00f3\u0142mi Ko\u015bcio\u0142a upusty Bo\u017cych \u0142ask, kt\u00f3re uruchomi\u0105 lawin\u0119 \u015bwi\u0119tych mocy, kt\u00f3re wyrzuc\u0105 histori\u0119 z wyznaczonych przez ludzi tor\u00f3w\u201d.<br \/>\nTak si\u0119 sta\u0142o. Podobnie nasze codzienne akty po\u015bwi\u0119cenia si\u0119 Niepokalanemu Sercu Maryi, r\u00f3\u017cne zawierzenia siebie, swojej rodziny, a tak\u017ce wrog\u00f3w Ko\u015bcio\u0142a mog\u0105 zdzia\u0142a\u0107 podobne cuda.<br \/>\nCzasem o tym zapominamy i mno\u017cymy modlitwy, kt\u00f3re nie docieraj\u0105 do Boga, poniewa\u017c nie opuszczaj\u0105 naszych serc. Oddanie ster\u00f3w \u017cycia w Jej r\u0119ce, to pozwolenie Jej, by Ona sama prowadzi\u0142a mnie przez \u017cycie. To posiadanie pewno\u015bci, \u017ce cokolwiek staje na mojej drodze &#8211; tak\u017ce to, co najtrudniejsze \u2013 jest zawsze darem Jej Niepokalanego Serca, bym trwa\u0142 w zjednoczeniu z Bogiem, bym pod\u0105\u017ca\u0142 prost\u0105 drog\u0105 ku Niebu.<br \/>\nNale\u017cy przy tym pami\u0119ta\u0107, czym jest serce. Cz\u0142owiekowi najbardziej potrzeba serca.\u00a0B\u00f3g daje nam Naj\u015bwi\u0119tsze Serce Matki: Niepokalane, oddane Bogu, Ofiarne, Jednocz\u0105ce. To Serce uratuje ludzko\u015b\u0107 wsz\u0119dzie tam, gdzie Duch Serca Bo\u017cego zapanuje w \u017cyciu codziennym .<br \/>\nSt\u0105d w Niepokalanym Sercu Maryi B\u00f3g daje nam najcudniejszy przyk\u0142ad i wz\u00f3r dla udoskonalenia serca ludzkiego.<br \/>\nIstotnym elementem uczczenia Niepokalanego Serca Maryi w or\u0119dziu fatimskim jest nabo\u017ce\u0144stwo pierwszych sob\u00f3t miesi\u0105ca. Maryja powiedzia\u0142a: \u201eJezus chce si\u0119 pos\u0142u\u017cy\u0107 tob\u0105, aby ludzie mnie poznali i pokochali. Chcia\u0142abym ustanowi\u0107 na \u015bwiecie nabo\u017ce\u0144stwo do mego Niepokalanego Serca\u201d.<br \/>\nOdpowiadaj\u0105c siostrze \u0141ucji na jej w\u0105tpliwo\u015bci i pytania, Maryja zapewni\u0142a j\u0105, \u017ce to nabo\u017ce\u0144stwo zaprowadzi j\u0105 do Boga. Na pytanie, dlaczego akurat pi\u0119\u0107 sob\u00f3t, odpowiedzia\u0142 siostrze \u0141ucji Jezus, t\u0142umacz\u0105c, \u017ce chodzi o pi\u0119\u0107 rodzaj\u00f3w zniewag, kt\u00f3rymi obra\u017ca si\u0119 Niepokalane Serce Maryi. S\u0105 to: zniewagi przeciw Niepokalanemu Pocz\u0119ciu, przeciw Dziewictwu Maryi, przeciw Jej Bo\u017cemu Macierzy\u0144stwu, zniewagi, kt\u00f3rymi usi\u0142uje si\u0119 wpoi\u0107 w serca dzieci oboj\u0119tno\u015b\u0107 i wzgard\u0119, a nawet nienawi\u015b\u0107 wobec Nieskalanej Matki, oraz zniewagi i blu\u017anierstwa, kt\u00f3re zniewa\u017caj\u0105 Maryj\u0119 w Jej \u015bwi\u0119tych wizerunkach.<\/p>\n<p>Wynika st\u0105d, \u017ce nabo\u017ce\u0144stwa pi\u0119ciu pierwszych sob\u00f3t miesi\u0105ca ma charakter wynagradzaj\u0105cy i stanowi jedn\u0105 z podstawowych form kultu Niepokalanego Serca Naj\u015bwi\u0119tszej Maryi Panny.<\/p>\n","protected":false},"excerpt":{"rendered":"<p>Dzie\u0144 po uroczysto\u015bci Naj\u015bwi\u0119tszego Serca Pana Jezusa oddajemy cze\u015b\u0107 Niepokalanemu Sercu Maryi.\u00a0Jej Serce jest nierozerwalnie z\u0142\u0105czone z Serce Chrystusa, poniewa\u017c Maryja jest obecna od samego pocz\u0105tku w zbawczej misji swojego Syna, od wcielenia a\u017c do Jego \u015bmierci, zmartwychwstania\u00a0i zes\u0142ania Ducha \u015awi\u0119tego. Matka Bo\u017ca podczas drugiego objawienia, 13 czerwca 1917 r., powiedzia\u0142a \u0141ucji: \u201ePan Jezus pragnie si\u0119 tob\u0105 pos\u0142u\u017cy\u0107, abym by\u0142a bardziej znana i kochana. Pragnie ustanowi\u0107 na \u015bwiecie kult mojego Niepokalanego Serca. Tym, kt\u00f3rzy przyjm\u0105 to nabo\u017ce\u0144stwo obiecuje zbawienie. Te dusze b\u0119d\u0105 przez Boga kochane, jak kwiaty przeze mnie postawione dla ozdoby Jego tronu\u201d. Natomiast 13 lipca Maryja poleci\u0142a: \u201eUmartwiajcie si\u0119 za grzesznik\u00f3w i powtarzajcie ci\u0105gle, a szczeg\u00f3lnie w chwili, kiedy dokonujecie ofiary: Jezu to z mi\u0142o\u015bci do Ciebie, za nawr\u00f3cenie grzesznik\u00f3w i dla zado\u015b\u0107uczynienia za grzechy pope\u0142nione przeciwko Niepokalanemu Sercu Maryi\u201d. Wniosek: nale\u017cy m\u00f3wi\u0107 o \u015bcis\u0142ym powi\u0105zaniu kultu Serca Jezusa i Maryi. Obydwa te nabo\u017ce\u0144stwa s\u0105, wed\u0142ug or\u0119dzia fatimskiego,&hellip;<\/p>\n<p> <a class=\"more-link\" href=\"http:\/\/www.franciszek-walcz.pl\/?p=20775\">Czytaj dalej<\/a><\/p>\n","protected":false},"author":1,"featured_media":0,"comment_status":"closed","ping_status":"closed","sticky":false,"template":"","format":"standard","meta":{"footnotes":""},"categories":[5],"tags":[],"class_list":{"0":"post-20775","1":"post","2":"type-post","3":"status-publish","4":"format-standard","6":"category-artykuly"},"brizy_media":[],"_links":{"self":[{"href":"http:\/\/www.franciszek-walcz.pl\/index.php?rest_route=\/wp\/v2\/posts\/20775","targetHints":{"allow":["GET"]}}],"collection":[{"href":"http:\/\/www.franciszek-walcz.pl\/index.php?rest_route=\/wp\/v2\/posts"}],"about":[{"href":"http:\/\/www.franciszek-walcz.pl\/index.php?rest_route=\/wp\/v2\/types\/post"}],"author":[{"embeddable":true,"href":"http:\/\/www.franciszek-walcz.pl\/index.php?rest_route=\/wp\/v2\/users\/1"}],"replies":[{"embeddable":true,"href":"http:\/\/www.franciszek-walcz.pl\/index.php?rest_route=%2Fwp%2Fv2%2Fcomments&post=20775"}],"version-history":[{"count":1,"href":"http:\/\/www.franciszek-walcz.pl\/index.php?rest_route=\/wp\/v2\/posts\/20775\/revisions"}],"predecessor-version":[{"id":20776,"href":"http:\/\/www.franciszek-walcz.pl\/index.php?rest_route=\/wp\/v2\/posts\/20775\/revisions\/20776"}],"wp:attachment":[{"href":"http:\/\/www.franciszek-walcz.pl\/index.php?rest_route=%2Fwp%2Fv2%2Fmedia&parent=20775"}],"wp:term":[{"taxonomy":"category","embeddable":true,"href":"http:\/\/www.franciszek-walcz.pl\/index.php?rest_route=%2Fwp%2Fv2%2Fcategories&post=20775"},{"taxonomy":"post_tag","embeddable":true,"href":"http:\/\/www.franciszek-walcz.pl\/index.php?rest_route=%2Fwp%2Fv2%2Ftags&post=20775"}],"curies":[{"name":"wp","href":"https:\/\/api.w.org\/{rel}","templated":true}]}}