{"id":20834,"date":"2022-06-25T12:20:51","date_gmt":"2022-06-25T10:20:51","guid":{"rendered":"http:\/\/www.franciszek-walcz.pl\/?p=20834"},"modified":"2022-06-25T12:20:51","modified_gmt":"2022-06-25T10:20:51","slug":"powolanie","status":"publish","type":"post","link":"http:\/\/www.franciszek-walcz.pl\/?p=20834","title":{"rendered":"POWO\u0141ANIE"},"content":{"rendered":"<p>Czasami ludzie udaj\u0105cy si\u0119 w podr\u00f3\u017c zbyt d\u0142ugo \u017cegnaj\u0105 si\u0119 z najbli\u017cszymi. Zdenerwowany konduktor pogania opiesza\u0142ych, zach\u0119caj\u0105c ich, by wreszcie wsiedli do wagonu. Zdarza si\u0119 jednak, \u017ce nie zauwa\u017cy, i\u017c kto\u015b zostawiwszy baga\u017ce w przedziale wyszed\u0142 na peron, by jeszcze raz u\u015bcisn\u0105\u0107 tych, kt\u00f3rych opuszcza. Konduktor daje znak i poci\u0105g rusza. Walizki i torby odje\u017cd\u017caj\u0105, a pasa\u017cer, kt\u00f3ry zbyt d\u0142ugo si\u0119 \u017cegna\u0142, z krzykiem pr\u00f3buje je dogoni\u0107.<\/p>\n<p>Liturgia s\u0142owa dzisiejszej niedzieli zach\u0119ca nas do tego, aby\u015bmy podj\u0119li refleksj\u0119 na temat powo\u0142ania.\u00a0Definicja s\u0142owa\u00a0powo\u0142anie\u00a0m\u00f3wi nam, \u017ce jest ono posiadaniem okre\u015blonego daru do wykonywania danej czynno\u015bci przez wi\u0119ksz\u0105 cz\u0119\u015b\u0107 \u017cycia. Odnosz\u0105c j\u0105 to do \u017cycia religijnego, mo\u017cemy powiedzie\u0107, \u017ce powo\u0142anie jest wezwaniem cz\u0142owieka przez Boga do okre\u015blonego sposobu \u017cycia.<\/p>\n<p>W pierwszym czytaniu zaczerpni\u0119tym z Pierwszej Ksi\u0119gi Kr\u00f3lewskiej ws\u0142uchujemy si\u0119 w opis sceny powo\u0142ania Elizeusza. Eliasz zarzucaj\u0105c sw\u00f3j p\u0142aszcz na Elizeusza wzywa\u0142 go, by poszed\u0142 za nim i zosta\u0142 prorokiem. Elizeusz przyj\u0105\u0142 wezwanie, prosi\u0142 jednak Eliasza, aby przed wyruszeniem w drog\u0119 pozwoli\u0142 mu po\u017cegna\u0107 si\u0119 z rodzicami. Prorok Eliasz zgodzi\u0142 si\u0119. Powiedzia\u0142: \u201eId\u017a i wracaj\u201d. Czeka\u0142 cierpliwie, a\u017c ten, kt\u00f3rego powo\u0142a\u0142, za\u0142atwi wszystkie swoje dotychczasowe sprawy i b\u0119dzie gotowy podj\u0105\u0107 now\u0105 misj\u0119.<\/p>\n<p>Jezus Chrystus podczas swego nauczania na ziemi wielokrotnie kierowa\u0142 do spotykanych ludzi wezwanie: \u201eP\u00f3jd\u017a za Mn\u0105\u201d. Niekt\u00f3rzy sami, zafascynowani Jego Osob\u0105, deklarowali pod wp\u0142ywem chwilowego entuzjazmu: \u201eP\u00f3jd\u0119 za Tob\u0105\u201d. Wydawa\u0142oby si\u0119, \u017ce w\u0142a\u015bnie takiej postawy Jezus oczekiwa\u0142. Tymczasem \u015bw. \u0141ukasz Ewangelista zapisa\u0142 zdumiewaj\u0105c\u0105 odpowied\u017a, jak\u0105 otrzyma\u0142 od Zbawiciela taki entuzjastyczny ucze\u0144. Jezus wyra\u017anie ostrzega\u0142 go przed konsekwencjami podj\u0119tej decyzji, akcentuj\u0105c trudy i niedogodno\u015bci zwi\u0105zane z wyborem drogi, kt\u00f3r\u0105 dzi\u015b \u015bwiat nazywa chrze\u015bcija\u0144stwem: \u201eLisy maj\u0105 nory i ptaki powietrzne gniazda, lecz Syn Cz\u0142owieczy nie ma miejsca, gdzie by g\u0142ow\u0119 m\u00f3g\u0142 wesprze\u0107\u201d. Niejako mo\u017cemy odczyta\u0107 w tym miejscu, \u017ce w \u017cyciu powo\u0142anego mog\u0105 pojawi\u0107 si\u0119 rozmaite trudno\u015bci. Mo\u017ce niejeden wicher pojawi\u0107 si\u0119 w \u017cyciu. Wa\u017cne jest to, by podj\u0105\u0107 w\u0142a\u015bciw\u0105, stanowcz\u0105 decyzj\u0119 i konsekwentnie przy tej decyzji trwa\u0107. Sami niejednokrotnie mo\u017cemy zobaczy\u0107, \u017ce gdy czynimy co\u015b dobrego, gdy chcemy przekaza\u0107 co\u015b warto\u015bciowego, to pojawiaj\u0105 si\u0119 wrogowie. Chc\u0105 nas odwie\u015b\u0107, chc\u0105, by\u015bmy zawr\u00f3cili z obranej drogi.<\/p>\n<p>Jezus pokazuje nam przyk\u0142ady r\u00f3\u017cnych ludzi, kt\u00f3rzy chcieli p\u00f3j\u015b\u0107 za Nim. Niestety do ko\u0144ca nie potrafili. Co\u015b ich odci\u0105gn\u0119\u0142o od tej decyzji p\u00f3j\u015bcia za Nim. Mo\u017cemy powiedzie\u0107 \u2013 ludzkie sprawy.<\/p>\n<p>Trzeba uzmys\u0142owi\u0107 dzisiaj sobie, \u017ce aby i\u015b\u0107 za Jezusem, to trzeba i\u015b\u0107 za Nim do ko\u0144ca. Chrze\u015bcija\u0144stwo to nie jest religia dla chwiej\u0105cych si\u0119. P\u00f3j\u015bcie drog\u0105 wiary za Jezusem Chrystusem wymaga stawania si\u0119 nowym cz\u0142owiekiem, nowym stworzeniem. Wymaga bezwzgl\u0119dnego pos\u0142usze\u0144stwa Jezusowi. I pami\u0119tajmy, \u017ce nie jeste\u015bmy na tej drodze sami. Jest z nami On \u2013 Jezus Chrystus.<\/p>\n<p>Ucze\u0144 Chrystusa na ziemi jest jedynie pielgrzymem, zmierzaj\u0105cym do wiecznej ojczyzny w niebie. B\u00f3g ka\u017cdemu cz\u0142owiekowi wyznacza pewn\u0105 misj\u0119 do wype\u0142nienia. Naszym zadaniem jest nieustanne szukanie woli Bo\u017cej i realizowanie jej w codziennym \u017cyciu. Istot\u0105 naszego powo\u0142ania, niezale\u017cnie od tego, czy zostali\u015bmy wezwani do \u017cycia w ma\u0142\u017ce\u0144stwie, w zakonie, w kap\u0142a\u0144stwie czy jako cz\u0142owiek samotny w \u015bwiecie, jest zawsze p\u00f3j\u015bcie za Chrystusem.<\/p>\n","protected":false},"excerpt":{"rendered":"<p>Czasami ludzie udaj\u0105cy si\u0119 w podr\u00f3\u017c zbyt d\u0142ugo \u017cegnaj\u0105 si\u0119 z najbli\u017cszymi. Zdenerwowany konduktor pogania opiesza\u0142ych, zach\u0119caj\u0105c ich, by wreszcie wsiedli do wagonu. Zdarza si\u0119 jednak, \u017ce nie zauwa\u017cy, i\u017c kto\u015b zostawiwszy baga\u017ce w przedziale wyszed\u0142 na peron, by jeszcze raz u\u015bcisn\u0105\u0107 tych, kt\u00f3rych opuszcza. Konduktor daje znak i poci\u0105g rusza. Walizki i torby odje\u017cd\u017caj\u0105, a pasa\u017cer, kt\u00f3ry zbyt d\u0142ugo si\u0119 \u017cegna\u0142, z krzykiem pr\u00f3buje je dogoni\u0107. Liturgia s\u0142owa dzisiejszej niedzieli zach\u0119ca nas do tego, aby\u015bmy podj\u0119li refleksj\u0119 na temat powo\u0142ania.\u00a0Definicja s\u0142owa\u00a0powo\u0142anie\u00a0m\u00f3wi nam, \u017ce jest ono posiadaniem okre\u015blonego daru do wykonywania danej czynno\u015bci przez wi\u0119ksz\u0105 cz\u0119\u015b\u0107 \u017cycia. Odnosz\u0105c j\u0105 to do \u017cycia religijnego, mo\u017cemy powiedzie\u0107, \u017ce powo\u0142anie jest wezwaniem cz\u0142owieka przez Boga do okre\u015blonego sposobu \u017cycia. W pierwszym czytaniu zaczerpni\u0119tym z Pierwszej Ksi\u0119gi Kr\u00f3lewskiej ws\u0142uchujemy si\u0119 w opis sceny powo\u0142ania Elizeusza. Eliasz zarzucaj\u0105c sw\u00f3j p\u0142aszcz na Elizeusza wzywa\u0142 go, by poszed\u0142 za nim i zosta\u0142 prorokiem. Elizeusz przyj\u0105\u0142 wezwanie, prosi\u0142&hellip;<\/p>\n<p> <a class=\"more-link\" href=\"http:\/\/www.franciszek-walcz.pl\/?p=20834\">Czytaj dalej<\/a><\/p>\n","protected":false},"author":1,"featured_media":0,"comment_status":"closed","ping_status":"closed","sticky":false,"template":"","format":"standard","meta":{"footnotes":""},"categories":[5],"tags":[],"class_list":{"0":"post-20834","1":"post","2":"type-post","3":"status-publish","4":"format-standard","6":"category-artykuly"},"brizy_media":[],"_links":{"self":[{"href":"http:\/\/www.franciszek-walcz.pl\/index.php?rest_route=\/wp\/v2\/posts\/20834","targetHints":{"allow":["GET"]}}],"collection":[{"href":"http:\/\/www.franciszek-walcz.pl\/index.php?rest_route=\/wp\/v2\/posts"}],"about":[{"href":"http:\/\/www.franciszek-walcz.pl\/index.php?rest_route=\/wp\/v2\/types\/post"}],"author":[{"embeddable":true,"href":"http:\/\/www.franciszek-walcz.pl\/index.php?rest_route=\/wp\/v2\/users\/1"}],"replies":[{"embeddable":true,"href":"http:\/\/www.franciszek-walcz.pl\/index.php?rest_route=%2Fwp%2Fv2%2Fcomments&post=20834"}],"version-history":[{"count":1,"href":"http:\/\/www.franciszek-walcz.pl\/index.php?rest_route=\/wp\/v2\/posts\/20834\/revisions"}],"predecessor-version":[{"id":20835,"href":"http:\/\/www.franciszek-walcz.pl\/index.php?rest_route=\/wp\/v2\/posts\/20834\/revisions\/20835"}],"wp:attachment":[{"href":"http:\/\/www.franciszek-walcz.pl\/index.php?rest_route=%2Fwp%2Fv2%2Fmedia&parent=20834"}],"wp:term":[{"taxonomy":"category","embeddable":true,"href":"http:\/\/www.franciszek-walcz.pl\/index.php?rest_route=%2Fwp%2Fv2%2Fcategories&post=20834"},{"taxonomy":"post_tag","embeddable":true,"href":"http:\/\/www.franciszek-walcz.pl\/index.php?rest_route=%2Fwp%2Fv2%2Ftags&post=20834"}],"curies":[{"name":"wp","href":"https:\/\/api.w.org\/{rel}","templated":true}]}}