{"id":20907,"date":"2022-07-02T09:49:29","date_gmt":"2022-07-02T07:49:29","guid":{"rendered":"http:\/\/www.franciszek-walcz.pl\/?p=20907"},"modified":"2022-07-02T09:49:29","modified_gmt":"2022-07-02T07:49:29","slug":"wakacje-z-bogiem","status":"publish","type":"post","link":"http:\/\/www.franciszek-walcz.pl\/?p=20907","title":{"rendered":"Wakacje z Bogiem"},"content":{"rendered":"<p>Miesi\u0105c lipiec rozpoczyna wakacje i okres urlop\u00f3w. Wielu spo\u015br\u00f3d nas wyjecha\u0142o nad morze, inni w g\u00f3ry, jeszcze inni do rodziny czy znajomych. Niekt\u00f3rzy zapewne letni wypoczynek maj\u0105 jeszcze przed sob\u0105. Policja stale prosi podr\u00f3\u017cnych o ostro\u017cn\u0105 jazd\u0119 i przestrzeganie przepis\u00f3w drogowych. Sami zapewne zauwa\u017cyli\u015bmy mniejsz\u0105 liczb\u0119 ludzi w naszych miastach, a wi\u0119ksz\u0105 w miejscowo\u015bciach wypoczynkowych. Tak dzieje si\u0119 ka\u017cdego roku. Cz\u0142owiek musi odpocz\u0105\u0107 po swojej mozolnej i pe\u0142nej napi\u0119cia pracy. Jest w tym podobny do Boga, kt\u00f3ry\u00a0si\u00f3dmego\u00a0dnia, po sko\u0144czeniu dzie\u0142a stwarzania, nie pracowa\u0142.<\/p>\n<p>Czego pragnie dzisiejszy cz\u0142owiek? Dlaczego wyje\u017cd\u017ca na wakacje?<\/p>\n<p>Przede wszystkim chce odpocz\u0105\u0107 od zgie\u0142ku i p\u0119du codzienno\u015bci. Pragnie odetchn\u0105\u0107, zatrzyma\u0107 si\u0119, uspokoi\u0107, wyciszy\u0107. Dzi\u015b w\u0142a\u015bciwie ka\u017cdy z nas \u017cyje w nieustannym zabieganiu, stresie i napi\u0119ciu. Wyje\u017cd\u017camy na urlop, by\u00a0cho\u0107 na chwil\u0119\u00a0zapomnie\u0107 o k\u0142opotach w pracy i problemach dnia codziennego.<\/p>\n<p>Cz\u0142owiek, by si\u0119 zrelaksowa\u0107 i nabra\u0107 nowych si\u0142, potrzebuje spokoju i ciszy. Cz\u0142owiek wraca nie tylko do samego siebie, do rodziny, ale przede wszystkim powraca do Boga.<\/p>\n<p>O wewn\u0119trznym i okazywanym na zewn\u0105trz pokoju m\u00f3wi\u0105 dzisiejsze czytania z Pisma \u015awi\u0119tego. W pierwszym czytaniu prorok Izajasz stwierdza, \u017ce pok\u00f3j daj\u0105cy rado\u015b\u0107 cz\u0142owiekowi pochodzi od samego Boga. Tylko On potrafi uspokoi\u0107 nasze nerwy, nape\u0142ni\u0107 rado\u015bci\u0105, ufno\u015bci\u0105 i szcz\u0119\u015bciem. Prorok Starego Testamentu m\u00f3wi, \u017ce pok\u00f3j ten b\u0119dzie wielki jak rzeka! Skoro wi\u0119c ten upragniony pok\u00f3j jest darem Boga, to trzeba o Bogu pami\u0119ta\u0107 i\u00a0razem\u00a0z Nim prze\u017cywa\u0107 czas wakacji i urlop\u00f3w.<\/p>\n<p>Ewangelia m\u00f3wi , \u017ce ci\u0105gle s\u0105 potrzebni pracownicy na \u017cniwie pa\u0144skim.Wielu robotnik\u00f3w na \u017cniwie Pana potrzeba nie tylko dlatego, \u017ce ludzie nie znaj\u0105 ju\u017c \u00a0Boga, swojego Stw\u00f3rcy, zapomnia\u0142y o Nim. A nawet du\u017ca ilo\u015b\u0107 wierz\u0105cych nie rozumie do ko\u0144ca, \u017ce ich zbawienie pochodzi od Boga, \u017ce ich Odkupicielem jest Jezus.<\/p>\n<p>Mo\u017ce nie neguj\u0105 tej prawdy, wierz\u0105 w ni\u0105, jednak nie rozumiej\u0105 w pe\u0142ni, jaka jest jej najg\u0142\u0119bsza tre\u015b\u0107. Przyj\u0105\u0107 prawd\u0119 o Bogu Stw\u00f3rcy, o Jezusie Odkupicielu i o Duchu \u015awi\u0119tym u\u015bwi\u0119caj\u0105cym nas, znaczy uzna\u0107 bez zastrze\u017ce\u0144 to, co powiedzia\u0142 Jezus: &#8222;beze Mnie nic nie mo\u017cecie uczyni\u0107\u201d\u00a0.\u00a0Bez Niego, bez Ojca niebieskiego, bez pomocy Ducha \u015awi\u0119tego naprawd\u0119 nie potrafimy trwa\u0107 w czynieniu dobra.<\/p>\n<p>Ta fundamentalna prawda o nas, zosta\u0142a w wielu wymazana przez pych\u0119, kt\u00f3ra m\u00f3wi cz\u0142owiekowi: wszystko potrafisz, wszystko umiesz sam zrobi\u0107.<\/p>\n<p>Trzeba wi\u0119c r\u00f3wnie\u017c dzisiaj niestrudzenie przypomina\u0107 prawd\u0119, \u017ce sam, od siebie i bez \u017cadnej pomocy potrafi dzia\u0142a\u0107 tylko B\u00f3g.<\/p>\n<p>My, jako stworzenia, tak dzia\u0142a\u0107 nie potrafimy. Kto nie chce uzna\u0107 tej podstawowej prawdy, ten zostanie pozostawiony swojej s\u0142abo\u015bci. Poniewa\u017c ludzko\u015b\u0107 w du\u017cej cz\u0119\u015bci chce dzia\u0142a\u0107 bez Boga, w oparciu o swoje pot\u0119\u017cne banki, r\u00f3\u017cne sojusze polityczne, poniewa\u017c pragnie rozwi\u0105zywa\u0107 r\u00f3\u017cne problemy bazuj\u0105c wy\u0142\u0105czne na tym, co dumnie nazywa &#8222;nauk\u0105\u201d, dlatego jest pozostawiona samej sobie i musi ponosi\u0107 konsekwencje swojej bezsilno\u015bci i swojego zepsucia, kt\u00f3rego nie pozwala uleczy\u0107 \u0142asce Bo\u017cej. Trzeba wielu robotnik\u00f3w, kt\u00f3rzy rozpoczn\u0105 nawo\u0142ywania do autentycznego powrotu do Boga, aby dzi\u0119ki mocy Ducha \u015awi\u0119tego zmieni\u0142o si\u0119 oblicze naszej ziemi: aby pok\u00f3j zast\u0105pi\u0142 wojny, mi\u0142o\u015b\u0107 \u2013 nienawi\u015b\u0107; dobro\u0107 \u2013 egoizm, hojno\u015b\u0107 i dzielenie si\u0119 \u2013 chciwo\u015b\u0107.<\/p>\n<p>\u201eNajpierw m\u00f3wcie: Pok\u00f3j temu domowi\u201d<\/p>\n<p>Jezus m\u00f3wi o\u00a0pozdrowieniu pokoju, m\u00f3wi o\u00a0\u201eshalom\u201d. \u017bydzi ch\u0119tnie pos\u0142ugiwali si\u0119 tym s\u0142owem. Wyra\u017ca\u0142o ono szacunek dla drugiego Izraelity z\u00a0racji godno\u015bci stworzenia na obraz Bo\u017cy. Niestety dla pogan ju\u017c si\u0119 ono nie nale\u017ca\u0142o. My, chrze\u015bcijanie, mamy nakaz mi\u0142owania ka\u017cdego, nawet wroga. Dla nas ka\u017cdy cz\u0142owiek jest dzieckiem Bo\u017cym, a\u00a0szczeg\u00f3lnie chrze\u015bcijanin, nawet gdyby grzech zabrudzi\u0142 jego godno\u015b\u0107. Tym bardziej wtedy winni\u015bmy si\u0119 modli\u0107 do Ducha \u015awi\u0119tego o\u00a0nape\u0142nienie si\u0119 mi\u0142o\u015bci\u0105 Bo\u017c\u0105. Mi\u0142o\u015b\u0107 ta jest przecie\u017c darem Bo\u017cym i\u00a0p\u0142ynie z\u00a0serca nape\u0142nionego \u0142ask\u0105 u\u015bwi\u0119caj\u0105c\u0105 i\u00a0pe\u0142nego pokoju Bo\u017cego. Pok\u00f3j ten b\u0119dzie si\u0119 ujawnia\u0142 na zewn\u0105trz.<\/p>\n<p>Uczniowie Jezusa nie tylko maj\u0105 sami posiada\u0107 wewn\u0119trzny pok\u00f3j, ale tym pokojem maj\u0105 obdarowywa\u0107 innych ludzi, tych, kt\u00f3rzy s\u0105 tego godni: \u201eje\u015bli tam mieszka cz\u0142owiek godny pokoju, wasz pok\u00f3j spocznie na nim\u201d .<\/p>\n<p>Jezus poleca r\u00f3wnie\u017c uczniom uzdrawia\u0107 chorych i g\u0142osi\u0107 kr\u00f3lestwo Bo\u017ce. Uzdrawianie to mo\u017ce polega\u0107 nie tylko na leczeniu cia\u0142a, ale tak\u017ce duszy. Dlatego ka\u017cdy z nas ma moc uzdrowi\u0107 bli\u017aniego, kt\u00f3ry jest smutny, przez pocieszenie. Mo\u017cemy uzdrowi\u0107 cz\u0142owieka zdenerwowanego, umo\u017cliwiaj\u0105c mu wyciszenie si\u0119 itp. Opr\u00f3cz uzdrawiania \u2013 leczenia z\u0142a w bli\u017anich \u2013 powinni\u015bmy g\u0142osi\u0107 kr\u00f3lestwo Bo\u017ce.<\/p>\n<p>Trzeba to robi\u0107 nie tylko s\u0142owem, ale nade wszystko czynem. Dlatego tak wa\u017cne jest \u015bwiadectwo naszej postawy. Nie mo\u017cemy innych gorszy\u0107, cho\u0107by naszym zachowaniem na urlopie. Zdarza si\u0119 bowiem, \u017ce mieszka\u0144cy uzdrowisk m\u00f3wi\u0105 o wczasowiczach jak o, przepraszam za wyra\u017cenie, mot\u0142ochu z miasta. A dlaczego? Dlatego, \u017ce zachowanie urlopowicz\u00f3w jest poni\u017cej godno\u015bci cz\u0142owieka.<\/p>\n<p>\u015awi\u0119ty Pawe\u0142 w Li\u015bcie do Galat\u00f3w wyra\u017anie o tym m\u00f3wi. Mamy\u00a0si\u0119\u00a0chlubi\u0107 nie nasz\u0105 wolno\u015bci\u0105, ale mamy mie\u0107 rado\u015b\u0107 w Jezusie. Tak, czyli z Bogiem, dobry i m\u0105dry cz\u0142owiek sp\u0119dza sw\u00f3j czas, r\u00f3wnie\u017c ten wolny od wi\u0119kszo\u015bci obowi\u0105zk\u00f3w. B\u00f3g daje odpoczynek, daje pok\u00f3j i si\u0142y do kolejnego etapu \u017cycia.<\/p>\n<p>Nie mo\u017cna bowiem mie\u0107 wakacji od Boga, od religii, od Ko\u015bcio\u0142a! Zdarza si\u0119 niekiedy, i to nawet w religijnych rodzinach, \u017ce ludzie bior\u0105 sobie urlop od Boga! Zapami\u0119tajmy mo\u017ce tylko to jedno, \u017ce od Boga nie ma wakacji.<\/p>\n","protected":false},"excerpt":{"rendered":"<p>Miesi\u0105c lipiec rozpoczyna wakacje i okres urlop\u00f3w. Wielu spo\u015br\u00f3d nas wyjecha\u0142o nad morze, inni w g\u00f3ry, jeszcze inni do rodziny czy znajomych. Niekt\u00f3rzy zapewne letni wypoczynek maj\u0105 jeszcze przed sob\u0105. Policja stale prosi podr\u00f3\u017cnych o ostro\u017cn\u0105 jazd\u0119 i przestrzeganie przepis\u00f3w drogowych. Sami zapewne zauwa\u017cyli\u015bmy mniejsz\u0105 liczb\u0119 ludzi w naszych miastach, a wi\u0119ksz\u0105 w miejscowo\u015bciach wypoczynkowych. Tak dzieje si\u0119 ka\u017cdego roku. Cz\u0142owiek musi odpocz\u0105\u0107 po swojej mozolnej i pe\u0142nej napi\u0119cia pracy. Jest w tym podobny do Boga, kt\u00f3ry\u00a0si\u00f3dmego\u00a0dnia, po sko\u0144czeniu dzie\u0142a stwarzania, nie pracowa\u0142. Czego pragnie dzisiejszy cz\u0142owiek? Dlaczego wyje\u017cd\u017ca na wakacje? Przede wszystkim chce odpocz\u0105\u0107 od zgie\u0142ku i p\u0119du codzienno\u015bci. Pragnie odetchn\u0105\u0107, zatrzyma\u0107 si\u0119, uspokoi\u0107, wyciszy\u0107. Dzi\u015b w\u0142a\u015bciwie ka\u017cdy z nas \u017cyje w nieustannym zabieganiu, stresie i napi\u0119ciu. Wyje\u017cd\u017camy na urlop, by\u00a0cho\u0107 na chwil\u0119\u00a0zapomnie\u0107 o k\u0142opotach w pracy i problemach dnia codziennego. Cz\u0142owiek, by si\u0119 zrelaksowa\u0107 i nabra\u0107 nowych si\u0142, potrzebuje spokoju i ciszy. Cz\u0142owiek wraca nie tylko do samego&hellip;<\/p>\n<p> <a class=\"more-link\" href=\"http:\/\/www.franciszek-walcz.pl\/?p=20907\">Czytaj dalej<\/a><\/p>\n","protected":false},"author":1,"featured_media":0,"comment_status":"closed","ping_status":"closed","sticky":false,"template":"","format":"standard","meta":{"footnotes":""},"categories":[5],"tags":[],"class_list":{"0":"post-20907","1":"post","2":"type-post","3":"status-publish","4":"format-standard","6":"category-artykuly"},"brizy_media":[],"_links":{"self":[{"href":"http:\/\/www.franciszek-walcz.pl\/index.php?rest_route=\/wp\/v2\/posts\/20907","targetHints":{"allow":["GET"]}}],"collection":[{"href":"http:\/\/www.franciszek-walcz.pl\/index.php?rest_route=\/wp\/v2\/posts"}],"about":[{"href":"http:\/\/www.franciszek-walcz.pl\/index.php?rest_route=\/wp\/v2\/types\/post"}],"author":[{"embeddable":true,"href":"http:\/\/www.franciszek-walcz.pl\/index.php?rest_route=\/wp\/v2\/users\/1"}],"replies":[{"embeddable":true,"href":"http:\/\/www.franciszek-walcz.pl\/index.php?rest_route=%2Fwp%2Fv2%2Fcomments&post=20907"}],"version-history":[{"count":1,"href":"http:\/\/www.franciszek-walcz.pl\/index.php?rest_route=\/wp\/v2\/posts\/20907\/revisions"}],"predecessor-version":[{"id":20908,"href":"http:\/\/www.franciszek-walcz.pl\/index.php?rest_route=\/wp\/v2\/posts\/20907\/revisions\/20908"}],"wp:attachment":[{"href":"http:\/\/www.franciszek-walcz.pl\/index.php?rest_route=%2Fwp%2Fv2%2Fmedia&parent=20907"}],"wp:term":[{"taxonomy":"category","embeddable":true,"href":"http:\/\/www.franciszek-walcz.pl\/index.php?rest_route=%2Fwp%2Fv2%2Fcategories&post=20907"},{"taxonomy":"post_tag","embeddable":true,"href":"http:\/\/www.franciszek-walcz.pl\/index.php?rest_route=%2Fwp%2Fv2%2Ftags&post=20907"}],"curies":[{"name":"wp","href":"https:\/\/api.w.org\/{rel}","templated":true}]}}